{"id":26719,"date":"2025-05-10T20:02:51","date_gmt":"2025-05-11T00:02:51","guid":{"rendered":"https:\/\/noticiasveraces.com\/?p=26719"},"modified":"2025-05-10T20:02:51","modified_gmt":"2025-05-11T00:02:51","slug":"el-papa-leon-xiv-visito-la-tumba-de-francisco-dw-10-05-2025","status":"publish","type":"post","link":"https:\/\/noticiasveraces.com\/?p=26719","title":{"rendered":"El papa Le\u00f3n XIV visit\u00f3 la tumba de Francisco \u2013 DW \u2013 10\/05\/2025"},"content":{"rendered":"<p> \n<\/p>\n<div>\n<p>El papa Le\u00f3n XIV acudi\u00f3 este s\u00e1bado (10.05.2025) a rezar ante la tumba de Francisco, su antecesor, poco despu\u00e9s de visitar por sorpresa el santuario agustino de la Virgen del Buen Consejo en Genazzano, en las afueras de Roma, en su primera salida desde que fue elegido tras dos d\u00edas de c\u00f3nclave.<\/p>\n<p>El pont\u00edfice, muy cercano a Francisco, acudi\u00f3 a la bas\u00edlica romana de Santa Mar\u00eda la Mayor, donde est\u00e1 enterrado Jorge Bergoglio por su expreso deseo, para rezar en privado ante su tumba, seg\u00fan medios locales.<\/p>\n<p>Le\u00f3n XIV fue recibido con aplausos y gritos de &#8216;Viva el papa&#8217; de los presentes en el templo antes de arrodillarse y rezar en silencio ante la tumba de Francisco, fallecido el pasado 21 de abril a los 88 a\u00f1os<\/p>\n<p> A su regreso de Genazzano, el veh\u00edculo en el que viajaba el papa entr\u00f3 en el recinto de la bas\u00edlica a trav\u00e9s de una entrada lateral y despu\u00e9s Robert Prevost se desplaz\u00f3 al interior, donde una banda toc\u00f3 el himno pontificio, seg\u00fan las mismas fuentes.<\/p>\n<p>La visita de Le\u00f3n XIV a la tumba de Francisco se produce despu\u00e9s de que esta ma\u00f1ana, en un encuentro con los cardenales que le eligieron el pasado jueves como nuevo pont\u00edfice, les instase a seguir la \u00abvaliosa herencia\u00bb de Francisco y subrayase la importancia del \u00abcuidado amoroso de los d\u00e9biles\u00bb y el di\u00e1logo \u00abvaliente\u00bb.<\/p>\n<p><strong>Ovacionado en Genazzano<\/strong><\/p>\n<p>Tras la reuni\u00f3n con los cardenales, el papa visit\u00f3 el santuario agustino de la Virgen del Buen Consejo en Genazzano, donde fue ovacionado por cientos de personas que se mostraron muy \u00abemocionados\u00bb.<\/p>\n<p>El pont\u00edfice lleg\u00f3 poco despu\u00e9s de las 16.00 hora local (14.00 GMT) para \u00abuna visita privada\u00bb al santuario, que est\u00e1 \u00abregentado por los religiosos de la Orden de San Agust\u00edn\u00bb y \u00abalberga una antigua imagen de la Virgen, querida por la Orden y por la memoria de Le\u00f3n XIII\u00bb, indic\u00f3 la oficina de prensa de la Santa Sede.<\/p>\n<p>\u00abTras la festiva acogida por parte de varios cientos de personas reunidas en la plaza frente al santuario, el papa entr\u00f3 en la iglesia, donde salud\u00f3 a los religiosos y se detuvo a rezar, primero delante del altar y luego de la imagen de la Virgen, donde con los presentes recit\u00f3 la oraci\u00f3n de Juan Pablo II a la Madre del Buen Consejo\u00bb, se a\u00f1ade en una nota.<\/p>\n<p>Despu\u00e9s de recitar el Ave Mar\u00eda y cantar la Salve Regina, Le\u00f3n XIV \u00abse dirigi\u00f3 a los presentes en la iglesia, salud\u00e1ndolos a ellos y a los genazzanos reunidos fuera\u00bb y les dedic\u00f3 estas palabras: \u00abHe deseado mucho venir aqu\u00ed en estos primeros d\u00edas del nuevo ministerio que la Iglesia me ha confiado, para llevar adelante esta misi\u00f3n como sucesor de Pedro\u201d.<\/p>\n<p>Tras recordar \u00abla visita realizada tras su elecci\u00f3n como Prior General de la Orden de San Agust\u00edn, y la elecci\u00f3n de &#8216;ofrecer la propia vida a la Iglesia&#8217;, el papa reiter\u00f3 su &#8216;confianza en la Madre del Buen Consejo&#8217;, compa\u00f1\u00eda de &#8216;luz, de sabidur\u00eda&#8217; con las palabras que Mar\u00eda dirigi\u00f3 a los sirvientes el d\u00eda de las bodas de Can\u00e1, narradas en el Evangelio de Juan: &#8216;Haced lo que \u00c9l os diga&#8217;.<\/p>\n<p>El papa mantuvo despu\u00e9s \u00abun encuentro privado\u00bb con la comunidad del santuario y luego desde la puerta de la bas\u00edlica salud\u00f3 y bendijo a todos los presentes, explic\u00f3 el Vaticano.<\/p>\n<p>No es la primera vez que Prevost visita al santuario, pues lo ha hecho despu\u00e9s de cada nombramiento importante, como cuando fue elegido prior de los agustinos, obispo, cardenal y papa.<\/p>\n<p>CT (EFE, AFP)<\/p>\n<\/div>\n\n","protected":false},"excerpt":{"rendered":"<p>El papa Le\u00f3n XIV acudi\u00f3 este s\u00e1bado (10.05.2025) a rezar ante la tumba de Francisco, su antecesor, poco despu\u00e9s de visitar por sorpresa el santuario agustino de la Virgen del Buen Consejo en Genazzano, en las afueras de Roma, en su primera salida desde que fue elegido tras dos d\u00edas de c\u00f3nclave. El pont\u00edfice, muy &hellip;<\/p>\n","protected":false},"author":1,"featured_media":26720,"comment_status":"open","ping_status":"open","sticky":false,"template":"","format":"standard","meta":{"fifu_image_url":"https:\/\/static.dw.com\/image\/72503893_6.jpg","fifu_image_alt":"","footnotes":""},"categories":[13],"tags":[],"class_list":["post-26719","post","type-post","status-publish","format-standard","has-post-thumbnail","","category-mundo"],"_links":{"self":[{"href":"https:\/\/noticiasveraces.com\/index.php?rest_route=\/wp\/v2\/posts\/26719","targetHints":{"allow":["GET"]}}],"collection":[{"href":"https:\/\/noticiasveraces.com\/index.php?rest_route=\/wp\/v2\/posts"}],"about":[{"href":"https:\/\/noticiasveraces.com\/index.php?rest_route=\/wp\/v2\/types\/post"}],"author":[{"embeddable":true,"href":"https:\/\/noticiasveraces.com\/index.php?rest_route=\/wp\/v2\/users\/1"}],"replies":[{"embeddable":true,"href":"https:\/\/noticiasveraces.com\/index.php?rest_route=%2Fwp%2Fv2%2Fcomments&post=26719"}],"version-history":[{"count":0,"href":"https:\/\/noticiasveraces.com\/index.php?rest_route=\/wp\/v2\/posts\/26719\/revisions"}],"wp:featuredmedia":[{"embeddable":true,"href":"https:\/\/noticiasveraces.com\/index.php?rest_route=\/wp\/v2\/media\/26720"}],"wp:attachment":[{"href":"https:\/\/noticiasveraces.com\/index.php?rest_route=%2Fwp%2Fv2%2Fmedia&parent=26719"}],"wp:term":[{"taxonomy":"category","embeddable":true,"href":"https:\/\/noticiasveraces.com\/index.php?rest_route=%2Fwp%2Fv2%2Fcategories&post=26719"},{"taxonomy":"post_tag","embeddable":true,"href":"https:\/\/noticiasveraces.com\/index.php?rest_route=%2Fwp%2Fv2%2Ftags&post=26719"}],"curies":[{"name":"wp","href":"https:\/\/api.w.org\/{rel}","templated":true}]}}