{"id":26714,"date":"2025-05-10T18:00:43","date_gmt":"2025-05-10T22:00:43","guid":{"rendered":"https:\/\/noticiasveraces.com\/?p=26714"},"modified":"2025-05-10T18:00:43","modified_gmt":"2025-05-10T22:00:43","slug":"el-papa-leo-xiv-insta-a-la-respuesta-catolica-a-los-peligros-de-la-inteligencia-artificial","status":"publish","type":"post","link":"https:\/\/noticiasveraces.com\/?p=26714","title":{"rendered":"El Papa Leo XIV insta a la respuesta cat\u00f3lica a los peligros de la inteligencia artificial"},"content":{"rendered":"<p> \n<\/p>\n<div>\n<p class=\"speakable\">En sus primeros comentarios oficiales como Papa, Leo XIV entreg\u00f3 un poderoso mensaje al Colegio de Cardenales el s\u00e1bado, advirtiendo que la inteligencia artificial (IA) presenta nuevos riesgos para la dignidad humana. Llam\u00f3 a la Iglesia Cat\u00f3lica que intente y responda a estos desaf\u00edos con claridad moral y acci\u00f3n audaz.<\/p>\n<p class=\"speakable\">Hablando en el nuevo Synod Hall, el Papa dijo que la Iglesia Cat\u00f3lica se ha enfrentado a momentos similares antes. <\/p>\n<p>Compar\u00f3 el r\u00e1pido cambio tecnol\u00f3gico de IA de hoy con la agitaci\u00f3n de la revoluci\u00f3n industrial del siglo XIX, diciendo que la iglesia debe defender nuevamente a los trabajadores y promover la justicia.<\/p>\n<p>\u00abEl Papa Leo XIII, con la hist\u00f3rica enc\u00edclica Rerum Novarum, abord\u00f3 la cuesti\u00f3n social en el contexto de la primera gran revoluci\u00f3n industrial\u00bb, dijo el Papa Leo XIV. \u00abHoy, la iglesia ofrece todo su tesoro de ense\u00f1anza social en respuesta a otra revoluci\u00f3n industrial y los desarrollos de la inteligencia artificial\u00bb.<\/p>\n<p><strong>El cardenal Dolan describe al Papa XIV como &#8216;ciudadano del mundo&#8217;, construir\u00e1 puentes con Trump<\/strong><\/p>\n<div class=\"image-ct inline\">\n<div class=\"m\"><picture><source media=\"(max-width: 767px)\" srcset=\"https:\/\/a57.foxnews.com\/static.foxnews.com\/foxnews.com\/content\/uploads\/2025\/05\/343\/192\/ap25130425522571.jpg?ve=1&amp;tl=1, https:\/\/a57.foxnews.com\/static.foxnews.com\/foxnews.com\/content\/uploads\/2025\/05\/686\/384\/ap25130425522571.jpg?ve=1&amp;tl=1 2x\" height=\"192\" width=\"343\"><source media=\"(min-width: 768px) and (max-width: 1023px)\" srcset=\"https:\/\/a57.foxnews.com\/static.foxnews.com\/foxnews.com\/content\/uploads\/2025\/05\/672\/378\/ap25130425522571.jpg?ve=1&amp;tl=1, https:\/\/a57.foxnews.com\/static.foxnews.com\/foxnews.com\/content\/uploads\/2025\/05\/1344\/756\/ap25130425522571.jpg?ve=1&amp;tl=1 2x\" height=\"378\" width=\"672\"><source media=\"(min-width: 1024px) and (max-width: 1279px)\" srcset=\"https:\/\/a57.foxnews.com\/static.foxnews.com\/foxnews.com\/content\/uploads\/2025\/05\/931\/523\/ap25130425522571.jpg?ve=1&amp;tl=1, https:\/\/a57.foxnews.com\/static.foxnews.com\/foxnews.com\/content\/uploads\/2025\/05\/1862\/1046\/ap25130425522571.jpg?ve=1&amp;tl=1 2x\" height=\"523\" width=\"931\"><source media=\"(min-width: 1280px)\" srcset=\"https:\/\/a57.foxnews.com\/static.foxnews.com\/foxnews.com\/content\/uploads\/2025\/05\/720\/405\/ap25130425522571.jpg?ve=1&amp;tl=1, https:\/\/a57.foxnews.com\/static.foxnews.com\/foxnews.com\/content\/uploads\/2025\/05\/1440\/810\/ap25130425522571.jpg?ve=1&amp;tl=1 2x\" height=\"405\" width=\"720\"><img loading=\"lazy\" decoding=\"async\" src=\"https:\/\/a57.foxnews.com\/static.foxnews.com\/foxnews.com\/content\/uploads\/2025\/05\/1200\/675\/ap25130425522571.jpg?ve=1&amp;tl=1\" alt=\"El Papa Leo XIV se dirige al Colegio de Cardenales\" width=\"1200\" height=\"675\"\/><\/source><\/source><\/source><\/source><\/picture><\/div>\n<div class=\"info\">\n<div class=\"caption\">\n<p><span>El Papa Leo XIV se encuentra con el Colegio de Cardenales en el New Synod Hall en el Vaticano el s\u00e1bado.<\/span> <span>(Vaticano Media a trav\u00e9s de AP)<\/span><\/p>\n<\/div>\n<\/div>\n<\/div>\n<p>El Papa Leo XIV, ex cardenal Robert Francis Prevost, es el primer estadounidense en ser elegido Papa.<\/p>\n<p>Ex misionero y jefe del dicasterio para los obispos, habla ingl\u00e9s, espa\u00f1ol e italiano y fue ampliamente visto como una elecci\u00f3n unificadora despu\u00e9s de la muerte del Papa Francisco. Su decisi\u00f3n de tomar el nombre de \u00abLeo\u00bb conecta su misi\u00f3n con el enfoque del Papa Leo XIII en la justicia social.<\/p>\n<p>Bajo el Papa Francisco, el Vaticano ampli\u00f3 enormemente su alcance digital. Reestructur\u00f3 sus operaciones de medios, lanz\u00f3 esfuerzos populares en las redes sociales e introdujo pautas \u00e9ticas para la IA. El \u00abRoma llamado a la \u00e9tica de IA\u00bb es una iniciativa conjunta entre la iglesia y los l\u00edderes tecnol\u00f3gicos que promueven la transparencia en el desarrollo de la IA.<\/p>\n<p>El Papa Leo XIV dej\u00f3 en claro que continuar\u00eda este trabajo. En su discurso, describi\u00f3 a la IA como una fuerza poderosa que podr\u00eda remodelar el trabajo, la sociedad e incluso c\u00f3mo nos vemos a nosotros mismos. Hizo hincapi\u00e9 en que las personas, no las ganancias, deben permanecer en el centro.<\/p>\n<p><strong>El hermano del Papa Leo XIV reacciona a su elecci\u00f3n hist\u00f3rica: &#8216;No hay palabras&#8217;<\/strong><\/p>\n<div class=\"image-ct inline\">\n<div class=\"m\"><picture><source media=\"(max-width: 767px)\" srcset=\"https:\/\/a57.foxnews.com\/static.foxnews.com\/foxnews.com\/content\/uploads\/2025\/05\/343\/192\/ap25130454095059.jpg?ve=1&amp;tl=1, https:\/\/a57.foxnews.com\/static.foxnews.com\/foxnews.com\/content\/uploads\/2025\/05\/686\/384\/ap25130454095059.jpg?ve=1&amp;tl=1 2x\" height=\"192\" width=\"343\"><source media=\"(min-width: 768px) and (max-width: 1023px)\" srcset=\"https:\/\/a57.foxnews.com\/static.foxnews.com\/foxnews.com\/content\/uploads\/2025\/05\/672\/378\/ap25130454095059.jpg?ve=1&amp;tl=1, https:\/\/a57.foxnews.com\/static.foxnews.com\/foxnews.com\/content\/uploads\/2025\/05\/1344\/756\/ap25130454095059.jpg?ve=1&amp;tl=1 2x\" height=\"378\" width=\"672\"><source media=\"(min-width: 1024px) and (max-width: 1279px)\" srcset=\"https:\/\/a57.foxnews.com\/static.foxnews.com\/foxnews.com\/content\/uploads\/2025\/05\/931\/523\/ap25130454095059.jpg?ve=1&amp;tl=1, https:\/\/a57.foxnews.com\/static.foxnews.com\/foxnews.com\/content\/uploads\/2025\/05\/1862\/1046\/ap25130454095059.jpg?ve=1&amp;tl=1 2x\" height=\"523\" width=\"931\"><source media=\"(min-width: 1280px)\" srcset=\"https:\/\/a57.foxnews.com\/static.foxnews.com\/foxnews.com\/content\/uploads\/2025\/05\/720\/405\/ap25130454095059.jpg?ve=1&amp;tl=1, https:\/\/a57.foxnews.com\/static.foxnews.com\/foxnews.com\/content\/uploads\/2025\/05\/1440\/810\/ap25130454095059.jpg?ve=1&amp;tl=1 2x\" height=\"405\" width=\"720\"><img loading=\"lazy\" decoding=\"async\" src=\"https:\/\/a57.foxnews.com\/static.foxnews.com\/foxnews.com\/content\/uploads\/2025\/05\/1200\/675\/ap25130454095059.jpg?ve=1&amp;tl=1\" alt=\"El Papa Leo XIV se dirige al Colegio de Cardenales\" width=\"1200\" height=\"675\"\/><\/source><\/source><\/source><\/source><\/picture><\/div>\n<div class=\"info\">\n<div class=\"caption\">\n<p><span>El Papa Leo XIV se encuentra con el Colegio de Cardenales en el New Synod Hall en el Vaticano, el s\u00e1bado.<\/span> <span>(Vaticano Media a trav\u00e9s de AP)<\/span><\/p>\n<\/div>\n<\/div>\n<\/div>\n<p>\u00abEstos son principios del evangelio a trav\u00e9s de los cuales se ha revelado la cara misericordiosa del Padre y sigue siendo revelado en el Hombre Hecho del Hijo\u00bb, dijo. \u00abTomemos este precioso legado y continuemos en el viaje, inspirado en la misma esperanza que nace de la fe\u00bb.<\/p>\n<p>Tambi\u00e9n inst\u00f3 a los cat\u00f3licos a mantenerse basados \u200b\u200ben la oraci\u00f3n tranquila y el discernimiento en un mundo digital ruidoso. Cit\u00f3 las Escrituras para decir que Dios a menudo se escucha no en el trueno o el espect\u00e1culo, sino en \u00abel susurro de una suave brisa\u00bb o \u00abel sonido del silencio\u00bb.<\/p>\n<p>El Papa tambi\u00e9n reflexion\u00f3 sobre la reciente muerte del Papa Francisco. Llam\u00f3 al momento triste y lleno de la gracia de Dios. Describi\u00f3 la transici\u00f3n a un nuevo Papa como un \u00abevento pascual\u00bb, una especie de punto de inflexi\u00f3n espiritual, y agradeci\u00f3 a su predecesor por su vida de servicio.<\/p>\n<div class=\"image-ct inline\">\n<div class=\"m\"><picture><source media=\"(max-width: 767px)\" srcset=\"https:\/\/a57.foxnews.com\/static.foxnews.com\/foxnews.com\/content\/uploads\/2025\/05\/343\/192\/ap25130425298760.jpg?ve=1&amp;tl=1, https:\/\/a57.foxnews.com\/static.foxnews.com\/foxnews.com\/content\/uploads\/2025\/05\/686\/384\/ap25130425298760.jpg?ve=1&amp;tl=1 2x\" height=\"192\" width=\"343\"><source media=\"(min-width: 768px) and (max-width: 1023px)\" srcset=\"https:\/\/a57.foxnews.com\/static.foxnews.com\/foxnews.com\/content\/uploads\/2025\/05\/672\/378\/ap25130425298760.jpg?ve=1&amp;tl=1, https:\/\/a57.foxnews.com\/static.foxnews.com\/foxnews.com\/content\/uploads\/2025\/05\/1344\/756\/ap25130425298760.jpg?ve=1&amp;tl=1 2x\" height=\"378\" width=\"672\"><source media=\"(min-width: 1024px) and (max-width: 1279px)\" srcset=\"https:\/\/a57.foxnews.com\/static.foxnews.com\/foxnews.com\/content\/uploads\/2025\/05\/931\/523\/ap25130425298760.jpg?ve=1&amp;tl=1, https:\/\/a57.foxnews.com\/static.foxnews.com\/foxnews.com\/content\/uploads\/2025\/05\/1862\/1046\/ap25130425298760.jpg?ve=1&amp;tl=1 2x\" height=\"523\" width=\"931\"><source media=\"(min-width: 1280px)\" srcset=\"https:\/\/a57.foxnews.com\/static.foxnews.com\/foxnews.com\/content\/uploads\/2025\/05\/720\/405\/ap25130425298760.jpg?ve=1&amp;tl=1, https:\/\/a57.foxnews.com\/static.foxnews.com\/foxnews.com\/content\/uploads\/2025\/05\/1440\/810\/ap25130425298760.jpg?ve=1&amp;tl=1 2x\" height=\"405\" width=\"720\"><img loading=\"lazy\" decoding=\"async\" src=\"https:\/\/a57.foxnews.com\/static.foxnews.com\/foxnews.com\/content\/uploads\/2025\/05\/1200\/675\/ap25130425298760.jpg?ve=1&amp;tl=1\" alt=\"El Papa Leo XIV se encuentra con el Colegio de Cardenales\" width=\"1200\" height=\"675\"\/><\/source><\/source><\/source><\/source><\/picture><\/div>\n<div class=\"info\">\n<div class=\"caption\">\n<p><span>El Papa Leo XIV se encuentra con el Colegio de Cardenales en el New Synod Hall en el Vaticano el s\u00e1bado.<\/span> <span>(Vaticano Media a trav\u00e9s de AP)<\/span><\/p>\n<\/div>\n<\/div>\n<\/div>\n<p>\u00abMe gustar\u00eda que renov\u00e1ramos juntos hoy nuestro compromiso completo con el camino que la Iglesia Universal ha seguido durante d\u00e9cadas a ra\u00edz del Segundo Concilio del Vaticano\u00bb, dijo. Tambi\u00e9n alent\u00f3 m\u00e1s escucha, di\u00e1logo y cuidado de los pobres.<\/p>\n<p><strong>Haga clic aqu\u00ed para obtener la aplicaci\u00f3n Fox News<\/strong><\/p>\n<p>Como informaron los medios del Vaticano, los comentarios del Papa \u00abinvocaron una visi\u00f3n de una iglesia firmemente arraigada en la tradici\u00f3n pero dispuesta a cumplir con el futuro con coraje\u00bb, particularmente en su respuesta a las tecnolog\u00edas que est\u00e1n reformulando la identidad humana.<\/p>\n<p><i>Associated Press contribuy\u00f3 a este informe.<\/i><\/p>\n<p> <!----> <\/p>\n<div class=\"article-meta\">\n<div class=\"author-bio\">\n<p>Jasmine es escritor de Fox News Digital y un c\u00f3nyuge militar con sede en Nueva Orleans. Las historias se pueden enviar a jasmine.baehr@fox.com<\/p>\n<\/div>\n<\/div>\n<\/div>\n\n","protected":false},"excerpt":{"rendered":"<p>En sus primeros comentarios oficiales como Papa, Leo XIV entreg\u00f3 un poderoso mensaje al Colegio de Cardenales el s\u00e1bado, advirtiendo que la inteligencia artificial (IA) presenta nuevos riesgos para la dignidad humana. Llam\u00f3 a la Iglesia Cat\u00f3lica que intente y responda a estos desaf\u00edos con claridad moral y acci\u00f3n audaz. Hablando en el nuevo Synod &hellip;<\/p>\n","protected":false},"author":1,"featured_media":26716,"comment_status":"open","ping_status":"open","sticky":false,"template":"","format":"standard","meta":{"fifu_image_url":"https:\/\/static.foxnews.com\/foxnews.com\/content\/uploads\/2025\/05\/ap25130425522571.jpg","fifu_image_alt":"","footnotes":""},"categories":[13],"tags":[],"class_list":["post-26714","post","type-post","status-publish","format-standard","has-post-thumbnail","","category-mundo"],"_links":{"self":[{"href":"https:\/\/noticiasveraces.com\/index.php?rest_route=\/wp\/v2\/posts\/26714","targetHints":{"allow":["GET"]}}],"collection":[{"href":"https:\/\/noticiasveraces.com\/index.php?rest_route=\/wp\/v2\/posts"}],"about":[{"href":"https:\/\/noticiasveraces.com\/index.php?rest_route=\/wp\/v2\/types\/post"}],"author":[{"embeddable":true,"href":"https:\/\/noticiasveraces.com\/index.php?rest_route=\/wp\/v2\/users\/1"}],"replies":[{"embeddable":true,"href":"https:\/\/noticiasveraces.com\/index.php?rest_route=%2Fwp%2Fv2%2Fcomments&post=26714"}],"version-history":[{"count":0,"href":"https:\/\/noticiasveraces.com\/index.php?rest_route=\/wp\/v2\/posts\/26714\/revisions"}],"wp:featuredmedia":[{"embeddable":true,"href":"https:\/\/noticiasveraces.com\/index.php?rest_route=\/wp\/v2\/media\/26716"}],"wp:attachment":[{"href":"https:\/\/noticiasveraces.com\/index.php?rest_route=%2Fwp%2Fv2%2Fmedia&parent=26714"}],"wp:term":[{"taxonomy":"category","embeddable":true,"href":"https:\/\/noticiasveraces.com\/index.php?rest_route=%2Fwp%2Fv2%2Fcategories&post=26714"},{"taxonomy":"post_tag","embeddable":true,"href":"https:\/\/noticiasveraces.com\/index.php?rest_route=%2Fwp%2Fv2%2Ftags&post=26714"}],"curies":[{"name":"wp","href":"https:\/\/api.w.org\/{rel}","templated":true}]}}