{"id":26705,"date":"2025-05-10T17:00:13","date_gmt":"2025-05-10T21:00:13","guid":{"rendered":"https:\/\/noticiasveraces.com\/?p=26705"},"modified":"2025-05-10T17:00:13","modified_gmt":"2025-05-10T21:00:13","slug":"ex-asesores-de-campana-de-trump-back-berisha-en-las-elecciones-albanesas-contra-el-primer-ministro-rama","status":"publish","type":"post","link":"https:\/\/noticiasveraces.com\/?p=26705","title":{"rendered":"Ex asesores de campa\u00f1a de Trump Back Berisha en las elecciones albanesas contra el primer ministro Rama"},"content":{"rendered":"<p> \n<\/p>\n<div>\n<p class=\"speakable\">Los ex asesores de campa\u00f1a del presidente Donald Trump est\u00e1n trabajando en una nueva campa\u00f1a en los Balcanes, con la esperanza de inclinar la balanza para el l\u00edder del Partido Dem\u00f3crata de la derecha Sali Berisha, quien se enfrenta a la muy favorecida l\u00edder del Partido Socialista y el primer ministro Edi Rama en las elecciones parlamentarias del domingo.<\/p>\n<p class=\"speakable\">El ex gerente de campa\u00f1a de Trump, Chris Lacivita, el gerente de campa\u00f1a de Trump 2016, Paul Manafort, y el estratega y encuestador Tony Fabrizio completan el equipo que respalda a Berisha, seg\u00fan Associated Press. Lacivita ha comparado a Trump y Berisha, diciendo que ambos son \u00abinjustamente procesados \u200b\u200by perseguidos por un gobierno que no tiene en cuenta la democracia\u00bb. <\/p>\n<p>Cuando Cim Peka de Syri TV le pregunt\u00f3 por qu\u00e9 las elecciones albanesas es importante para el mundo, Lacivita dijo que \u00abuna de las cosas que muchos de nosotros sabemos en los Estados Unidos es que la familia Soros es muy activa en la pol\u00edtica en todo el mundo, y no es solo una pol\u00edtica regular, es una pol\u00edtica desestabilizadora\u00bb. Lacivita dijo que la familia prospera \u00aben un entorno donde los gobiernos son inseguros y encontraron el hogar perfecto desafortunadamente en Albania, y encontraron el primer ministro perfecto en Edi Rama\u00bb.<\/p>\n<p><strong>Soros v Trump &#8211; Los socialistas apuntan a los conservadores en la pr\u00f3xima elecci\u00f3n de la naci\u00f3n europea<\/strong><\/p>\n<div class=\"image-ct inline\">\n<div class=\"m\"><picture><source media=\"(max-width: 767px)\" srcset=\"https:\/\/a57.foxnews.com\/static.foxnews.com\/foxnews.com\/content\/uploads\/2025\/05\/343\/192\/lacavitia-berisha-scaled.jpg?ve=1&amp;tl=1, https:\/\/a57.foxnews.com\/static.foxnews.com\/foxnews.com\/content\/uploads\/2025\/05\/686\/384\/lacavitia-berisha-scaled.jpg?ve=1&amp;tl=1 2x\" height=\"192\" width=\"343\"><source media=\"(min-width: 768px) and (max-width: 1023px)\" srcset=\"https:\/\/a57.foxnews.com\/static.foxnews.com\/foxnews.com\/content\/uploads\/2025\/05\/672\/378\/lacavitia-berisha-scaled.jpg?ve=1&amp;tl=1, https:\/\/a57.foxnews.com\/static.foxnews.com\/foxnews.com\/content\/uploads\/2025\/05\/1344\/756\/lacavitia-berisha-scaled.jpg?ve=1&amp;tl=1 2x\" height=\"378\" width=\"672\"><source media=\"(min-width: 1024px) and (max-width: 1279px)\" srcset=\"https:\/\/a57.foxnews.com\/static.foxnews.com\/foxnews.com\/content\/uploads\/2025\/05\/931\/523\/lacavitia-berisha-scaled.jpg?ve=1&amp;tl=1, https:\/\/a57.foxnews.com\/static.foxnews.com\/foxnews.com\/content\/uploads\/2025\/05\/1862\/1046\/lacavitia-berisha-scaled.jpg?ve=1&amp;tl=1 2x\" height=\"523\" width=\"931\"><source media=\"(min-width: 1280px)\" srcset=\"https:\/\/a57.foxnews.com\/static.foxnews.com\/foxnews.com\/content\/uploads\/2025\/05\/720\/405\/lacavitia-berisha-scaled.jpg?ve=1&amp;tl=1, https:\/\/a57.foxnews.com\/static.foxnews.com\/foxnews.com\/content\/uploads\/2025\/05\/1440\/810\/lacavitia-berisha-scaled.jpg?ve=1&amp;tl=1 2x\" height=\"405\" width=\"720\"><img loading=\"lazy\" decoding=\"async\" src=\"https:\/\/a57.foxnews.com\/static.foxnews.com\/foxnews.com\/content\/uploads\/2025\/05\/1200\/675\/lacavitia-berisha-scaled.jpg?ve=1&amp;tl=1\" alt=\"Chris Lacivita, quien se desempe\u00f1\u00f3 como gerente de co-campa\u00f1a de la exitosa campa\u00f1a presidencial de 2024 de Donald Trump, se da la mano de Sali Berisha, l\u00edder del principal partido dem\u00f3crata de la oposici\u00f3n de la oposici\u00f3n de Albania que est\u00e1 consultando para las pr\u00f3ximas elecciones parlamentarias del 11 de mayo, en Tirana, Albania, 10 de febrero de 2025. \" width=\"1200\" height=\"675\"\/><\/source><\/source><\/source><\/source><\/picture><\/div>\n<div class=\"info\">\n<div class=\"caption\">\n<p><span>Chris Lacivita, quien se desempe\u00f1\u00f3 como gerente de co-campa\u00f1a de la exitosa campa\u00f1a presidencial de 2024 de Donald Trump, se da la mano de Sali Berisha, l\u00edder del principal partido dem\u00f3crata de la oposici\u00f3n de la oposici\u00f3n de Albania que est\u00e1 consultando para las pr\u00f3ximas elecciones parlamentarias del 11 de mayo, en Tirana, Albania, 10 de febrero de 2025. <\/span> <span>(Foto AP)<\/span><\/p>\n<\/div>\n<\/div>\n<\/div>\n<p>El socialista Rama espera ganar un cuarto mandato consecutivo como primer ministro en las elecciones del domingo con la promesa de traer a Albania a la Uni\u00f3n Europea, mientras que el pa\u00eds a\u00fan enfrenta grandes problemas de injerto y corrupci\u00f3n.<\/p>\n<p>Lacivita explic\u00f3 que llamar a la participaci\u00f3n de Soros era importante \u00abporque tiene un impacto en el futuro de Albania\u00bb. Dijo que la campa\u00f1a de Berisha es \u00absobre el pueblo alban\u00e9s\u00bb, explicando que su \u00abmayor deseo es poder trabajar, vivir y criar una familia y tener un futuro y, por lo tanto, en cualquier momento que hay individuos o que hay organizaciones que quieran crear una atm\u00f3sfera que dificulten, para m\u00ed, para m\u00ed, son los enemigos reales y esas son las personas que las campa\u00f1as de las campa\u00f1as para derrotar realmente\u00bb. <\/p>\n<p>Las fundaciones abiertas de George y Alex Soros han estado muy involucradas en los Balcanes y ha invertido m\u00e1s de $ 131 millones en Albania en un per\u00edodo de 18 a\u00f1os.   <\/p>\n<p>Las solicitudes enviadas a representantes de la Sociedad Abierta de Soros no fueron devueltas por el momento de la publicaci\u00f3n. <\/p>\n<p>Cuando Fox News Digital habl\u00f3 con Berisha en abril sobre los impedimentos que enfrent\u00f3 en las elecciones del 11 de mayo, nombr\u00f3 las sanciones impuestas en su contra por la administraci\u00f3n Biden por acusaciones de corrupci\u00f3n en 2021. \u00abNo puedo reunirme con los estadounidenses albaneses, que son tan numerosos, y en esta elecci\u00f3n, por primera vez, tienen el derecho de votar por el partido y candidatos en su pa\u00eds de origen,\u00bb Berishia explic\u00f3 \u00ab.<\/p>\n<p><strong>ESMOSTROS DE ALBANIA TIKTOK BAN en medio de preocupaciones de violencia juvenil<\/strong><\/p>\n<div class=\"image-ct inline\">\n<div class=\"m\"><picture><source media=\"(max-width: 767px)\" srcset=\"https:\/\/a57.foxnews.com\/static.foxnews.com\/foxnews.com\/content\/uploads\/2025\/05\/343\/192\/albania-election-scaled.jpg?ve=1&amp;tl=1, https:\/\/a57.foxnews.com\/static.foxnews.com\/foxnews.com\/content\/uploads\/2025\/05\/686\/384\/albania-election-scaled.jpg?ve=1&amp;tl=1 2x\" height=\"192\" width=\"343\"><source media=\"(min-width: 768px) and (max-width: 1023px)\" srcset=\"https:\/\/a57.foxnews.com\/static.foxnews.com\/foxnews.com\/content\/uploads\/2025\/05\/672\/378\/albania-election-scaled.jpg?ve=1&amp;tl=1, https:\/\/a57.foxnews.com\/static.foxnews.com\/foxnews.com\/content\/uploads\/2025\/05\/1344\/756\/albania-election-scaled.jpg?ve=1&amp;tl=1 2x\" height=\"378\" width=\"672\"><source media=\"(min-width: 1024px) and (max-width: 1279px)\" srcset=\"https:\/\/a57.foxnews.com\/static.foxnews.com\/foxnews.com\/content\/uploads\/2025\/05\/931\/523\/albania-election-scaled.jpg?ve=1&amp;tl=1, https:\/\/a57.foxnews.com\/static.foxnews.com\/foxnews.com\/content\/uploads\/2025\/05\/1862\/1046\/albania-election-scaled.jpg?ve=1&amp;tl=1 2x\" height=\"523\" width=\"931\"><source media=\"(min-width: 1280px)\" srcset=\"https:\/\/a57.foxnews.com\/static.foxnews.com\/foxnews.com\/content\/uploads\/2025\/05\/720\/405\/albania-election-scaled.jpg?ve=1&amp;tl=1, https:\/\/a57.foxnews.com\/static.foxnews.com\/foxnews.com\/content\/uploads\/2025\/05\/1440\/810\/albania-election-scaled.jpg?ve=1&amp;tl=1 2x\" height=\"405\" width=\"720\"><img loading=\"lazy\" decoding=\"async\" src=\"https:\/\/a57.foxnews.com\/static.foxnews.com\/foxnews.com\/content\/uploads\/2025\/05\/1200\/675\/albania-election-scaled.jpg?ve=1&amp;tl=1\" alt=\"El primer ministro de Albania, Edi Rama, centro, aplaude durante su concentraci\u00f3n principal de campa\u00f1a electoral en Tirana, Albania, el viernes 9 de mayo de 2025, mientras su gobernante Partido Socialista (PS) busca un cuarto mandato.\" width=\"1200\" height=\"675\"\/><\/source><\/source><\/source><\/source><\/picture><\/div>\n<div class=\"info\">\n<div class=\"caption\">\n<p><span>El primer ministro de Albania, Edi Rama, centro, aplaude durante su concentraci\u00f3n principal de campa\u00f1a electoral en Tirana, Albania, el viernes 9 de mayo de 2025, mientras su gobernante Partido Socialista (PS) busca un cuarto mandato.<\/span> <span>(AP Photo\/Hair Sulaj)<\/span><\/p>\n<\/div>\n<\/div>\n<\/div>\n<p>Hasta la fecha, parece que no hay movimiento en las sanciones contra Berisha. En abril, el Departamento de Estado no respondi\u00f3 a las preguntas de Fox News Digital sobre si considerar\u00eda levantar las sanciones contra Berisha y si las sanciones establecidas impidieron elecciones libres y justas en Albania. Un portavoz dijo a Fox News Digital Jueves que \u00abel departamento no tiene nada que informar sobre esta designaci\u00f3n en este momento\u00bb.<\/p>\n<p>La carrera de Berisha ha sido tensa por otras complicaciones, incluso haber sido despojada de su inmunidad legal en diciembre de 2023 y celebrada bajo el arresto domiciliario hasta noviembre de 2024. Berisha actualmente est\u00e1 esperando el juicio por cargos de corrupci\u00f3n. <\/p>\n<p>Berisha le dijo a Fox News Digital que los cargos eran el producto de la ley que Rama y Soros fueron nivelados en su contra por Rama y Soros.<\/p>\n<p>Berisha no es el \u00fanico candidato de oposici\u00f3n que ha enfrentado cargos en el per\u00edodo previo a las elecciones. El ex presidente alban\u00e9s Ilir Meta tambi\u00e9n fue arrestado por acusaciones de corrupci\u00f3n en octubre de 2024.<\/p>\n<p><strong>Los albaneses se unen por miles en contra del gobierno socialista gobernante<\/strong><\/p>\n<div class=\"image-ct inline\">\n<div class=\"m\"><picture><source media=\"(max-width: 767px)\" srcset=\"https:\/\/a57.foxnews.com\/static.foxnews.com\/foxnews.com\/content\/uploads\/2025\/04\/343\/192\/beresha-trump-albania-scaled.jpg?ve=1&amp;tl=1, https:\/\/a57.foxnews.com\/static.foxnews.com\/foxnews.com\/content\/uploads\/2025\/04\/686\/384\/beresha-trump-albania-scaled.jpg?ve=1&amp;tl=1 2x\" height=\"192\" width=\"343\"><source media=\"(min-width: 768px) and (max-width: 1023px)\" srcset=\"https:\/\/a57.foxnews.com\/static.foxnews.com\/foxnews.com\/content\/uploads\/2025\/04\/672\/378\/beresha-trump-albania-scaled.jpg?ve=1&amp;tl=1, https:\/\/a57.foxnews.com\/static.foxnews.com\/foxnews.com\/content\/uploads\/2025\/04\/1344\/756\/beresha-trump-albania-scaled.jpg?ve=1&amp;tl=1 2x\" height=\"378\" width=\"672\"><source media=\"(min-width: 1024px) and (max-width: 1279px)\" srcset=\"https:\/\/a57.foxnews.com\/static.foxnews.com\/foxnews.com\/content\/uploads\/2025\/04\/931\/523\/beresha-trump-albania-scaled.jpg?ve=1&amp;tl=1, https:\/\/a57.foxnews.com\/static.foxnews.com\/foxnews.com\/content\/uploads\/2025\/04\/1862\/1046\/beresha-trump-albania-scaled.jpg?ve=1&amp;tl=1 2x\" height=\"523\" width=\"931\"><source media=\"(min-width: 1280px)\" srcset=\"https:\/\/a57.foxnews.com\/static.foxnews.com\/foxnews.com\/content\/uploads\/2025\/04\/720\/405\/beresha-trump-albania-scaled.jpg?ve=1&amp;tl=1, https:\/\/a57.foxnews.com\/static.foxnews.com\/foxnews.com\/content\/uploads\/2025\/04\/1440\/810\/beresha-trump-albania-scaled.jpg?ve=1&amp;tl=1 2x\" height=\"405\" width=\"720\"><img loading=\"lazy\" decoding=\"async\" src=\"https:\/\/a57.foxnews.com\/static.foxnews.com\/foxnews.com\/content\/uploads\/2025\/04\/1200\/675\/beresha-trump-albania-scaled.jpg?ve=1&amp;tl=1\" alt=\"Berisha Trump\" width=\"1200\" height=\"675\"\/><\/source><\/source><\/source><\/source><\/picture><\/div>\n<div class=\"info\">\n<div class=\"caption\">\n<p><span>Los partidarios de la oposici\u00f3n alban\u00e9s poseen un cartel que muestra al presidente estadounidense Donald Trump (C) y al l\u00edder de la oposici\u00f3n alban\u00e9s Sali Berisha (CR) durante una protesta antigubernamental frente a la oficina del Primer Ministro en Tirana el 8 de febrero de 2025. <\/span> <span>(Foto de Adnan Beci\/AFP a trav\u00e9s de Getty Images)<\/span><\/p>\n<\/div>\n<\/div>\n<\/div>\n<p>Former Albanian Ambassador to the United States and the United Nations Agim Nesho told Fox News Digital that \u00abMay 11 elections are unfolding under intense pressure from the ruling Socialist Party, which has clung to power for over 12 years. The regime stands accused of jailing opposition leaders on fabricated charges, weaponizing state institutions, and silencing dissent in a country where citizens are increasingly afraid to speak freely.\u00bb<\/p>\n<p>Nesho afirm\u00f3 que \u00abal pueblo alban\u00e9s se les niega los derechos democr\u00e1ticos b\u00e1sicos para organizarse, votar y oponerse al gobierno sin temor. Este sistema de represi\u00f3n, seg\u00fan los cr\u00edticos, es apoyado, ya sea t\u00e1citamente o directamente, por los elementos de la administraci\u00f3n de la administraci\u00f3n de la Bid y los actores globales como Alex Soros, que han trabajado para reducir la oposici\u00f3n y prevenir las elecciones libres y justas, al igual que las persecuciones pol\u00edticas vistas en los Estados Unidos vistos en los Estados Unidos contra los Estados Unidos contra los Estados Unidos.<\/p>\n<p>Diciendo que la \u00abelecci\u00f3n podr\u00eda marcar un punto de inflexi\u00f3n\u00bb, como \u00abun verdadero movimiento de base est\u00e1 aumentando, listo para desafiar la corrupci\u00f3n estatal y restaurar el camino de Albania hacia la libertad, el desarrollo y la autodeterminaci\u00f3n democr\u00e1tica\u00bb, Nesho llam\u00f3 \u00aba la administraci\u00f3n Trump para monitorear de cerca estas elecciones y enviar un mensaje claro a Tirana: Am\u00e9rica est\u00e1 observando\u00bb. <\/p>\n<p><strong>Haga clic aqu\u00ed para obtener la aplicaci\u00f3n Fox News<\/strong><\/p>\n<div class=\"image-ct inline\">\n<div class=\"m\"><picture><source media=\"(max-width: 767px)\" srcset=\"https:\/\/a57.foxnews.com\/static.foxnews.com\/foxnews.com\/content\/uploads\/2023\/05\/343\/192\/GettyImages-1232562873.jpg?ve=1&amp;tl=1, https:\/\/a57.foxnews.com\/static.foxnews.com\/foxnews.com\/content\/uploads\/2023\/05\/686\/384\/GettyImages-1232562873.jpg?ve=1&amp;tl=1 2x\" height=\"192\" width=\"343\"><source media=\"(min-width: 768px) and (max-width: 1023px)\" srcset=\"https:\/\/a57.foxnews.com\/static.foxnews.com\/foxnews.com\/content\/uploads\/2023\/05\/672\/378\/GettyImages-1232562873.jpg?ve=1&amp;tl=1, https:\/\/a57.foxnews.com\/static.foxnews.com\/foxnews.com\/content\/uploads\/2023\/05\/1344\/756\/GettyImages-1232562873.jpg?ve=1&amp;tl=1 2x\" height=\"378\" width=\"672\"><source media=\"(min-width: 1024px) and (max-width: 1279px)\" srcset=\"https:\/\/a57.foxnews.com\/static.foxnews.com\/foxnews.com\/content\/uploads\/2023\/05\/931\/523\/GettyImages-1232562873.jpg?ve=1&amp;tl=1, https:\/\/a57.foxnews.com\/static.foxnews.com\/foxnews.com\/content\/uploads\/2023\/05\/1862\/1046\/GettyImages-1232562873.jpg?ve=1&amp;tl=1 2x\" height=\"523\" width=\"931\"><source media=\"(min-width: 1280px)\" srcset=\"https:\/\/a57.foxnews.com\/static.foxnews.com\/foxnews.com\/content\/uploads\/2023\/05\/720\/405\/GettyImages-1232562873.jpg?ve=1&amp;tl=1, https:\/\/a57.foxnews.com\/static.foxnews.com\/foxnews.com\/content\/uploads\/2023\/05\/1440\/810\/GettyImages-1232562873.jpg?ve=1&amp;tl=1 2x\" height=\"405\" width=\"720\"><img loading=\"lazy\" decoding=\"async\" src=\"https:\/\/a57.foxnews.com\/static.foxnews.com\/foxnews.com\/content\/uploads\/2023\/05\/1200\/675\/GettyImages-1232562873.jpg?ve=1&amp;tl=1\" alt=\"Edi rama\" width=\"1200\" height=\"675\"\/><\/source><\/source><\/source><\/source><\/picture><\/div>\n<div class=\"info\">\n<div class=\"caption\">\n<p><span>El primer ministro de Albania, Edi Rama, saluda mientras se dirige a sus partidarios en la Plaza Central de Tirana, luego de su victoria en las elecciones del Partido Socialista el 27 de abril de 2021. El primer ministro alban\u00e9s, Edi Rama, dijo a los supuestos el 27 de abril de 2021, que hab\u00edan entregado la \u00abvictoria m\u00e1s dulce pero m\u00e1s dulce de las elecciones del partido socialista\u00bb, ya que se hab\u00eda sugerido que se hab\u00eda sugerido un tercer trimestre r\u00e9cord en el cargo. (Foto de Gent Shkullakuafp a trav\u00e9s de Getty Images)<\/span> <!----><\/p>\n<\/div>\n<\/div>\n<\/div>\n<p>Nesho dijo que \u00abEstados Unidos debe estar firmemente del lado de la democracia y el estado de derecho. El pueblo alban\u00e9s merece elecciones libres, no otro resultado manipulado aplicado a trav\u00e9s del miedo y el encarcelamiento pol\u00edtico\u00bb.<\/p>\n<p>Politico inform\u00f3 que, si bien el Partido Socialista de Rama parece estar por delante en las encuestas, el impacto a los albanianos que viven en el extranjero se les permite votar por primera vez, y la falta de confiabilidad en los datos de la votaci\u00f3n a\u00fan puede dejar espacio para que Berisha asegure la victoria y regrese al cargo como primer ministro. <\/p>\n<p> <\/p>\n<p> <!----> <\/p>\n<div class=\"article-meta\">\n<div class=\"author-bio\">\n<p>Beth Bailey es una reportera que cubre Afganist\u00e1n, Oriente Medio, Asia y Am\u00e9rica Central. Anteriormente fue analista de inteligencia civil del Departamento del Ej\u00e9rcito. Puedes seguir a Beth en Twitter @bwbailey85<\/p>\n<\/div>\n<\/div>\n<\/div>\n\n","protected":false},"excerpt":{"rendered":"<p>Los ex asesores de campa\u00f1a del presidente Donald Trump est\u00e1n trabajando en una nueva campa\u00f1a en los Balcanes, con la esperanza de inclinar la balanza para el l\u00edder del Partido Dem\u00f3crata de la derecha Sali Berisha, quien se enfrenta a la muy favorecida l\u00edder del Partido Socialista y el primer ministro Edi Rama en las &hellip;<\/p>\n","protected":false},"author":1,"featured_media":26707,"comment_status":"open","ping_status":"open","sticky":false,"template":"","format":"standard","meta":{"fifu_image_url":"https:\/\/static.foxnews.com\/foxnews.com\/content\/uploads\/2025\/04\/beresha-trump-albania-scaled.jpg","fifu_image_alt":"","footnotes":""},"categories":[13],"tags":[],"class_list":["post-26705","post","type-post","status-publish","format-standard","has-post-thumbnail","","category-mundo"],"_links":{"self":[{"href":"https:\/\/noticiasveraces.com\/index.php?rest_route=\/wp\/v2\/posts\/26705","targetHints":{"allow":["GET"]}}],"collection":[{"href":"https:\/\/noticiasveraces.com\/index.php?rest_route=\/wp\/v2\/posts"}],"about":[{"href":"https:\/\/noticiasveraces.com\/index.php?rest_route=\/wp\/v2\/types\/post"}],"author":[{"embeddable":true,"href":"https:\/\/noticiasveraces.com\/index.php?rest_route=\/wp\/v2\/users\/1"}],"replies":[{"embeddable":true,"href":"https:\/\/noticiasveraces.com\/index.php?rest_route=%2Fwp%2Fv2%2Fcomments&post=26705"}],"version-history":[{"count":0,"href":"https:\/\/noticiasveraces.com\/index.php?rest_route=\/wp\/v2\/posts\/26705\/revisions"}],"wp:featuredmedia":[{"embeddable":true,"href":"https:\/\/noticiasveraces.com\/index.php?rest_route=\/wp\/v2\/media\/26707"}],"wp:attachment":[{"href":"https:\/\/noticiasveraces.com\/index.php?rest_route=%2Fwp%2Fv2%2Fmedia&parent=26705"}],"wp:term":[{"taxonomy":"category","embeddable":true,"href":"https:\/\/noticiasveraces.com\/index.php?rest_route=%2Fwp%2Fv2%2Fcategories&post=26705"},{"taxonomy":"post_tag","embeddable":true,"href":"https:\/\/noticiasveraces.com\/index.php?rest_route=%2Fwp%2Fv2%2Ftags&post=26705"}],"curies":[{"name":"wp","href":"https:\/\/api.w.org\/{rel}","templated":true}]}}