{"id":26702,"date":"2025-05-10T16:43:23","date_gmt":"2025-05-10T20:43:23","guid":{"rendered":"https:\/\/noticiasveraces.com\/?p=26702"},"modified":"2025-05-10T16:43:23","modified_gmt":"2025-05-10T20:43:23","slug":"como-el-papa-leo-se-convirtio-en-una-querida-figura-peruana","status":"publish","type":"post","link":"https:\/\/noticiasveraces.com\/?p=26702","title":{"rendered":"C\u00f3mo el Papa Leo se convirti\u00f3 en una querida figura peruana"},"content":{"rendered":"<p> \n<br \/><img decoding=\"async\" src=\"https:\/\/media-cldnry.s-nbcnews.com\/image\/upload\/t_fit_1500w\/rockcms\/2025-05\/250510-chiclayo-ch-1406-79ed20.jpg\" \/><\/p>\n<div>\n<p class=\"body-graf\">CHICLYO, Per\u00fa &#8211; Walkiria Garc\u00eda ten\u00eda 14 a\u00f1os cuando hizo su confirmaci\u00f3n en la Iglesia Cat\u00f3lica, un sacramento religioso ya significativo hecho a\u00fan m\u00e1s inolvidable por el hombre que lo ofici\u00f3, Robert Prevost, quien una d\u00e9cada m\u00e1s tarde se convertir\u00eda en el Papa Leo XIV.<\/p>\n<p class=\"body-graf\">Para muchos peruanos, sin embargo, Leo es m\u00e1s que el primer Papa de los Estados Unidos, \u00e9l tambi\u00e9n es el primer Papa peruano.<\/p>\n<p class=\"body-graf\">El Papa Leo, nacido en el lado sur de Chicago, lleg\u00f3 por primera vez a Per\u00fa en 1985 como misionero. Durante 10 a\u00f1os, ense\u00f1\u00f3 la ley can\u00f3nica en Trujillo, sumergi\u00e9ndose en la cultura y la comunidad local.<\/p>\n<p class=\"body-graf\">Aunque regres\u00f3 a Chicago para liderar la orden agustiniana en el Medio Oeste, no pudo mantenerse alejado durante demasiado tiempo. En 2014, se mud\u00f3 a Chiclayo, Per\u00fa, donde se desempe\u00f1\u00f3 como administrador apost\u00f3lico, obispo y luego arzobispo. Incluso se convirti\u00f3 en un ciudadano peruano naturalizado en 2015.<\/p>\n<p class=\"body-graf\">Ahora, Garc\u00eda tiene un mensaje para el nuevo pont\u00edfice: \u00abNo cambies\u00bb.<\/p>\n<p class=\"body-graf\">Garc\u00eda, ahora de 24 a\u00f1os, recuerda su primer encuentro con Leo en su escuela agustiniana, diciendo que sent\u00eda que era m\u00e1s un amigo que una figura de autoridad.<\/p>\n<p class=\"body-graf\">Esto se debe a que Leo era \u00abdivertido\u00bb, y con frecuencia se lo vio jugando con los estudiantes adem\u00e1s de hablarles sobre temas religiosos.<\/p>\n<p class=\"body-graf\">Garc\u00eda dijo que el ex obispo comparti\u00f3 mensajes de amor y apertura con los estudiantes, en l\u00ednea con sus creencias agustinianas.<\/p>\n<p class=\"body-graf\">\u00abSiempre podemos regresar y siempre podemos cambiar nuestra vida\u00bb, dijo Garc\u00eda.<\/p>\n<p class=\"body-graf\">El profundo v\u00ednculo de Leo con los peruanos se basa en su abrazo de sus costumbres. Garc\u00eda recuerda con cari\u00f1o haberlo visto en festivales culturales, sirviendo comida y participando en tradiciones. \u00abEra peruano\u00bb, dijo Garc\u00eda.<\/p>\n<p class=\"body-graf\">En su primer discurso como Papa, Leo expres\u00f3 su gratitud a la gente de Chiclayo, destacando la influencia de la ciudad en su viaje.<\/p>\n<p class=\"body-graf\">Garc\u00eda se conect\u00f3 con Leo nuevamente en un encuentro casual durante un vuelo de 2021, donde recordaron su confirmaci\u00f3n y sus d\u00edas escolares.<\/p>\n<p class=\"body-graf\">Garc\u00eda espera que Leo \u00absiga el mensaje de Francis\u00bb, contin\u00fae \u00abamando a todas las personas\u00bb y abrazando a los miembros de la comunidad LGBTQ. A ella le gustar\u00eda verlo continuar su trabajo con ni\u00f1os y adultos j\u00f3venes, tal como lo hizo en Chiclayo.<\/p>\n<p class=\"body-graf\">\u00ab\u00c9l es nuestro primer papa peruano\u00bb, dijo Garc\u00eda.<\/p>\n<p class=\"endmark body-graf\"><em>Stephanie Gosk inform\u00f3 desde Chiclayo, Per\u00fa,<\/em><strong><em> <\/em><\/strong><em>y Viola Flowers inform\u00f3 desde la ciudad de Nueva York.<\/em><\/p>\n<\/div>\n\n","protected":false},"excerpt":{"rendered":"<p>CHICLYO, Per\u00fa &#8211; Walkiria Garc\u00eda ten\u00eda 14 a\u00f1os cuando hizo su confirmaci\u00f3n en la Iglesia Cat\u00f3lica, un sacramento religioso ya significativo hecho a\u00fan m\u00e1s inolvidable por el hombre que lo ofici\u00f3, Robert Prevost, quien una d\u00e9cada m\u00e1s tarde se convertir\u00eda en el Papa Leo XIV. Para muchos peruanos, sin embargo, Leo es m\u00e1s que el &hellip;<\/p>\n","protected":false},"author":1,"featured_media":26704,"comment_status":"open","ping_status":"open","sticky":false,"template":"","format":"standard","meta":{"fifu_image_url":"https:\/\/media-cldnry.s-nbcnews.com\/image\/upload\/t_nbcnews-fp-1200-630,f_auto,q_auto:best\/rockcms\/2025-05\/250510-chiclayo-ch-1406-79ed20.jpg","fifu_image_alt":"","footnotes":""},"categories":[4],"tags":[],"class_list":["post-26702","post","type-post","status-publish","format-standard","has-post-thumbnail","","category-historias-destacadas"],"_links":{"self":[{"href":"https:\/\/noticiasveraces.com\/index.php?rest_route=\/wp\/v2\/posts\/26702","targetHints":{"allow":["GET"]}}],"collection":[{"href":"https:\/\/noticiasveraces.com\/index.php?rest_route=\/wp\/v2\/posts"}],"about":[{"href":"https:\/\/noticiasveraces.com\/index.php?rest_route=\/wp\/v2\/types\/post"}],"author":[{"embeddable":true,"href":"https:\/\/noticiasveraces.com\/index.php?rest_route=\/wp\/v2\/users\/1"}],"replies":[{"embeddable":true,"href":"https:\/\/noticiasveraces.com\/index.php?rest_route=%2Fwp%2Fv2%2Fcomments&post=26702"}],"version-history":[{"count":0,"href":"https:\/\/noticiasveraces.com\/index.php?rest_route=\/wp\/v2\/posts\/26702\/revisions"}],"wp:featuredmedia":[{"embeddable":true,"href":"https:\/\/noticiasveraces.com\/index.php?rest_route=\/wp\/v2\/media\/26704"}],"wp:attachment":[{"href":"https:\/\/noticiasveraces.com\/index.php?rest_route=%2Fwp%2Fv2%2Fmedia&parent=26702"}],"wp:term":[{"taxonomy":"category","embeddable":true,"href":"https:\/\/noticiasveraces.com\/index.php?rest_route=%2Fwp%2Fv2%2Fcategories&post=26702"},{"taxonomy":"post_tag","embeddable":true,"href":"https:\/\/noticiasveraces.com\/index.php?rest_route=%2Fwp%2Fv2%2Ftags&post=26702"}],"curies":[{"name":"wp","href":"https:\/\/api.w.org\/{rel}","templated":true}]}}