{"id":26673,"date":"2025-05-10T12:51:42","date_gmt":"2025-05-10T16:51:42","guid":{"rendered":"https:\/\/noticiasveraces.com\/?p=26673"},"modified":"2025-05-10T12:51:42","modified_gmt":"2025-05-10T16:51:42","slug":"alto-el-fuego-entre-india-y-pakistan-un-paso-vital-dw-10-05-2025","status":"publish","type":"post","link":"https:\/\/noticiasveraces.com\/?p=26673","title":{"rendered":"alto el fuego entre India y Pakistan, un paso vital \u2013 DW \u2013 10\/05\/2025"},"content":{"rendered":"<p> \n<\/p>\n<div>\n<p>La alta representante de la Uni\u00f3n Europea (UE) para la Pol\u00edtica Exterior, Kaja Kallas, dijo este s\u00e1bado (10.05.2025) que el alto el fuego anunciado entre India y Pakist\u00e1n \u00abes un paso vital hacia la desescalada\u00bb y llam\u00f3 a hacer \u00abtodo lo posible para garantizar su respeto\u00bb.<\/p>\n<p>\u00abLa UE mantiene su compromiso con la paz, la estabilidad y la lucha contra el terrorismo en la regi\u00f3n\u00bb, se\u00f1al\u00f3 la jefa de la diplomacia europea en las redes sociales.<\/p>\n<p>Tras casi tres semanas de creciente tensi\u00f3n que culminaron en una intensa jornada de ataques masivos a objetivos militares, la India y Pakist\u00e1n acordaron este s\u00e1bado un alto el fuego inmediato, mediado por Estados Unidos, poniendo fin a su peor escalada de violencia en lo que va de siglo, con un saldo de aproximadamente un centenar de fallecidos.<\/p>\n<p>Los directores generales de Operaciones Militares de la India y Pakist\u00e1n volver\u00e1n a reunirse el pr\u00f3ximo lunes, despu\u00e9s de que ambas naciones anunciaran el alto al fuego, informaron fuentes oficiales.<\/p>\n<p>La India y Pakist\u00e1n han atravesado desde el pasado 22 de abril el momento m\u00e1s tenso de su compleja relaci\u00f3n bilateral en las \u00faltimas d\u00e9cadas y una de sus peores escaladas militares desde la guerra de Kargil de 1999.<\/p>\n<p>En total, 98 personas han muerto desde un ataque terrorista contra turistas indios, que motiv\u00f3 la crisis; adem\u00e1s de otros muertos producto de ataques a\u00e9reos y enfrentamientos terrestres en la frontera de facto de Cachemira, una regi\u00f3n cuyo control total se disputan Islamabad y Nueva Delhi.<\/p>\n<p>CT (Efe, Euronews)<\/p>\n<\/div>\n\n","protected":false},"excerpt":{"rendered":"<p>La alta representante de la Uni\u00f3n Europea (UE) para la Pol\u00edtica Exterior, Kaja Kallas, dijo este s\u00e1bado (10.05.2025) que el alto el fuego anunciado entre India y Pakist\u00e1n \u00abes un paso vital hacia la desescalada\u00bb y llam\u00f3 a hacer \u00abtodo lo posible para garantizar su respeto\u00bb. \u00abLa UE mantiene su compromiso con la paz, la &hellip;<\/p>\n","protected":false},"author":1,"featured_media":26674,"comment_status":"open","ping_status":"open","sticky":false,"template":"","format":"standard","meta":{"fifu_image_url":"https:\/\/static.dw.com\/image\/71463107_6.jpg","fifu_image_alt":"","footnotes":""},"categories":[13],"tags":[],"class_list":["post-26673","post","type-post","status-publish","format-standard","has-post-thumbnail","","category-mundo"],"_links":{"self":[{"href":"https:\/\/noticiasveraces.com\/index.php?rest_route=\/wp\/v2\/posts\/26673","targetHints":{"allow":["GET"]}}],"collection":[{"href":"https:\/\/noticiasveraces.com\/index.php?rest_route=\/wp\/v2\/posts"}],"about":[{"href":"https:\/\/noticiasveraces.com\/index.php?rest_route=\/wp\/v2\/types\/post"}],"author":[{"embeddable":true,"href":"https:\/\/noticiasveraces.com\/index.php?rest_route=\/wp\/v2\/users\/1"}],"replies":[{"embeddable":true,"href":"https:\/\/noticiasveraces.com\/index.php?rest_route=%2Fwp%2Fv2%2Fcomments&post=26673"}],"version-history":[{"count":0,"href":"https:\/\/noticiasveraces.com\/index.php?rest_route=\/wp\/v2\/posts\/26673\/revisions"}],"wp:featuredmedia":[{"embeddable":true,"href":"https:\/\/noticiasveraces.com\/index.php?rest_route=\/wp\/v2\/media\/26674"}],"wp:attachment":[{"href":"https:\/\/noticiasveraces.com\/index.php?rest_route=%2Fwp%2Fv2%2Fmedia&parent=26673"}],"wp:term":[{"taxonomy":"category","embeddable":true,"href":"https:\/\/noticiasveraces.com\/index.php?rest_route=%2Fwp%2Fv2%2Fcategories&post=26673"},{"taxonomy":"post_tag","embeddable":true,"href":"https:\/\/noticiasveraces.com\/index.php?rest_route=%2Fwp%2Fv2%2Ftags&post=26673"}],"curies":[{"name":"wp","href":"https:\/\/api.w.org\/{rel}","templated":true}]}}