{"id":26668,"date":"2025-05-10T11:24:22","date_gmt":"2025-05-10T15:24:22","guid":{"rendered":"https:\/\/noticiasveraces.com\/?p=26668"},"modified":"2025-05-10T11:24:22","modified_gmt":"2025-05-10T15:24:22","slug":"los-peores-jugadores-de-medellin-ante-bucaramanga-segun-los-hinchas-curiosidades-de-futbol","status":"publish","type":"post","link":"https:\/\/noticiasveraces.com\/?p=26668","title":{"rendered":"Los peores jugadores de Medell\u00edn ante Bucaramanga, seg\u00fan los hinchas | Curiosidades de f\u00fatbol"},"content":{"rendered":"<p> \n<\/p>\n<div id=\"cuerpoArticulo\">\n<p class=\"texto intro\" id=\"p245122-m640-639-641\">&#8211; Independiente Medell\u00edn cay\u00f3 por 2-0 ante Atl\u00e9tico Bucaramanga y los fan\u00e1ticos se mostraron furiosos en redes sociales.<br \/>&#8211; Algunos jugadores fueron fuertemente criticados por los hinchas, como es <b>el caso de L\u00e9ider Berr\u00edo, Mender Garc\u00eda y Juan Arizala<\/b>.<\/p>\n<p class=\"texto contenido-parrafo-articulo\" id=\"p245122-m658-2-659\"><b>Independiente Medell\u00edn no pudo ante Atl\u00e9tico Bucaramanga<\/b> y perdi\u00f3 la chance de asegurarse la clasificaci\u00f3n. Ahora, su presencia en los cuadrangulares finales podr\u00eda estar en duda. Claramente, los hinchas se mostraron muy enojados con el equipo y sobre todo, con algunos jugadores. En la red social de X, <b>uno de los futbolistas del DIM m\u00e1s criticados fue el delantero Mender Garc\u00eda<\/b>.<\/p>\n<div class=\"fotografia caja-articulo\" id=\"p245122-m664-3-665\">\n<div class=\"imagen-cuerpo-bk\">\n<figure itemscope=\"\" itemtype=\"https:\/\/schema.org\/ImageObject\" itemprop=\"image\" id=\"m669-668-670\" class=\"foto-galeria-articulo imagen-articulo foto-texto-articulo-galeria\"><img decoding=\"async\" alt=\"Mender Garc\u00eda\" src=\"data:image\/png;base64,iVBORw0KGgoAAAANSUhEUgAAAAEAAAABCAQAAAC1HAwCAAAAC0lEQVR42mP8\/x0AAvsB+DlKarAAAAAASUVORK5CYII=\" style=\" display: inline;\" data-original=\"\/files\/article_content\/files\/crop\/uploads\/2025\/05\/10\/681f6aa0c79ea.r_1746889503675.0-53-1024-821.png\"\/><\/figure>\n<\/div>\n<div class=\"figcaption-cuerpo-bk credito-image-bk\"><figcaption class=\"foto-info\">\n<div class=\"titulo-foto-bk\">\n<p id=\"m676-1-677\" class=\"titulo pie-de-foto\">Mender Garc\u00eda fue de los m\u00e1s criticados.<\/p>\n<\/div>\n<p class=\"credito\">\n                            <span class=\"linea pre_credito\">Foto:<\/span><\/p>\n<p>                        <span id=\"m682-2-683\" class=\"autor\">Instagram\/@Derilgarcia08<\/span><\/p>\n<\/figcaption><\/div>\n<\/p><\/div>\n<p class=\"texto contenido-parrafo-articulo\" id=\"p245122-m690-4-691\">El delantero que seg\u00fan <i>Sof\u00e1s <\/i><b>tuvo un disparo al arco en todo el partido<\/b>no tuvo una buena noche y los fan\u00e1ticos se lo hicieron saber en redes. \u201cNo tenemos t\u00e9cnico. Mender mal como siempre\u201d, \u201c\u00bfQuien le dijo a Mender Garc\u00eda que es jugador de f\u00fatbol? Perverso y cada vez que juega, juega todo el partido que es lo m\u00e1s hijueput*\u201d, \u201cMender Garcia se tiene que ir\u201d, fueron algunos comentarios de los hinchas.<\/p>\n<p class=\"texto contenido-parrafo-articulo\" id=\"p245122-m741-6-742\"><b>Otro futbolista que recibi\u00f3 las cr\u00edticas de la gente fue Juan Arizala<\/b>joven mediocampista ofensivo que si bien no fue mal valorado en <i>Sof\u00e1s <\/i>(7.1), para los hinchas no tuvo un gran partido: \u201cDefinitivamente hay jugadores que solamente corren y de f\u00fatbol nada, Arizala y Mender no tienen f\u00fatbol para aportarle a este equipo\u201d, \u201cArizala est\u00e1 como para que compre el pin de la universidad porque futbolista no es\u201d, \u201cSigan con Arizala que eso aporta mucho&#8230; Petard* jug\u00f3 80 minutos. Jugamos con 9 jugadores, ni Berr\u00edo ni Arizala jugaron\u201d.<\/p>\n<p class=\"texto contenido-parrafo-articulo\" id=\"p245122-m747-7-748\">Finalmente, <b>L\u00e9ider Berr\u00edo tambi\u00e9n conoci\u00f3 el calor de los fan\u00e1ticos del DIM<\/b>muy molestos con su actuaci\u00f3n: \u201cEse Berr\u00edo es un petard*\u201d, \u201cL\u00e9ider Berr\u00edo maldito mongolic* hijueput*, gordo, malo, enano y est\u00fapid*\u201d, \u201cEsta bien que sean casi todos suplentes,  pero no pueden jugar as\u00ed de mal, Mender y Berr\u00edo son muy malos\u201d. El enojo de los hinchas es justificable, pues el DIM podr\u00eda quedar fuera de los mejores 8 si se dan ciertos resultados.<\/p>\n<p>                                                    <span class=\"articulo-subtitulo subtitulo2 espacio-contenido\" id=\"p245122-m753-8-754\">\u00bfCu\u00e1ndo vuelve a jugar Medell\u00edn por la Liga BetPlay 2025-I?<br \/><\/span><\/p>\n<p class=\"texto contenido-parrafo-articulo\" id=\"p245122-m759-9-760\">El DIM volver\u00e1 al ruedo en esta misma semana, ya que deber\u00e1 jugar el partido pendiente por la fecha 13 del FPC. <b>Este pr\u00f3ximo jueves 15 de mayo, Medell\u00edn deber\u00e1 enfrentarse de local a Deportes Tolima<\/b> en un encuentro que ser\u00e1 crucial para clasificar a los Cuadrangulares. El DIM cuenta con 29 unidades, mientras que el equipo tolimense tiene 30 puntos. \u00bfHabr\u00e1 sorpresa?<\/p>\n<\/p><\/div>\n\n","protected":false},"excerpt":{"rendered":"<p>&#8211; Independiente Medell\u00edn cay\u00f3 por 2-0 ante Atl\u00e9tico Bucaramanga y los fan\u00e1ticos se mostraron furiosos en redes sociales.&#8211; Algunos jugadores fueron fuertemente criticados por los hinchas, como es el caso de L\u00e9ider Berr\u00edo, Mender Garc\u00eda y Juan Arizala. Independiente Medell\u00edn no pudo ante Atl\u00e9tico Bucaramanga y perdi\u00f3 la chance de asegurarse la clasificaci\u00f3n. Ahora, su &hellip;<\/p>\n","protected":false},"author":1,"featured_media":26669,"comment_status":"open","ping_status":"open","sticky":false,"template":"","format":"standard","meta":{"fifu_image_url":"https:\/\/www.futbolred.com\/files\/og_thumbnail\/uploads\/2025\/05\/10\/681f699edcbd3.jpeg","fifu_image_alt":"","footnotes":""},"categories":[6],"tags":[],"class_list":["post-26668","post","type-post","status-publish","format-standard","has-post-thumbnail","","category-deportes"],"_links":{"self":[{"href":"https:\/\/noticiasveraces.com\/index.php?rest_route=\/wp\/v2\/posts\/26668","targetHints":{"allow":["GET"]}}],"collection":[{"href":"https:\/\/noticiasveraces.com\/index.php?rest_route=\/wp\/v2\/posts"}],"about":[{"href":"https:\/\/noticiasveraces.com\/index.php?rest_route=\/wp\/v2\/types\/post"}],"author":[{"embeddable":true,"href":"https:\/\/noticiasveraces.com\/index.php?rest_route=\/wp\/v2\/users\/1"}],"replies":[{"embeddable":true,"href":"https:\/\/noticiasveraces.com\/index.php?rest_route=%2Fwp%2Fv2%2Fcomments&post=26668"}],"version-history":[{"count":0,"href":"https:\/\/noticiasveraces.com\/index.php?rest_route=\/wp\/v2\/posts\/26668\/revisions"}],"wp:featuredmedia":[{"embeddable":true,"href":"https:\/\/noticiasveraces.com\/index.php?rest_route=\/wp\/v2\/media\/26669"}],"wp:attachment":[{"href":"https:\/\/noticiasveraces.com\/index.php?rest_route=%2Fwp%2Fv2%2Fmedia&parent=26668"}],"wp:term":[{"taxonomy":"category","embeddable":true,"href":"https:\/\/noticiasveraces.com\/index.php?rest_route=%2Fwp%2Fv2%2Fcategories&post=26668"},{"taxonomy":"post_tag","embeddable":true,"href":"https:\/\/noticiasveraces.com\/index.php?rest_route=%2Fwp%2Fv2%2Ftags&post=26668"}],"curies":[{"name":"wp","href":"https:\/\/api.w.org\/{rel}","templated":true}]}}