{"id":26663,"date":"2025-05-10T10:49:01","date_gmt":"2025-05-10T14:49:01","guid":{"rendered":"https:\/\/noticiasveraces.com\/?p=26663"},"modified":"2025-05-10T10:49:01","modified_gmt":"2025-05-10T14:49:01","slug":"leon-xiv-eligio-su-nombre-por-compromiso-con-justicia-social-dw-10-05-2025","status":"publish","type":"post","link":"https:\/\/noticiasveraces.com\/?p=26663","title":{"rendered":"Le\u00f3n XIV eligi\u00f3 su nombre por compromiso con justicia social \u2013 DW \u2013 10\/05\/2025"},"content":{"rendered":"<p> \n<\/p>\n<div>\n<p>El papa Le\u00f3n XIV dijo este s\u00e1bado (10.05.2025) que eligi\u00f3 su nombre papal por su compromiso con la cuesti\u00f3n social ante los desaf\u00edos de la nueva revoluci\u00f3n industrial y los retos de la inteligencia artificial.<\/p>\n<p>Las declaraciones del nuevo l\u00edder del Vaticano, el primer papa estadounidense, son seguidas de cerca tras su elecci\u00f3n el jueves.<\/p>\n<p>En un discurso ante los miembros del Colegio Cardenalicio, el pont\u00edfice explic\u00f3 que la elecci\u00f3n de su nombre papal refleja su compromiso con las causas defendidas por Le\u00f3n XIII, que durante el siglo XIX fue decidido defensor de los derechos de los trabajadores.<\/p>\n<p>\u00abHay varias razones, pero la principal es porque el papa Le\u00f3n XIII, con la hist\u00f3rica enc\u00edclica<em> Del revolucionario<\/em>afront\u00f3 la cuesti\u00f3n social en el contexto de la primera gran revoluci\u00f3n industrial\u00bb, declar\u00f3 el pont\u00edfice de 69 a\u00f1os.<\/p>\n<p>\u00abHoy la Iglesia ofrece a todos su patrimonio de doctrina social para responder a otra revoluci\u00f3n industrial y a los desarrollos de la inteligencia artificial, que comportan nuevos desaf\u00edos en la defensa de la dignidad humana, de la justicia y el trabajo\u00bb, dijo.<\/p>\n<p>Asimismo, Le\u00f3n prometi\u00f3 continuar con el estilo del fallecido papa Francisco de \u00abtotal dedicaci\u00f3n al servicio\u00bb, ya que afirm\u00f3 que ser pont\u00edfice implica ser un \u00abun humilde siervo de Dios y de los hermanos, y nada m\u00e1s\u00bb.<\/p>\n<p>RR (AFP\/Reuters)<\/p>\n<\/div>\n\n","protected":false},"excerpt":{"rendered":"<p>El papa Le\u00f3n XIV dijo este s\u00e1bado (10.05.2025) que eligi\u00f3 su nombre papal por su compromiso con la cuesti\u00f3n social ante los desaf\u00edos de la nueva revoluci\u00f3n industrial y los retos de la inteligencia artificial. Las declaraciones del nuevo l\u00edder del Vaticano, el primer papa estadounidense, son seguidas de cerca tras su elecci\u00f3n el jueves. &hellip;<\/p>\n","protected":false},"author":1,"featured_media":26664,"comment_status":"open","ping_status":"open","sticky":false,"template":"","format":"standard","meta":{"fifu_image_url":"https:\/\/static.dw.com\/image\/72494059_6.jpg","fifu_image_alt":"","footnotes":""},"categories":[13],"tags":[],"class_list":["post-26663","post","type-post","status-publish","format-standard","has-post-thumbnail","","category-mundo"],"_links":{"self":[{"href":"https:\/\/noticiasveraces.com\/index.php?rest_route=\/wp\/v2\/posts\/26663","targetHints":{"allow":["GET"]}}],"collection":[{"href":"https:\/\/noticiasveraces.com\/index.php?rest_route=\/wp\/v2\/posts"}],"about":[{"href":"https:\/\/noticiasveraces.com\/index.php?rest_route=\/wp\/v2\/types\/post"}],"author":[{"embeddable":true,"href":"https:\/\/noticiasveraces.com\/index.php?rest_route=\/wp\/v2\/users\/1"}],"replies":[{"embeddable":true,"href":"https:\/\/noticiasveraces.com\/index.php?rest_route=%2Fwp%2Fv2%2Fcomments&post=26663"}],"version-history":[{"count":0,"href":"https:\/\/noticiasveraces.com\/index.php?rest_route=\/wp\/v2\/posts\/26663\/revisions"}],"wp:featuredmedia":[{"embeddable":true,"href":"https:\/\/noticiasveraces.com\/index.php?rest_route=\/wp\/v2\/media\/26664"}],"wp:attachment":[{"href":"https:\/\/noticiasveraces.com\/index.php?rest_route=%2Fwp%2Fv2%2Fmedia&parent=26663"}],"wp:term":[{"taxonomy":"category","embeddable":true,"href":"https:\/\/noticiasveraces.com\/index.php?rest_route=%2Fwp%2Fv2%2Fcategories&post=26663"},{"taxonomy":"post_tag","embeddable":true,"href":"https:\/\/noticiasveraces.com\/index.php?rest_route=%2Fwp%2Fv2%2Ftags&post=26663"}],"curies":[{"name":"wp","href":"https:\/\/api.w.org\/{rel}","templated":true}]}}