{"id":26635,"date":"2025-05-10T06:44:31","date_gmt":"2025-05-10T10:44:31","guid":{"rendered":"https:\/\/noticiasveraces.com\/?p=26635"},"modified":"2025-05-10T06:44:31","modified_gmt":"2025-05-10T10:44:31","slug":"pakistan-india-sugiere-una-posible-desescalacion-en-medio-de-los-ataques-de-misiles-de-ambos-paises","status":"publish","type":"post","link":"https:\/\/noticiasveraces.com\/?p=26635","title":{"rendered":"Pakist\u00e1n, India sugiere una posible desescalaci\u00f3n en medio de los ataques de misiles de ambos pa\u00edses"},"content":{"rendered":"<p> \n<\/p>\n<div>\n<p class=\"speakable\">El ministro de Relaciones Exteriores de Pakist\u00e1n, dijo el s\u00e1bado que su pa\u00eds considerar\u00eda la desescalaci\u00f3n si India detuviera sus ataques, despu\u00e9s de que India dijo que buscaba no escala si Pakist\u00e1n acordara hacer lo mismo.<\/p>\n<p class=\"speakable\">Ambos pa\u00edses intercambiaron huelgas el s\u00e1bado durante el conflicto provocado por una masacre el mes pasado, que India atribuye a Pakist\u00e1n.<\/p>\n<p>Ishaq Dar, ministro de Asuntos Exteriores de Pakist\u00e1n, advirti\u00f3 que \u00abnuestra respuesta seguir\u00e1\u00bb si India lanz\u00f3 alguna ataques.<\/p>\n<p>Dar le dijo a Geo News de Pakist\u00e1n que tambi\u00e9n entreg\u00f3 su mensaje al Secretario de Estado de los Estados Unidos, Marco Rubio, quien lo contact\u00f3 despu\u00e9s de que el principal diplom\u00e1tico de los Estados Unidos habl\u00f3 con los funcionarios de la India.<\/p>\n<p><strong>Pakist\u00e1n dice que ha alcanzado los objetivos militares dentro de la India en una serie de nuevos ataques<\/strong><\/p>\n<div class=\"image-ct inline\">\n<div class=\"m\"><picture><source media=\"(max-width: 767px)\" srcset=\"https:\/\/a57.foxnews.com\/static.foxnews.com\/foxnews.com\/content\/uploads\/2025\/05\/343\/192\/pakistanprotest.png?ve=1&amp;tl=1, https:\/\/a57.foxnews.com\/static.foxnews.com\/foxnews.com\/content\/uploads\/2025\/05\/686\/384\/pakistanprotest.png?ve=1&amp;tl=1 2x\" height=\"192\" width=\"343\"><source media=\"(min-width: 768px) and (max-width: 1023px)\" srcset=\"https:\/\/a57.foxnews.com\/static.foxnews.com\/foxnews.com\/content\/uploads\/2025\/05\/672\/378\/pakistanprotest.png?ve=1&amp;tl=1, https:\/\/a57.foxnews.com\/static.foxnews.com\/foxnews.com\/content\/uploads\/2025\/05\/1344\/756\/pakistanprotest.png?ve=1&amp;tl=1 2x\" height=\"378\" width=\"672\"><source media=\"(min-width: 1024px) and (max-width: 1279px)\" srcset=\"https:\/\/a57.foxnews.com\/static.foxnews.com\/foxnews.com\/content\/uploads\/2025\/05\/931\/523\/pakistanprotest.png?ve=1&amp;tl=1, https:\/\/a57.foxnews.com\/static.foxnews.com\/foxnews.com\/content\/uploads\/2025\/05\/1862\/1046\/pakistanprotest.png?ve=1&amp;tl=1 2x\" height=\"523\" width=\"931\"><source media=\"(min-width: 1280px)\" srcset=\"https:\/\/a57.foxnews.com\/static.foxnews.com\/foxnews.com\/content\/uploads\/2025\/05\/720\/405\/pakistanprotest.png?ve=1&amp;tl=1, https:\/\/a57.foxnews.com\/static.foxnews.com\/foxnews.com\/content\/uploads\/2025\/05\/1440\/810\/pakistanprotest.png?ve=1&amp;tl=1 2x\" height=\"405\" width=\"720\"><img loading=\"lazy\" decoding=\"async\" src=\"https:\/\/a57.foxnews.com\/static.foxnews.com\/foxnews.com\/content\/uploads\/2025\/05\/1200\/675\/pakistanprotest.png?ve=1&amp;tl=1\" alt=\"Partidarios de un grupo religioso Tahafuz-e-namoos-e-risalat mahaz\" width=\"1200\" height=\"675\"\/><\/source><\/source><\/source><\/source><\/picture><\/div>\n<div class=\"info\">\n<div class=\"caption\">\n<p><span>Los partidarios de un grupo religioso \u00abTahafuz-e-Namoos-e-Risalat Mahaz\u00bb participan en una manifestaci\u00f3n para condenar los huelgas indias en Pakist\u00e1n y mostrar su apoyo con el ej\u00e9rcito de Pakist\u00e1n, en Lahore, Pakist\u00e1n, el s\u00e1bado 10 de mayo de 2025.<\/span> <span>(AP)<\/span><\/p>\n<\/div>\n<\/div>\n<\/div>\n<p>\u00abRespondimos porque nuestra paciencia hab\u00eda alcanzado su l\u00edmite. Si se detienen aqu\u00ed, tambi\u00e9n consideraremos detenernos\u00bb, dijo Dar.<\/p>\n<p>Rubio habl\u00f3 con su hom\u00f3logo indio, S. Jaishankar, enfatizando que \u00abambas partes necesitan identificar m\u00e9todos para desalentar y restablecer la comunicaci\u00f3n directa para evitar el error de c\u00e1lculo\u00bb, dijo el s\u00e1bado el portavoz del Departamento de Estado Tammy Bruce, y agreg\u00f3 que el Secretario nos ofreci\u00f3 apoyo para facilitar la \u00abdiscusi\u00f3n productiva\u00bb.<\/p>\n<p>India dijo que atac\u00f3 las bases a\u00e9reas de Pakist\u00e1n despu\u00e9s de que Islamabad dispar\u00f3 varios misiles a la infraestructura militar y civil en el estado de Punjab de la India la madrugada del s\u00e1bado.<\/p>\n<p>Pakist\u00e1n dijo anteriormente que hab\u00eda interceptado la mayor\u00eda de los misiles y que estaba llevando a cabo ataques de represalia.<\/p>\n<div class=\"image-ct inline\">\n<div class=\"m\"><picture><source media=\"(max-width: 767px)\" srcset=\"https:\/\/a57.foxnews.com\/static.foxnews.com\/foxnews.com\/content\/uploads\/2025\/05\/343\/192\/indiaforces.png?ve=1&amp;tl=1, https:\/\/a57.foxnews.com\/static.foxnews.com\/foxnews.com\/content\/uploads\/2025\/05\/686\/384\/indiaforces.png?ve=1&amp;tl=1 2x\" height=\"192\" width=\"343\"><source media=\"(min-width: 768px) and (max-width: 1023px)\" srcset=\"https:\/\/a57.foxnews.com\/static.foxnews.com\/foxnews.com\/content\/uploads\/2025\/05\/672\/378\/indiaforces.png?ve=1&amp;tl=1, https:\/\/a57.foxnews.com\/static.foxnews.com\/foxnews.com\/content\/uploads\/2025\/05\/1344\/756\/indiaforces.png?ve=1&amp;tl=1 2x\" height=\"378\" width=\"672\"><source media=\"(min-width: 1024px) and (max-width: 1279px)\" srcset=\"https:\/\/a57.foxnews.com\/static.foxnews.com\/foxnews.com\/content\/uploads\/2025\/05\/931\/523\/indiaforces.png?ve=1&amp;tl=1, https:\/\/a57.foxnews.com\/static.foxnews.com\/foxnews.com\/content\/uploads\/2025\/05\/1862\/1046\/indiaforces.png?ve=1&amp;tl=1 2x\" height=\"523\" width=\"931\"><source media=\"(min-width: 1280px)\" srcset=\"https:\/\/a57.foxnews.com\/static.foxnews.com\/foxnews.com\/content\/uploads\/2025\/05\/720\/405\/indiaforces.png?ve=1&amp;tl=1, https:\/\/a57.foxnews.com\/static.foxnews.com\/foxnews.com\/content\/uploads\/2025\/05\/1440\/810\/indiaforces.png?ve=1&amp;tl=1 2x\" height=\"405\" width=\"720\"><img loading=\"lazy\" decoding=\"async\" src=\"https:\/\/a57.foxnews.com\/static.foxnews.com\/foxnews.com\/content\/uploads\/2025\/05\/1200\/675\/indiaforces.png?ve=1&amp;tl=1\" alt=\"El personal de la polic\u00eda india inspecciona un objeto\" width=\"1200\" height=\"675\"\/><\/source><\/source><\/source><\/source><\/picture><\/div>\n<div class=\"info\">\n<div class=\"caption\">\n<p><span>El personal de la polic\u00eda india inspecciona un objeto sospechoso de ser parte de un proyectil interceptado por el ej\u00e9rcito indio en la aldea de Nahlan en las afueras de Jalandhar, India, el s\u00e1bado 10 de mayo de 2025.<\/span> <span>(AP)<\/span><\/p>\n<\/div>\n<\/div>\n<\/div>\n<p>El coronel indio Sofiya Qureshi dijo en una conferencia de prensa en Nueva Delhi que Pakist\u00e1n se hab\u00eda dirigido a centros de salud y escuelas en tres bases a\u00e9reas en Cachemira controlada por la India.<\/p>\n<p>\u00abSe ha dado una respuesta adecuada a las acciones paquistan\u00edes\u00bb, dijo.<\/p>\n<p>El comandante del ala Vyomika Singh dijo que India estaba comprometida con la \u00abno escala\u00bb si Pakist\u00e1n correspond\u00eda. Pero, dijo, se vieron fuerzas terrestres paquistan\u00edes hacia las \u00e1reas hacia adelante, \u00abindicando una intenci\u00f3n ofensiva de intensificar a\u00fan m\u00e1s la situaci\u00f3n\u00bb.<\/p>\n<p>\u00abLas fuerzas armadas indias permanecen en un alto estado de preparaci\u00f3n operativa\u00bb, dijo.<\/p>\n<p><strong>Vance dice que el conflicto de India-Pakist\u00e1n &#8216;ninguno de nuestros asuntos&#8217;, ya que Trump nos ofrece ayuda<\/strong><\/p>\n<div class=\"image-ct inline\">\n<div class=\"m\"><picture><source media=\"(max-width: 767px)\" srcset=\"https:\/\/a57.foxnews.com\/static.foxnews.com\/foxnews.com\/content\/uploads\/2025\/05\/343\/192\/damageinpakistan.png?ve=1&amp;tl=1, https:\/\/a57.foxnews.com\/static.foxnews.com\/foxnews.com\/content\/uploads\/2025\/05\/686\/384\/damageinpakistan.png?ve=1&amp;tl=1 2x\" height=\"192\" width=\"343\"><source media=\"(min-width: 768px) and (max-width: 1023px)\" srcset=\"https:\/\/a57.foxnews.com\/static.foxnews.com\/foxnews.com\/content\/uploads\/2025\/05\/672\/378\/damageinpakistan.png?ve=1&amp;tl=1, https:\/\/a57.foxnews.com\/static.foxnews.com\/foxnews.com\/content\/uploads\/2025\/05\/1344\/756\/damageinpakistan.png?ve=1&amp;tl=1 2x\" height=\"378\" width=\"672\"><source media=\"(min-width: 1024px) and (max-width: 1279px)\" srcset=\"https:\/\/a57.foxnews.com\/static.foxnews.com\/foxnews.com\/content\/uploads\/2025\/05\/931\/523\/damageinpakistan.png?ve=1&amp;tl=1, https:\/\/a57.foxnews.com\/static.foxnews.com\/foxnews.com\/content\/uploads\/2025\/05\/1862\/1046\/damageinpakistan.png?ve=1&amp;tl=1 2x\" height=\"523\" width=\"931\"><source media=\"(min-width: 1280px)\" srcset=\"https:\/\/a57.foxnews.com\/static.foxnews.com\/foxnews.com\/content\/uploads\/2025\/05\/720\/405\/damageinpakistan.png?ve=1&amp;tl=1, https:\/\/a57.foxnews.com\/static.foxnews.com\/foxnews.com\/content\/uploads\/2025\/05\/1440\/810\/damageinpakistan.png?ve=1&amp;tl=1 2x\" height=\"405\" width=\"720\"><img loading=\"lazy\" decoding=\"async\" src=\"https:\/\/a57.foxnews.com\/static.foxnews.com\/foxnews.com\/content\/uploads\/2025\/05\/1200\/675\/damageinpakistan.png?ve=1&amp;tl=1\" alt=\"Los aldeanos examinan los da\u00f1os a una casa causados \u200b\u200bpor un bombardeo indio durante la noche\" width=\"1200\" height=\"675\"\/><\/source><\/source><\/source><\/source><\/picture><\/div>\n<div class=\"info\">\n<div class=\"caption\">\n<p><span>Los aldeanos de Cachemira examinan los da\u00f1os a una casa causados \u200b\u200bpor el bombardeo indio durante la noche, en Shah Kot, en Neelum Vallery, un distrito de Pakist\u00e1n administrado en Cachemira, el s\u00e1bado 10 de mayo de 2025.<\/span> <span>(AP)<\/span><\/p>\n<\/div>\n<\/div>\n<\/div>\n<p><strong><u>Haga clic aqu\u00ed para obtener la aplicaci\u00f3n Fox News<\/u><\/strong><\/p>\n<p>Singh dijo que las fuerzas de la India llevaron a cabo \u00abataques de precisi\u00f3n solo en objetivos militares identificados en respuesta a las acciones paquistan\u00edes,\u00bb que inclu\u00eda infraestructura t\u00e9cnica, centros de comando y control, ubicaciones de radar y \u00e1reas de almacenamiento de armas para garantizar \u00abda\u00f1os colaterales m\u00ednimos\u00bb.<\/p>\n<p>\u00abTodas las acciones hostiles han sido efectivamente contrarrestadas y respondidas adecuadamente\u00bb, dijo Singh.<\/p>\n<p>El ej\u00e9rcito paquistan\u00ed dijo que usaba misiles Fateh de mediano alcance para apuntar a una instalaci\u00f3n de almacenamiento de misiles indios y bases a\u00e9reas en las ciudades indias de Pathankot y Udhampur.<\/p>\n<p>El portavoz del ej\u00e9rcito de Pakist\u00e1n, el teniente general Ahmad Sharif, dijo que los activos de la Fuerza A\u00e9rea del pa\u00eds estaban a salvo despu\u00e9s de los ataques de la India.<\/p>\n<p><i>Associated Press contribuy\u00f3 a este informe.<\/i><\/p>\n<p> <!----> <\/div>\n\n","protected":false},"excerpt":{"rendered":"<p>El ministro de Relaciones Exteriores de Pakist\u00e1n, dijo el s\u00e1bado que su pa\u00eds considerar\u00eda la desescalaci\u00f3n si India detuviera sus ataques, despu\u00e9s de que India dijo que buscaba no escala si Pakist\u00e1n acordara hacer lo mismo. Ambos pa\u00edses intercambiaron huelgas el s\u00e1bado durante el conflicto provocado por una masacre el mes pasado, que India atribuye &hellip;<\/p>\n","protected":false},"author":1,"featured_media":26637,"comment_status":"open","ping_status":"open","sticky":false,"template":"","format":"standard","meta":{"fifu_image_url":"https:\/\/static.foxnews.com\/foxnews.com\/content\/uploads\/2025\/05\/pakistanprotest.png","fifu_image_alt":"","footnotes":""},"categories":[13],"tags":[],"class_list":["post-26635","post","type-post","status-publish","format-standard","has-post-thumbnail","","category-mundo"],"_links":{"self":[{"href":"https:\/\/noticiasveraces.com\/index.php?rest_route=\/wp\/v2\/posts\/26635","targetHints":{"allow":["GET"]}}],"collection":[{"href":"https:\/\/noticiasveraces.com\/index.php?rest_route=\/wp\/v2\/posts"}],"about":[{"href":"https:\/\/noticiasveraces.com\/index.php?rest_route=\/wp\/v2\/types\/post"}],"author":[{"embeddable":true,"href":"https:\/\/noticiasveraces.com\/index.php?rest_route=\/wp\/v2\/users\/1"}],"replies":[{"embeddable":true,"href":"https:\/\/noticiasveraces.com\/index.php?rest_route=%2Fwp%2Fv2%2Fcomments&post=26635"}],"version-history":[{"count":0,"href":"https:\/\/noticiasveraces.com\/index.php?rest_route=\/wp\/v2\/posts\/26635\/revisions"}],"wp:featuredmedia":[{"embeddable":true,"href":"https:\/\/noticiasveraces.com\/index.php?rest_route=\/wp\/v2\/media\/26637"}],"wp:attachment":[{"href":"https:\/\/noticiasveraces.com\/index.php?rest_route=%2Fwp%2Fv2%2Fmedia&parent=26635"}],"wp:term":[{"taxonomy":"category","embeddable":true,"href":"https:\/\/noticiasveraces.com\/index.php?rest_route=%2Fwp%2Fv2%2Fcategories&post=26635"},{"taxonomy":"post_tag","embeddable":true,"href":"https:\/\/noticiasveraces.com\/index.php?rest_route=%2Fwp%2Fv2%2Ftags&post=26635"}],"curies":[{"name":"wp","href":"https:\/\/api.w.org\/{rel}","templated":true}]}}