{"id":26632,"date":"2025-05-10T05:43:27","date_gmt":"2025-05-10T09:43:27","guid":{"rendered":"https:\/\/noticiasveraces.com\/?p=26632"},"modified":"2025-05-10T05:43:27","modified_gmt":"2025-05-10T09:43:27","slug":"dinamarca-pm-dice-no-puede-espiar-contra-un-aliado-despues-de-los-informes-de-nosotros-espiando-a-groenlandia","status":"publish","type":"post","link":"https:\/\/noticiasveraces.com\/?p=26632","title":{"rendered":"Dinamarca PM dice &#8216;No puede espiar contra un aliado&#8217; despu\u00e9s de los informes de nosotros espiando a Groenlandia"},"content":{"rendered":"<p> \n<\/p>\n<div>\n<p class=\"speakable\">El primer ministro de Dinamarca, Mette Frederiksen, dijo el viernes que \u00abno se puede espiar contra un aliado\u00bb en respuesta a los informes de que Estados Unidos estaba reuniendo inteligencia en Groenlandia, ya que el presidente de los Estados Unidos, Donald Trump, ha seguido sugiriendo comprar la isla del \u00c1rtico.<\/p>\n<p class=\"speakable\">\u00abLa cooperaci\u00f3n sobre la defensa, la disuasi\u00f3n y la seguridad en la parte norte de Europa se est\u00e1 volviendo cada vez m\u00e1s importante\u00bb, dijo Frederiksen a Associated Press. \u00abPor supuesto, no puedes espiar contra un aliado\u00bb.<\/p>\n<p>Frederiksen hizo los comentarios cuando Dinamarca y Groenlandia retroceden el deseo de Trump de adquirir el territorio dan\u00e9s aut\u00f3nomo, enfatizando que no est\u00e1 a la venta. Trump, sin embargo, no ha descartado tomarlo por fuerza militar a pesar de que Dinamarca es un aliado de la OTAN.<\/p>\n<p><strong>El primer ministro de Groenlandia dice que la isla no se puede comprar, nosotros \u00abno ha sido respetuoso\u00bb<\/strong><\/p>\n<div class=\"image-ct inline\">\n<div class=\"m\"><picture><source media=\"(max-width: 767px)\" srcset=\"https:\/\/a57.foxnews.com\/static.foxnews.com\/foxnews.com\/content\/uploads\/2025\/05\/343\/192\/mette-frederiksen.png?ve=1&amp;tl=1, https:\/\/a57.foxnews.com\/static.foxnews.com\/foxnews.com\/content\/uploads\/2025\/05\/686\/384\/mette-frederiksen.png?ve=1&amp;tl=1 2x\" height=\"192\" width=\"343\"><source media=\"(min-width: 768px) and (max-width: 1023px)\" srcset=\"https:\/\/a57.foxnews.com\/static.foxnews.com\/foxnews.com\/content\/uploads\/2025\/05\/672\/378\/mette-frederiksen.png?ve=1&amp;tl=1, https:\/\/a57.foxnews.com\/static.foxnews.com\/foxnews.com\/content\/uploads\/2025\/05\/1344\/756\/mette-frederiksen.png?ve=1&amp;tl=1 2x\" height=\"378\" width=\"672\"><source media=\"(min-width: 1024px) and (max-width: 1279px)\" srcset=\"https:\/\/a57.foxnews.com\/static.foxnews.com\/foxnews.com\/content\/uploads\/2025\/05\/931\/523\/mette-frederiksen.png?ve=1&amp;tl=1, https:\/\/a57.foxnews.com\/static.foxnews.com\/foxnews.com\/content\/uploads\/2025\/05\/1862\/1046\/mette-frederiksen.png?ve=1&amp;tl=1 2x\" height=\"523\" width=\"931\"><source media=\"(min-width: 1280px)\" srcset=\"https:\/\/a57.foxnews.com\/static.foxnews.com\/foxnews.com\/content\/uploads\/2025\/05\/720\/405\/mette-frederiksen.png?ve=1&amp;tl=1, https:\/\/a57.foxnews.com\/static.foxnews.com\/foxnews.com\/content\/uploads\/2025\/05\/1440\/810\/mette-frederiksen.png?ve=1&amp;tl=1 2x\" height=\"405\" width=\"720\"><img loading=\"lazy\" decoding=\"async\" src=\"https:\/\/a57.foxnews.com\/static.foxnews.com\/foxnews.com\/content\/uploads\/2025\/05\/1200\/675\/mette-frederiksen.png?ve=1&amp;tl=1\" alt=\"Mette Frederiksen\" width=\"1200\" height=\"675\"\/><\/source><\/source><\/source><\/source><\/picture><\/div>\n<div class=\"info\">\n<div class=\"caption\">\n<p><span>La primera ministra de Dinamarca, Mette Frederiksen, escucha, durante una reuni\u00f3n de la Fuerza Expedicionaria Conjunta (JEF) en Oslo, el viernes 9 de mayo de 2025.<\/span> <span>(AP)<\/span><\/p>\n<\/div>\n<\/div>\n<\/div>\n<p>\u00abNo lo descarto. No digo que lo har\u00e9, pero no descarto nada\u00bb, dijo Trump a principios de esta semana durante una entrevista en \u00abMeet the Press\u00bb de NBC News. <\/p>\n<p>\u00abNecesitamos muy mal Groenlandia. Groenlandia es una cantidad muy peque\u00f1a de personas, lo que cuidaremos y los apreciaremos y todo eso, pero lo necesitamos para la seguridad internacional\u00bb, agreg\u00f3.<\/p>\n<p>La declaraci\u00f3n del primer ministro dan\u00e9s el viernes se produjo el d\u00eda despu\u00e9s de que Dinamarca convoc\u00f3 al diplom\u00e1tico estadounidense superior en el pa\u00eds para una explicaci\u00f3n de un informe del Wall Street Journal sobre varios funcionarios de alto rango bajo el director de inteligencia nacional de los Estados Unidos, Tulsi Gabbard, dirigiendo los jefes de la agencia de inteligencia para recopilar informaci\u00f3n sobre el movimiento de independencia de Greenland y las opiniones sobre la extracci\u00f3n de recursos de los Estados Unidos en la isla.<\/p>\n<div class=\"image-ct inline\">\n<div class=\"m\"><picture><source media=\"(max-width: 767px)\" srcset=\"https:\/\/a57.foxnews.com\/static.foxnews.com\/foxnews.com\/content\/uploads\/2025\/05\/343\/192\/mettefrederiksen.png?ve=1&amp;tl=1, https:\/\/a57.foxnews.com\/static.foxnews.com\/foxnews.com\/content\/uploads\/2025\/05\/686\/384\/mettefrederiksen.png?ve=1&amp;tl=1 2x\" height=\"192\" width=\"343\"><source media=\"(min-width: 768px) and (max-width: 1023px)\" srcset=\"https:\/\/a57.foxnews.com\/static.foxnews.com\/foxnews.com\/content\/uploads\/2025\/05\/672\/378\/mettefrederiksen.png?ve=1&amp;tl=1, https:\/\/a57.foxnews.com\/static.foxnews.com\/foxnews.com\/content\/uploads\/2025\/05\/1344\/756\/mettefrederiksen.png?ve=1&amp;tl=1 2x\" height=\"378\" width=\"672\"><source media=\"(min-width: 1024px) and (max-width: 1279px)\" srcset=\"https:\/\/a57.foxnews.com\/static.foxnews.com\/foxnews.com\/content\/uploads\/2025\/05\/931\/523\/mettefrederiksen.png?ve=1&amp;tl=1, https:\/\/a57.foxnews.com\/static.foxnews.com\/foxnews.com\/content\/uploads\/2025\/05\/1862\/1046\/mettefrederiksen.png?ve=1&amp;tl=1 2x\" height=\"523\" width=\"931\"><source media=\"(min-width: 1280px)\" srcset=\"https:\/\/a57.foxnews.com\/static.foxnews.com\/foxnews.com\/content\/uploads\/2025\/05\/720\/405\/mettefrederiksen.png?ve=1&amp;tl=1, https:\/\/a57.foxnews.com\/static.foxnews.com\/foxnews.com\/content\/uploads\/2025\/05\/1440\/810\/mettefrederiksen.png?ve=1&amp;tl=1 2x\" height=\"405\" width=\"720\"><img loading=\"lazy\" decoding=\"async\" src=\"https:\/\/a57.foxnews.com\/static.foxnews.com\/foxnews.com\/content\/uploads\/2025\/05\/1200\/675\/mettefrederiksen.png?ve=1&amp;tl=1\" alt=\"El primer ministro de Gran Breta\u00f1a, Keir Stormer, habla con el primer ministro dan\u00e9s Mette Frederiksen\" width=\"1200\" height=\"675\"\/><\/source><\/source><\/source><\/source><\/picture><\/div>\n<div class=\"info\">\n<div class=\"caption\">\n<p><span>El primer ministro de Gran Breta\u00f1a, Keir Starmer, habla con el primer ministro dan\u00e9s Mette Frederiksen durante la Cumbre de L\u00edderes de la Fuerza Expedicionaria Conjunta (JEF) en Oslo, el viernes 9 de mayo de 2025.<\/span> <span>(AP)<\/span><\/p>\n<\/div>\n<\/div>\n<\/div>\n<p>Jefe de la Embajada de los Estados Unidos en Copenhague, Jennifer Hall Godfrey, se reuni\u00f3 con el diplom\u00e1tico dan\u00e9s Jeppe Tranholm-Mikkelsen en el Ministerio de Relaciones Exteriores daneses, aunque no se revelaron detalles de la reuni\u00f3n.<\/p>\n<p>El primer ministro de Groenlandia, Jens-Frederik Nielsen, le dijo al peri\u00f3dico de Groenlandia Sermitsiaq que los informes de espionaje de los Estados Unidos son inaceptables e irrespetuosos. <\/p>\n<p>Nielsen dijo el mes pasado que Groenlandia \u00abnunca ser\u00e1 una propiedad que cualquiera pueda comprar\u00bb y que \u00ablas conversaciones de los Estados Unidos no han sido respetuosas\u00bb.<\/p>\n<p><strong><u>Trump dice que no estaba &#8216;trolleando&#8217; sobre la adquisici\u00f3n de Groenlandia, Canad\u00e1 como el estado 51<\/u><\/strong><\/p>\n<div class=\"image-ct inline\">\n<div class=\"m\"><picture><source media=\"(max-width: 767px)\" srcset=\"https:\/\/a57.foxnews.com\/static.foxnews.com\/foxnews.com\/content\/uploads\/2025\/01\/343\/192\/tulsi-gabbard-dni.jpg?ve=1&amp;tl=1, https:\/\/a57.foxnews.com\/static.foxnews.com\/foxnews.com\/content\/uploads\/2025\/01\/686\/384\/tulsi-gabbard-dni.jpg?ve=1&amp;tl=1 2x\" height=\"192\" width=\"343\"><source media=\"(min-width: 768px) and (max-width: 1023px)\" srcset=\"https:\/\/a57.foxnews.com\/static.foxnews.com\/foxnews.com\/content\/uploads\/2025\/01\/672\/378\/tulsi-gabbard-dni.jpg?ve=1&amp;tl=1, https:\/\/a57.foxnews.com\/static.foxnews.com\/foxnews.com\/content\/uploads\/2025\/01\/1344\/756\/tulsi-gabbard-dni.jpg?ve=1&amp;tl=1 2x\" height=\"378\" width=\"672\"><source media=\"(min-width: 1024px) and (max-width: 1279px)\" srcset=\"https:\/\/a57.foxnews.com\/static.foxnews.com\/foxnews.com\/content\/uploads\/2025\/01\/931\/523\/tulsi-gabbard-dni.jpg?ve=1&amp;tl=1, https:\/\/a57.foxnews.com\/static.foxnews.com\/foxnews.com\/content\/uploads\/2025\/01\/1862\/1046\/tulsi-gabbard-dni.jpg?ve=1&amp;tl=1 2x\" height=\"523\" width=\"931\"><source media=\"(min-width: 1280px)\" srcset=\"https:\/\/a57.foxnews.com\/static.foxnews.com\/foxnews.com\/content\/uploads\/2025\/01\/720\/405\/tulsi-gabbard-dni.jpg?ve=1&amp;tl=1, https:\/\/a57.foxnews.com\/static.foxnews.com\/foxnews.com\/content\/uploads\/2025\/01\/1440\/810\/tulsi-gabbard-dni.jpg?ve=1&amp;tl=1 2x\" height=\"405\" width=\"720\"><img loading=\"lazy\" decoding=\"async\" src=\"https:\/\/a57.foxnews.com\/static.foxnews.com\/foxnews.com\/content\/uploads\/2025\/01\/1200\/675\/tulsi-gabbard-dni.jpg?ve=1&amp;tl=1\" alt=\"Tulsi Gabbard\" width=\"1200\" height=\"675\"\/><\/source><\/source><\/source><\/source><\/picture><\/div>\n<div class=\"info\">\n<div class=\"caption\">\n<p><span>Funcionarios bajo el director de inteligencia nacional de EE. UU., Tulsi Gabbard, dirigieron a la agencia de inteligencia que se dirige a recopilar informaci\u00f3n sobre el movimiento de independencia de Groenlandia y las opiniones sobre la extracci\u00f3n de recursos estadounidenses.<\/span> <span>(Getty Images)<\/span><\/p>\n<\/div>\n<\/div>\n<\/div>\n<p><strong><u>Haga clic aqu\u00ed para obtener la aplicaci\u00f3n Fox News<\/u><\/strong><\/p>\n<p>La oficina de Gabbard emiti\u00f3 un comunicado diciendo que hab\u00eda hecho tres referencias \u00abcriminales\u00bb al Departamento de Justicia de los Estados Unidos por filtraciones de la comunidad de inteligencia en respuesta al informe del Wall Street Journal, que cit\u00f3 dos fuentes familiarizadas con el asunto.<\/p>\n<p>\u00abEl Wall Street Journal deber\u00eda estar avergonzado de ayudar a los actores de Deep State que buscan socavar al presidente politizando y filtrando informaci\u00f3n clasificada\u00bb, dijo Gabbard. \u00abEst\u00e1n violando la ley y socavando la seguridad y la democracia de nuestra naci\u00f3n. Aquellos que filtren informaci\u00f3n clasificada ser\u00e1n encontrados y responsables al m\u00e1ximo de la ley\u00bb.<\/p>\n<p><i>Associated Press contribuy\u00f3 a este informe.<\/i><\/p>\n<p> <!----> <\/div>\n\n","protected":false},"excerpt":{"rendered":"<p>El primer ministro de Dinamarca, Mette Frederiksen, dijo el viernes que \u00abno se puede espiar contra un aliado\u00bb en respuesta a los informes de que Estados Unidos estaba reuniendo inteligencia en Groenlandia, ya que el presidente de los Estados Unidos, Donald Trump, ha seguido sugiriendo comprar la isla del \u00c1rtico. \u00abLa cooperaci\u00f3n sobre la defensa, &hellip;<\/p>\n","protected":false},"author":1,"featured_media":26634,"comment_status":"open","ping_status":"open","sticky":false,"template":"","format":"standard","meta":{"fifu_image_url":"https:\/\/static.foxnews.com\/foxnews.com\/content\/uploads\/2025\/05\/mette-frederiksen.png","fifu_image_alt":"","footnotes":""},"categories":[13],"tags":[],"class_list":["post-26632","post","type-post","status-publish","format-standard","has-post-thumbnail","","category-mundo"],"_links":{"self":[{"href":"https:\/\/noticiasveraces.com\/index.php?rest_route=\/wp\/v2\/posts\/26632","targetHints":{"allow":["GET"]}}],"collection":[{"href":"https:\/\/noticiasveraces.com\/index.php?rest_route=\/wp\/v2\/posts"}],"about":[{"href":"https:\/\/noticiasveraces.com\/index.php?rest_route=\/wp\/v2\/types\/post"}],"author":[{"embeddable":true,"href":"https:\/\/noticiasveraces.com\/index.php?rest_route=\/wp\/v2\/users\/1"}],"replies":[{"embeddable":true,"href":"https:\/\/noticiasveraces.com\/index.php?rest_route=%2Fwp%2Fv2%2Fcomments&post=26632"}],"version-history":[{"count":0,"href":"https:\/\/noticiasveraces.com\/index.php?rest_route=\/wp\/v2\/posts\/26632\/revisions"}],"wp:featuredmedia":[{"embeddable":true,"href":"https:\/\/noticiasveraces.com\/index.php?rest_route=\/wp\/v2\/media\/26634"}],"wp:attachment":[{"href":"https:\/\/noticiasveraces.com\/index.php?rest_route=%2Fwp%2Fv2%2Fmedia&parent=26632"}],"wp:term":[{"taxonomy":"category","embeddable":true,"href":"https:\/\/noticiasveraces.com\/index.php?rest_route=%2Fwp%2Fv2%2Fcategories&post=26632"},{"taxonomy":"post_tag","embeddable":true,"href":"https:\/\/noticiasveraces.com\/index.php?rest_route=%2Fwp%2Fv2%2Ftags&post=26632"}],"curies":[{"name":"wp","href":"https:\/\/api.w.org\/{rel}","templated":true}]}}