{"id":26612,"date":"2025-05-10T02:40:01","date_gmt":"2025-05-10T06:40:01","guid":{"rendered":"https:\/\/noticiasveraces.com\/?p=26612"},"modified":"2025-05-10T02:40:01","modified_gmt":"2025-05-10T06:40:01","slug":"lideres-de-alemania-francia-y-reino-unido-llegan-a-kiev-dw-10-05-2025","status":"publish","type":"post","link":"https:\/\/noticiasveraces.com\/?p=26612","title":{"rendered":"L\u00edderes de Alemania, Francia y Reino Unido llegan a Kiev \u2013 DW \u2013 10\/05\/2025"},"content":{"rendered":"<p> \n<\/p>\n<div>\n<p>El canciller alem\u00e1n Friedrich Merz lleg\u00f3 en tren a Kiev la ma\u00f1ana de este s\u00e1bado (10.05.2025) junto con el mandatario franc\u00e9s Emmanuel Macron y el primer ministro brit\u00e1nico Keir Starmer para impulsar un alto el fuego de 30 d\u00edas en Ucrania.<\/p>\n<p>Los tres dirigentes, junto con el primer ministro polaco Donald Tusk, tienen previsto reunirse con el presidente ucraniano, Volodimir Zelenski, para reafirmar el apoyo el apoyo de sus pa\u00edses ante la invasi\u00f3n rusa.<\/p>\n<p><em><strong>Noticia en desarrollo.<\/strong><\/em><\/p>\n<p>JC (DPA, AFP)<\/p>\n<\/p>\n<\/div>\n\n","protected":false},"excerpt":{"rendered":"<p>El canciller alem\u00e1n Friedrich Merz lleg\u00f3 en tren a Kiev la ma\u00f1ana de este s\u00e1bado (10.05.2025) junto con el mandatario franc\u00e9s Emmanuel Macron y el primer ministro brit\u00e1nico Keir Starmer para impulsar un alto el fuego de 30 d\u00edas en Ucrania. Los tres dirigentes, junto con el primer ministro polaco Donald Tusk, tienen previsto reunirse &hellip;<\/p>\n","protected":false},"author":1,"featured_media":26614,"comment_status":"open","ping_status":"open","sticky":false,"template":"","format":"standard","meta":{"fifu_image_url":"https:\/\/static.dw.com\/image\/65701260_6.jpg","fifu_image_alt":"","footnotes":""},"categories":[13],"tags":[],"class_list":["post-26612","post","type-post","status-publish","format-standard","has-post-thumbnail","","category-mundo"],"_links":{"self":[{"href":"https:\/\/noticiasveraces.com\/index.php?rest_route=\/wp\/v2\/posts\/26612","targetHints":{"allow":["GET"]}}],"collection":[{"href":"https:\/\/noticiasveraces.com\/index.php?rest_route=\/wp\/v2\/posts"}],"about":[{"href":"https:\/\/noticiasveraces.com\/index.php?rest_route=\/wp\/v2\/types\/post"}],"author":[{"embeddable":true,"href":"https:\/\/noticiasveraces.com\/index.php?rest_route=\/wp\/v2\/users\/1"}],"replies":[{"embeddable":true,"href":"https:\/\/noticiasveraces.com\/index.php?rest_route=%2Fwp%2Fv2%2Fcomments&post=26612"}],"version-history":[{"count":0,"href":"https:\/\/noticiasveraces.com\/index.php?rest_route=\/wp\/v2\/posts\/26612\/revisions"}],"wp:featuredmedia":[{"embeddable":true,"href":"https:\/\/noticiasveraces.com\/index.php?rest_route=\/wp\/v2\/media\/26614"}],"wp:attachment":[{"href":"https:\/\/noticiasveraces.com\/index.php?rest_route=%2Fwp%2Fv2%2Fmedia&parent=26612"}],"wp:term":[{"taxonomy":"category","embeddable":true,"href":"https:\/\/noticiasveraces.com\/index.php?rest_route=%2Fwp%2Fv2%2Fcategories&post=26612"},{"taxonomy":"post_tag","embeddable":true,"href":"https:\/\/noticiasveraces.com\/index.php?rest_route=%2Fwp%2Fv2%2Ftags&post=26612"}],"curies":[{"name":"wp","href":"https:\/\/api.w.org\/{rel}","templated":true}]}}