{"id":26585,"date":"2025-05-09T23:07:20","date_gmt":"2025-05-10T03:07:20","guid":{"rendered":"https:\/\/noticiasveraces.com\/?p=26585"},"modified":"2025-05-09T23:07:20","modified_gmt":"2025-05-10T03:07:20","slug":"zurda-vinculada-al-autismo-esquizofrenia-en-el-importante-estudio-neurologico","status":"publish","type":"post","link":"https:\/\/noticiasveraces.com\/?p=26585","title":{"rendered":"Zurda vinculada al autismo, esquizofrenia en el importante estudio neurol\u00f3gico"},"content":{"rendered":"<p> \n<\/p>\n<div>\n<p class=\"speakable\">Zurda y segura <u>trastornos neurol\u00f3gicos<\/u> Podr\u00eda ir de la mano, revel\u00f3 un nuevo estudio, aunque los investigadores y otros reconocieron limitaciones potenciales. <\/p>\n<p class=\"speakable\">Mientras que alrededor del 10% de las personas en el mundo son zurdos, <u>Gente con autismo<\/u> son 3.5 veces m\u00e1s probabilidades de tener el rasgo, seg\u00fan un equipo internacional de investigadores que analiz\u00f3 datos de m\u00e1s de 200,000 personas.<\/p>\n<p>El estudio, publicado en la revista Psychological Bulletin, indic\u00f3 que la mano izquierda y mixta tambi\u00e9n aparece m\u00e1s a menudo en personas que tienen diagn\u00f3sticos como la esquizofrenia, el autismo y la discapacidad intelectual.<\/p>\n<p><strong><u>El aumento de las tasas de autismo ahora afectan al 3% de los ni\u00f1os, dice el informe de los CDC<\/u><\/strong><\/p>\n<p>La mano mixta se refiere a una situaci\u00f3n en la que las personas pueden usar su mano izquierda para una determinada tarea y su mano derecha para los dem\u00e1s, seg\u00fan expertos en psicolog\u00eda. <\/p>\n<p>Esto es ligeramente diferente de la ambidexteridad, que es el mismo uso de ambas manos. <\/p>\n<div class=\"image-ct inline\">\n<div class=\"m\"><picture><source media=\"(max-width: 767px)\" srcset=\"https:\/\/a57.foxnews.com\/static.foxnews.com\/foxnews.com\/content\/uploads\/2025\/05\/343\/192\/gettyimages-1324826222.jpg?ve=1&amp;tl=1, https:\/\/a57.foxnews.com\/static.foxnews.com\/foxnews.com\/content\/uploads\/2025\/05\/686\/384\/gettyimages-1324826222.jpg?ve=1&amp;tl=1 2x\" height=\"192\" width=\"343\"><source media=\"(min-width: 768px) and (max-width: 1023px)\" srcset=\"https:\/\/a57.foxnews.com\/static.foxnews.com\/foxnews.com\/content\/uploads\/2025\/05\/672\/378\/gettyimages-1324826222.jpg?ve=1&amp;tl=1, https:\/\/a57.foxnews.com\/static.foxnews.com\/foxnews.com\/content\/uploads\/2025\/05\/1344\/756\/gettyimages-1324826222.jpg?ve=1&amp;tl=1 2x\" height=\"378\" width=\"672\"><source media=\"(min-width: 1024px) and (max-width: 1279px)\" srcset=\"https:\/\/a57.foxnews.com\/static.foxnews.com\/foxnews.com\/content\/uploads\/2025\/05\/931\/523\/gettyimages-1324826222.jpg?ve=1&amp;tl=1, https:\/\/a57.foxnews.com\/static.foxnews.com\/foxnews.com\/content\/uploads\/2025\/05\/1862\/1046\/gettyimages-1324826222.jpg?ve=1&amp;tl=1 2x\" height=\"523\" width=\"931\"><source media=\"(min-width: 1280px)\" srcset=\"https:\/\/a57.foxnews.com\/static.foxnews.com\/foxnews.com\/content\/uploads\/2025\/05\/720\/405\/gettyimages-1324826222.jpg?ve=1&amp;tl=1, https:\/\/a57.foxnews.com\/static.foxnews.com\/foxnews.com\/content\/uploads\/2025\/05\/1440\/810\/gettyimages-1324826222.jpg?ve=1&amp;tl=1 2x\" height=\"405\" width=\"720\"><img loading=\"lazy\" decoding=\"async\" src=\"https:\/\/a57.foxnews.com\/static.foxnews.com\/foxnews.com\/content\/uploads\/2025\/05\/1200\/675\/gettyimages-1324826222.jpg?ve=1&amp;tl=1\" alt=\"Una mujer joven se sienta en su cama, escribiendo en su diario con su mano izquierda.\" width=\"1200\" height=\"675\"\/><\/source><\/source><\/source><\/source><\/picture><\/div>\n<div class=\"info\">\n<div class=\"caption\">\n<p><span>El estudio mostr\u00f3 que la mano izquierda y mixta aparece con mayor frecuencia en personas que tienen ciertos diagn\u00f3sticos como la esquizofrenia, el autismo y la discapacidad intelectual.<\/span> <span>(Istock)<\/span><\/p>\n<\/div>\n<\/div>\n<\/div>\n<p>\u00abLas conclusiones clave de este estudio son que las alteraciones en la preferencia de la mano de la norma (es decir, la mano derecha) est\u00e1n asociadas especialmente con las condiciones psiqui\u00e1tricas y psicol\u00f3gicas que afectan el sistema ling\u00fc\u00edstico (p. Ej.<\/p>\n<p>Es investigador del Instituto de Neurociencia Cognitiva de la Universidad de Ruhr Bochum en Alemania.<\/p>\n<blockquote class=\"pull-quote\">\n<p class=\"quote-text\">\u00abLa correlaci\u00f3n no implica causalidad, y ser zurdo no significa que alguien desarrolle autismo o esquizofrenia\u00bb.<\/p>\n<p> <!----><\/p><\/blockquote>\n<p>No todas las condiciones neurol\u00f3gicas mostraron un v\u00ednculo con la mano dominante de las personas.<\/p>\n<p>La depresi\u00f3n y la discalculia (una discapacidad de aprendizaje matem\u00e1tico), por ejemplo, no mostraron una diferencia significativa en la preferencia de la mano en comparaci\u00f3n con los grupos de control, seg\u00fan el estudio.<\/p>\n<h2><strong>Factor de lenguaje<\/strong><\/h2>\n<p>Los investigadores tambi\u00e9n determinaron que la \u00abmano at\u00edpica\u00bb puede estar asociada con s\u00edntomas ling\u00fc\u00edsticos a largo plazo como tartamudeo y dislexia.<\/p>\n<p>\u00abEn la mayor\u00eda de las personas, el dominante <u>lado de su cerebro<\/u> T\u00edpicamente es donde se encuentra el habla, el lenguaje, el procesamiento de pensamiento l\u00f3gico y la preferencia de la mano \u00ab, dijo a Fox Digital Digital, el Dr. Earnest Lee Murray, neur\u00f3logo de West Tennessee Medical Group. <\/p>\n<p>No estuvo involucrado con el nuevo estudio. <\/p>\n<p><strong><u>Los ni\u00f1os con autismo pueden ver mejoras del habla con un medicamento recetado fuera de etiqueta<\/u><\/strong><\/p>\n<p>\u00abLas personas que son zurdas o ambidiestras a menudo no tienen un cerebro unilateral tan dominante, m\u00e1s bien, las partes clave del lenguaje se pueden dividir entre ambos lados\u00bb, dijo Murray tambi\u00e9n. <\/p>\n<p>El estudio tambi\u00e9n examin\u00f3 la probabilidad de entrega at\u00edpica en poblaciones cl\u00ednicas, o grupos de personas diagnosticadas con un conjunto espec\u00edfico de <u>condiciones de salud<\/u> en comparaci\u00f3n con una poblaci\u00f3n de control. <\/p>\n<div class=\"image-ct inline\">\n<div class=\"m\"><picture><source media=\"(max-width: 767px)\" srcset=\"https:\/\/a57.foxnews.com\/static.foxnews.com\/foxnews.com\/content\/uploads\/2025\/05\/343\/192\/gettyimages-157505780.jpg?ve=1&amp;tl=1, https:\/\/a57.foxnews.com\/static.foxnews.com\/foxnews.com\/content\/uploads\/2025\/05\/686\/384\/gettyimages-157505780.jpg?ve=1&amp;tl=1 2x\" height=\"192\" width=\"343\"><source media=\"(min-width: 768px) and (max-width: 1023px)\" srcset=\"https:\/\/a57.foxnews.com\/static.foxnews.com\/foxnews.com\/content\/uploads\/2025\/05\/672\/378\/gettyimages-157505780.jpg?ve=1&amp;tl=1, https:\/\/a57.foxnews.com\/static.foxnews.com\/foxnews.com\/content\/uploads\/2025\/05\/1344\/756\/gettyimages-157505780.jpg?ve=1&amp;tl=1 2x\" height=\"378\" width=\"672\"><source media=\"(min-width: 1024px) and (max-width: 1279px)\" srcset=\"https:\/\/a57.foxnews.com\/static.foxnews.com\/foxnews.com\/content\/uploads\/2025\/05\/931\/523\/gettyimages-157505780.jpg?ve=1&amp;tl=1, https:\/\/a57.foxnews.com\/static.foxnews.com\/foxnews.com\/content\/uploads\/2025\/05\/1862\/1046\/gettyimages-157505780.jpg?ve=1&amp;tl=1 2x\" height=\"523\" width=\"931\"><source media=\"(min-width: 1280px)\" srcset=\"https:\/\/a57.foxnews.com\/static.foxnews.com\/foxnews.com\/content\/uploads\/2025\/05\/720\/405\/gettyimages-157505780.jpg?ve=1&amp;tl=1, https:\/\/a57.foxnews.com\/static.foxnews.com\/foxnews.com\/content\/uploads\/2025\/05\/1440\/810\/gettyimages-157505780.jpg?ve=1&amp;tl=1 2x\" height=\"405\" width=\"720\"><img loading=\"lazy\" decoding=\"async\" src=\"https:\/\/a57.foxnews.com\/static.foxnews.com\/foxnews.com\/content\/uploads\/2025\/05\/1200\/675\/gettyimages-157505780.jpg?ve=1&amp;tl=1\" alt=\"Una ni\u00f1a y un ni\u00f1o peque\u00f1o escriben en papel en su sal\u00f3n de clases en sus escritorios. La ni\u00f1a est\u00e1 escribiendo con su mano izquierda.\" width=\"1200\" height=\"675\"\/><\/source><\/source><\/source><\/source><\/picture><\/div>\n<div class=\"info\">\n<div class=\"caption\">\n<p><span>Parece que los s\u00edntomas de un trastorno anterior surgieron, los investigadores con mayor frecuencia vieron casos de mano izquierda y mixta.<\/span> <span>(Istock)<\/span><\/p>\n<\/div>\n<\/div>\n<\/div>\n<p>\u00abSospechamos que la mano izquierda y mixta podr\u00eda asociarse con trastornos cuyos s\u00edntomas est\u00e1n relacionados con el lenguaje\u00bb, dijo Packheiser en un comunicado de prensa sobre el estudio.<\/p>\n<p>\u00abEl lenguaje, como la mano, tiene una ubicaci\u00f3n muy unilateral en el cerebro, por lo que es l\u00f3gico razonar que el desarrollo de tanto y sus trastornos podr\u00edan estar vinculados\u00bb.<\/p>\n<h2><strong>El tiempo es clave<\/strong><\/h2>\n<p>Los investigadores tambi\u00e9n consideraron otros factores que podr\u00edan entrar en juego, como la edad en que una persona podr\u00eda exhibir s\u00edntomas.<\/p>\n<p><strong><u>Haga clic aqu\u00ed para registrarse en nuestro bolet\u00edn de salud<\/u><\/strong><\/p>\n<p>Parece que el anterior a <u>S\u00edntomas del desorden<\/u> Surgi\u00f3, los investigadores con mayor frecuencia vieron casos de mano izquierda y mixta.<\/p>\n<p>Los investigadores plantearon la hip\u00f3tesis de que la mano izquierda y mixta podr\u00eda asociarse con enfermedades que ocurren muy temprano en la vida, porque la mano dominante se determina a una edad muy temprana, posiblemente incluso <u>antes del nacimiento<\/u>.<\/p>\n<p><strong><u>Haga clic aqu\u00ed para obtener la aplicaci\u00f3n Fox News<\/u><\/strong><\/p>\n<p>En el \u00fatero, la gestaci\u00f3n de las 10 semanas est\u00e1 muy vinculada a la que se preferir\u00e1 la mano m\u00e1s adelante en la vida, se\u00f1alaron.<\/p>\n<p>La conexi\u00f3n podr\u00eda ayudar a los expertos potencialmente a comprender la forma en que se organizan los cerebros y c\u00f3mo se desarrollan.<\/p>\n<div class=\"image-ct inline\">\n<div class=\"m\"><picture><source media=\"(max-width: 767px)\" srcset=\"https:\/\/a57.foxnews.com\/static.foxnews.com\/foxnews.com\/content\/uploads\/2025\/05\/343\/192\/gettyimages-1412478355.jpg?ve=1&amp;tl=1, https:\/\/a57.foxnews.com\/static.foxnews.com\/foxnews.com\/content\/uploads\/2025\/05\/686\/384\/gettyimages-1412478355.jpg?ve=1&amp;tl=1 2x\" height=\"192\" width=\"343\"><source media=\"(min-width: 768px) and (max-width: 1023px)\" srcset=\"https:\/\/a57.foxnews.com\/static.foxnews.com\/foxnews.com\/content\/uploads\/2025\/05\/672\/378\/gettyimages-1412478355.jpg?ve=1&amp;tl=1, https:\/\/a57.foxnews.com\/static.foxnews.com\/foxnews.com\/content\/uploads\/2025\/05\/1344\/756\/gettyimages-1412478355.jpg?ve=1&amp;tl=1 2x\" height=\"378\" width=\"672\"><source media=\"(min-width: 1024px) and (max-width: 1279px)\" srcset=\"https:\/\/a57.foxnews.com\/static.foxnews.com\/foxnews.com\/content\/uploads\/2025\/05\/931\/523\/gettyimages-1412478355.jpg?ve=1&amp;tl=1, https:\/\/a57.foxnews.com\/static.foxnews.com\/foxnews.com\/content\/uploads\/2025\/05\/1862\/1046\/gettyimages-1412478355.jpg?ve=1&amp;tl=1 2x\" height=\"523\" width=\"931\"><source media=\"(min-width: 1280px)\" srcset=\"https:\/\/a57.foxnews.com\/static.foxnews.com\/foxnews.com\/content\/uploads\/2025\/05\/720\/405\/gettyimages-1412478355.jpg?ve=1&amp;tl=1, https:\/\/a57.foxnews.com\/static.foxnews.com\/foxnews.com\/content\/uploads\/2025\/05\/1440\/810\/gettyimages-1412478355.jpg?ve=1&amp;tl=1 2x\" height=\"405\" width=\"720\"><img loading=\"lazy\" decoding=\"async\" src=\"https:\/\/a57.foxnews.com\/static.foxnews.com\/foxnews.com\/content\/uploads\/2025\/05\/1200\/675\/gettyimages-1412478355.jpg?ve=1&amp;tl=1\" alt=\"Imagen de una mano izquierda cerca colocando palma plana hacia abajo sobre un fondo rosa. Las u\u00f1as est\u00e1n cuidadas y pintadas de color rosa claro.\" width=\"1200\" height=\"675\"\/><\/source><\/source><\/source><\/source><\/picture><\/div>\n<div class=\"info\">\n<div class=\"caption\">\n<p><span>El nuevo estudio viene con posibles limitaciones. No todas las condiciones neurol\u00f3gicas muestran un v\u00ednculo con la mano dominante de la persona, seg\u00fan los expertos.<\/span> <span>(Istock)<\/span><\/p>\n<\/div>\n<\/div>\n<\/div>\n<p>\u00abEl estudio tiene implicaciones al comprender las formas de finular la neurorrehabilitaci\u00f3n de pacientes con afecciones cerebrales unilateral, como el accidente cerebrovascular, como el accidente cerebrovascular, <u>esclerosis m\u00faltiple<\/u> o lesi\u00f3n cerebral traum\u00e1tica \u00ab, dijo Murray.<\/p>\n<h2><strong>Limitaciones potenciales<\/strong><\/h2>\n<p>Jonathan Alpert, psicoterapeuta y autor con sede en Manhattan, dijo que el estudio fue \u00abinteresante\u00bb, aunque enfatiz\u00f3 sus limitaciones.<\/p>\n<p>\u00abLa correlaci\u00f3n no implica causalidad, y ser zurdo no significa que alguien desarrolle autismo o esquizofrenia\u00bb, dijo Alpert, quien no particip\u00f3 en el estudio, a Fox News Digital. <\/p>\n<p>\u00abLa mano es solo uno de los muchos factores que pueden asociarse con rasgos neurol\u00f3gicos, y estos hallazgos deben interpretarse con precauci\u00f3n para evitar alarmas o estigma innecesarios\u00bb.<\/p>\n<div class=\"image-ct inline\">\n<div class=\"m\"><picture><source media=\"(max-width: 767px)\" srcset=\"https:\/\/a57.foxnews.com\/static.foxnews.com\/foxnews.com\/content\/uploads\/2023\/09\/343\/192\/depressed-woman.jpg?ve=1&amp;tl=1, https:\/\/a57.foxnews.com\/static.foxnews.com\/foxnews.com\/content\/uploads\/2023\/09\/686\/384\/depressed-woman.jpg?ve=1&amp;tl=1 2x\" height=\"192\" width=\"343\"><source media=\"(min-width: 768px) and (max-width: 1023px)\" srcset=\"https:\/\/a57.foxnews.com\/static.foxnews.com\/foxnews.com\/content\/uploads\/2023\/09\/672\/378\/depressed-woman.jpg?ve=1&amp;tl=1, https:\/\/a57.foxnews.com\/static.foxnews.com\/foxnews.com\/content\/uploads\/2023\/09\/1344\/756\/depressed-woman.jpg?ve=1&amp;tl=1 2x\" height=\"378\" width=\"672\"><source media=\"(min-width: 1024px) and (max-width: 1279px)\" srcset=\"https:\/\/a57.foxnews.com\/static.foxnews.com\/foxnews.com\/content\/uploads\/2023\/09\/931\/523\/depressed-woman.jpg?ve=1&amp;tl=1, https:\/\/a57.foxnews.com\/static.foxnews.com\/foxnews.com\/content\/uploads\/2023\/09\/1862\/1046\/depressed-woman.jpg?ve=1&amp;tl=1 2x\" height=\"523\" width=\"931\"><source media=\"(min-width: 1280px)\" srcset=\"https:\/\/a57.foxnews.com\/static.foxnews.com\/foxnews.com\/content\/uploads\/2023\/09\/720\/405\/depressed-woman.jpg?ve=1&amp;tl=1, https:\/\/a57.foxnews.com\/static.foxnews.com\/foxnews.com\/content\/uploads\/2023\/09\/1440\/810\/depressed-woman.jpg?ve=1&amp;tl=1 2x\" height=\"405\" width=\"720\"><img loading=\"lazy\" decoding=\"async\" src=\"https:\/\/a57.foxnews.com\/static.foxnews.com\/foxnews.com\/content\/uploads\/2023\/09\/1200\/675\/depressed-woman.jpg?ve=1&amp;tl=1\" alt=\"Mujer deprimida\" width=\"1200\" height=\"675\"\/><\/source><\/source><\/source><\/source><\/picture><\/div>\n<div class=\"info\">\n<div class=\"caption\">\n<p><span>La depresi\u00f3n no mostr\u00f3 una diferencia significativa en la preferencia de la mano en comparaci\u00f3n con los grupos de control, seg\u00fan el estudio.<\/span> <span>(Istock)<\/span><\/p>\n<\/div>\n<\/div>\n<\/div>\n<p>Alpert pidi\u00f3 m\u00e1s investigaci\u00f3n para comprender la relaci\u00f3n, si la hay, entre la mano y la salud mental.<\/p>\n<p>El autor principal Packheiser acord\u00f3 que los resultados son \u00abpuramente correlacionales\u00bb.<\/p>\n<p>\u00abNo tenemos evidencia causal de que desarrollar un trastorno psiqui\u00e1trico vinculado al lenguaje o al neurodesarrollo cause un cambio en la mano, o si los cambios en la mano causan alg\u00fan trastorno\u00bb, dijo a Fox News Digital. <\/p>\n<p><i><strong><u>Para m\u00e1s art\u00edculos de salud, visite www.foxnews.com\/Health<\/u><\/strong><\/i><\/p>\n<p>\u00abPor lo tanto, las personas del p\u00fablico en general nunca deber\u00edan alarmarse si su hijo prefiere usar la mano izquierda\u00bb, dijo el investigador.<\/p>\n<p>\u00abPero dado el aumento de los trastornos mentales en la poblaci\u00f3n, es importante comprenderlos mejor\u00bb.<\/p>\n<p> <!----> <\/p>\n<div class=\"article-meta\">\n<div class=\"author-bio\">\n<p>Khloe Quill es asistente de producci\u00f3n de estilo de vida con Fox News Digital. Ella y el equipo de estilo de vida cubren una variedad de temas de historias que incluyen comida y bebida, viajes y salud. <\/p>\n<\/div>\n<\/div>\n<\/div>\n\n","protected":false},"excerpt":{"rendered":"<p>Zurda y segura trastornos neurol\u00f3gicos Podr\u00eda ir de la mano, revel\u00f3 un nuevo estudio, aunque los investigadores y otros reconocieron limitaciones potenciales. Mientras que alrededor del 10% de las personas en el mundo son zurdos, Gente con autismo son 3.5 veces m\u00e1s probabilidades de tener el rasgo, seg\u00fan un equipo internacional de investigadores que analiz\u00f3 &hellip;<\/p>\n","protected":false},"author":1,"featured_media":26587,"comment_status":"open","ping_status":"open","sticky":false,"template":"","format":"standard","meta":{"fifu_image_url":"https:\/\/a57.foxnews.com\/static.foxnews.com\/foxnews.com\/content\/uploads\/2025\/05\/1200\/675\/gettyimages-1324826222.jpg?ve=1&tl=1","fifu_image_alt":"","footnotes":""},"categories":[8],"tags":[],"class_list":["post-26585","post","type-post","status-publish","format-standard","has-post-thumbnail","","category-salud"],"_links":{"self":[{"href":"https:\/\/noticiasveraces.com\/index.php?rest_route=\/wp\/v2\/posts\/26585","targetHints":{"allow":["GET"]}}],"collection":[{"href":"https:\/\/noticiasveraces.com\/index.php?rest_route=\/wp\/v2\/posts"}],"about":[{"href":"https:\/\/noticiasveraces.com\/index.php?rest_route=\/wp\/v2\/types\/post"}],"author":[{"embeddable":true,"href":"https:\/\/noticiasveraces.com\/index.php?rest_route=\/wp\/v2\/users\/1"}],"replies":[{"embeddable":true,"href":"https:\/\/noticiasveraces.com\/index.php?rest_route=%2Fwp%2Fv2%2Fcomments&post=26585"}],"version-history":[{"count":0,"href":"https:\/\/noticiasveraces.com\/index.php?rest_route=\/wp\/v2\/posts\/26585\/revisions"}],"wp:featuredmedia":[{"embeddable":true,"href":"https:\/\/noticiasveraces.com\/index.php?rest_route=\/wp\/v2\/media\/26587"}],"wp:attachment":[{"href":"https:\/\/noticiasveraces.com\/index.php?rest_route=%2Fwp%2Fv2%2Fmedia&parent=26585"}],"wp:term":[{"taxonomy":"category","embeddable":true,"href":"https:\/\/noticiasveraces.com\/index.php?rest_route=%2Fwp%2Fv2%2Fcategories&post=26585"},{"taxonomy":"post_tag","embeddable":true,"href":"https:\/\/noticiasveraces.com\/index.php?rest_route=%2Fwp%2Fv2%2Ftags&post=26585"}],"curies":[{"name":"wp","href":"https:\/\/api.w.org\/{rel}","templated":true}]}}