{"id":26570,"date":"2025-05-09T19:28:03","date_gmt":"2025-05-09T23:28:03","guid":{"rendered":"https:\/\/noticiasveraces.com\/?p=26570"},"modified":"2025-05-09T19:28:03","modified_gmt":"2025-05-09T23:28:03","slug":"friedrich-merz-no-desata-euforia-en-alemania-dw-09-05-2025","status":"publish","type":"post","link":"https:\/\/noticiasveraces.com\/?p=26570","title":{"rendered":"Friedrich Merz no desata euforia en Alemania \u2013 DW \u2013 09\/05\/2025"},"content":{"rendered":"<p> \n<\/p>\n<div>\n<p>No fue un comienzo muy brillante. Al contrario: la jornada empez\u00f3 con una debacle. El cristianodem\u00f3crata Friedrich Merz requiri\u00f3 una segunda votaci\u00f3n en el Bundestag para ser elegido canciller.<\/p>\n<p>En la primera no obtuvo la mayor\u00eda absoluta necesaria. Algo semejante nunca hab\u00eda ocurrido en la historia de la Rep\u00fablica Federal de Alemania.<\/p>\n<p>No se puede hablar de euforia. As\u00ed lo ve tambi\u00e9n la mayor\u00eda de los alemanes, seg\u00fan una encuesta realizada para la cadena ARD por el instituto demosc\u00f3pico infratest dimap, que entrevist\u00f3 a una muestra representativa de 1.325 personas con derecho a voto los d\u00edas\u00a05 y 6 de mayo de 2025.<\/p>\n<p>S\u00f3lo cuatro de cada diez encuestados mostr\u00f3 una opini\u00f3n positiva de la nueva coalici\u00f3n de cristianodem\u00f3cratas y socialdem\u00f3cratas. Esta solo consigui\u00f3 una aprobaci\u00f3n mayoritaria entre los seguidores de esos partidos.<\/p>\n<h2>Escepticismo mayoritario<\/h2>\n<p>Sea como fuere, Friedrich Merz ha cumplido su deseo. Tras una ardua trayectoria, se ha convertido en canciller de Alemania. Pero \u00bfes el hombre adecuado para el cargo? El 59 por ciento de los alemanes no lo cree as\u00ed. Solo un 32 por ciento piensa que s\u00ed lo es.<\/p>\n<p>El \u00fanico integrante del nuevo gabinete que obtuvo una muy buena evaluaci\u00f3n es el ministro de Defensa, el socialdem\u00f3crata Boris Pistorius, quien dirig\u00eda la cartera en el Gobierno anterior y conserv\u00f3 su cargo. El 73 por ciento de los encuestados lo aprueba.<\/p>\n<p><span data-slot-id=\"Article_InContent-1\" class=\"rich-text-ad\"\/><\/p>\n<h2>Opiniones sobre la AfD<\/h2>\n<p>A comienzos de mayo, el servicio de inteligencia alem\u00e1n BfV catalog\u00f3 de \u00abextrema derecha\u201d al partido Alternativa para Alemania (AfD). El jueves (08.05.25), el organismo suspendi\u00f3 moment\u00e1neamente el uso de tal designaci\u00f3n, mientras un tribunal analiza el reclamo presentado por el partido\u00a0al respecto.<\/p>\n<p>Eso no implica que haya habido un cambio en el fondo del asunto. El BfV recopil\u00f3 durante a\u00f1os pruebas que lo llevaron de la conclusi\u00f3n de que los objetivos de AfD apuntan contra la democracia, el Estado de derecho y la dignidad humana. El 67 por ciento de los encuestados coincide con esa apreciaci\u00f3n.<\/p>\n<p>Sin embargo, a la mayor\u00eda de los partidarios de la AfD parecen importarles m\u00e1s los temas que aborda\u00a0que el calificativo de extrema derecha. El rechazo a la inmigraci\u00f3n obtiene un reconocimiento casi irrestricto dentro de sus propias filas. Pero tambi\u00e9n el 45 por ciento de los ciudadanos en general comparte la opini\u00f3n de que se deber\u00eda limitar con m\u00e1s rigor el ingreso de extranjeros al pa\u00eds.<\/p>\n<p>De acuerdo con el sondeo, un 43 por ciento considera apropiado un proceso para prohibir el partido\u00a0AfD, mientras que un 47 por ciento se muestra contrario a semejante medida, que ha sido varias veces tema de discusi\u00f3n en Alemania.<\/p>\n<p>De todos modos, el partido Alternativa para Alemania sigue siendo la principal fuerza opositora. El actual sondeo indic\u00f3 que obtendr\u00eda el 23 por ciento de los votos si hubiera elecciones el pr\u00f3ximo domingo. La Uni\u00f3n Cristianodem\u00f3crata de Merz seguir\u00eda a la cabeza, con un 27 por ciento de la intenci\u00f3n de voto, mientras que los socialdem\u00f3cratas lograr\u00edan un 16 por ciento.<\/p>\n<h2>80 aniversario del fin de la II Guerra Mundial<\/h2>\n<p>El 8 de mayo se conmemor\u00f3 el 80 aniversario del t\u00e9rmino de la II Guerra Mundial. La fecha reaviv\u00f3 el debate sobre si se deber\u00eda dar vuelta a la p\u00e1gina de los horrores del nacionalsocialismo. Eso es lo que pide sobre todo la AfD.<\/p>\n<p>En la encuesta, casi la mitad de los seguidores de ese partido opin\u00f3 que se recuerdan excesivamente los cr\u00edmenes nazis. Solo un nueve por ciento de este grupo piensa que se recuerdan demasiado poco.\u00a0En los restantes partidos, el cuadro es opuesto. Solo una minor\u00eda de sus adherentes -entre un 9 y un 16 por ciento- opina que se deber\u00eda dar por cerrado ese cap\u00edtulo.<\/p>\n<p>(ERS\/MS)<\/p>\n<\/p>\n<\/div>\n\n","protected":false},"excerpt":{"rendered":"<p>No fue un comienzo muy brillante. Al contrario: la jornada empez\u00f3 con una debacle. El cristianodem\u00f3crata Friedrich Merz requiri\u00f3 una segunda votaci\u00f3n en el Bundestag para ser elegido canciller. En la primera no obtuvo la mayor\u00eda absoluta necesaria. Algo semejante nunca hab\u00eda ocurrido en la historia de la Rep\u00fablica Federal de Alemania. No se puede &hellip;<\/p>\n","protected":false},"author":1,"featured_media":26571,"comment_status":"open","ping_status":"open","sticky":false,"template":"","format":"standard","meta":{"fifu_image_url":"https:\/\/static.dw.com\/image\/72463679_6.jpg","fifu_image_alt":"","footnotes":""},"categories":[13],"tags":[],"class_list":["post-26570","post","type-post","status-publish","format-standard","has-post-thumbnail","","category-mundo"],"_links":{"self":[{"href":"https:\/\/noticiasveraces.com\/index.php?rest_route=\/wp\/v2\/posts\/26570","targetHints":{"allow":["GET"]}}],"collection":[{"href":"https:\/\/noticiasveraces.com\/index.php?rest_route=\/wp\/v2\/posts"}],"about":[{"href":"https:\/\/noticiasveraces.com\/index.php?rest_route=\/wp\/v2\/types\/post"}],"author":[{"embeddable":true,"href":"https:\/\/noticiasveraces.com\/index.php?rest_route=\/wp\/v2\/users\/1"}],"replies":[{"embeddable":true,"href":"https:\/\/noticiasveraces.com\/index.php?rest_route=%2Fwp%2Fv2%2Fcomments&post=26570"}],"version-history":[{"count":0,"href":"https:\/\/noticiasveraces.com\/index.php?rest_route=\/wp\/v2\/posts\/26570\/revisions"}],"wp:featuredmedia":[{"embeddable":true,"href":"https:\/\/noticiasveraces.com\/index.php?rest_route=\/wp\/v2\/media\/26571"}],"wp:attachment":[{"href":"https:\/\/noticiasveraces.com\/index.php?rest_route=%2Fwp%2Fv2%2Fmedia&parent=26570"}],"wp:term":[{"taxonomy":"category","embeddable":true,"href":"https:\/\/noticiasveraces.com\/index.php?rest_route=%2Fwp%2Fv2%2Fcategories&post=26570"},{"taxonomy":"post_tag","embeddable":true,"href":"https:\/\/noticiasveraces.com\/index.php?rest_route=%2Fwp%2Fv2%2Ftags&post=26570"}],"curies":[{"name":"wp","href":"https:\/\/api.w.org\/{rel}","templated":true}]}}