{"id":26538,"date":"2025-05-09T15:24:48","date_gmt":"2025-05-09T19:24:48","guid":{"rendered":"https:\/\/noticiasveraces.com\/?p=26538"},"modified":"2025-05-09T15:24:48","modified_gmt":"2025-05-09T19:24:48","slug":"gaza-la-sombra-en-las-relaciones-entre-alemania-e-israel-dw-09-05-2025","status":"publish","type":"post","link":"https:\/\/noticiasveraces.com\/?p=26538","title":{"rendered":"Gaza, la sombra en las relaciones entre Alemania e Israel \u2013 DW \u2013 09\/05\/2025"},"content":{"rendered":"<p> \n<\/p>\n<div>\n<p>Hace 60 a\u00f1os, el 12 de mayo de 1965, Alemania e Israelestablecieron relaciones diplom\u00e1ticas tras largos preparativos, lo que entonces\u00a0no era\u00a0del todo evidente: el fin de la Segunda Guerra Mundial en Europa hab\u00eda tenido lugar tan solo 20 a\u00f1os antes.<\/p>\n<p>El recuerdo del genocidio de la Alemania nazi contra los jud\u00edos europeos estaba a\u00fan presente en ambos pa\u00edses. Incluso ahora, 80 a\u00f1os despu\u00e9s del fin de la guerra, las relaciones con Israel siguen siendo muy importantes, aunque\u00a0tambi\u00e9n dif\u00edciles.<\/p>\n<h2>Herzog en Berl\u00edn, Steinmeier en Israel<\/h2>\n<p>El presidente israel\u00ed, Isaac Herzog, visitar\u00e1 Berl\u00edn para conmemorar el aniversario. Junto con el presidente alem\u00e1n, Frank-Walter Steinmeier, Herzog planea visitar el Monumento Conmemorativo del Holocausto \u00abAnd\u00e9n 17\u00bb, en la estaci\u00f3n de Grunewald. 10.000 jud\u00edos fueron deportados desde all\u00ed a campos de concentraci\u00f3n durante la era nazi.<\/p>\n<p>Herzog se reunir\u00e1 con m\u00e1s de 100 j\u00f3venes alemanes e israel\u00edes, consciente del aumento significativo del antisemitismo, sobre todo\u00a0entre los j\u00f3venes alemanes\u00a0y desde el inicio de la guerra en la Franja de Gaza\u00a0, hace m\u00e1s de un a\u00f1o y medio. Posteriormente, Herzog y Steinmeier viajar\u00e1n juntos a Israel y visitar\u00e1n un kibutz en la frontera con la Franja de Gaza.<\/p>\n<h2>Merkel habl\u00f3 de \u00abraz\u00f3n de Estado\u00bb en la Kn\u00e9set<\/h2>\n<p>Pol\u00edticamente, la visita se produce durante los primeros d\u00edas del nuevo Gobierno alem\u00e1n, encabezado por\u00a0el canciller, Friedrich Merz, del partido democristiano CDU. Como todos los cancilleres que le precedieron, Merz es consciente de la especial importancia y responsabilidad de Alemania con Israel.<\/p>\n<p>Cuando la excanciller Angela Merkel (tambi\u00e9n del partido CDU) visit\u00f3 Israel en 2008 y habl\u00f3 en la Kn\u00e9set (el Parlamento israel\u00ed), utiliz\u00f3 el t\u00e9rmino \u00abraz\u00f3n de Estado\u00bb para describir lo que supon\u00eda Israel para Alemania. Desde su perspectiva, se trataba de una responsabilidad pol\u00edtica especial de Alemania hacia la existencia y la seguridad de Israel.<\/p>\n<p><span data-slot-id=\"Article_InContent-1\" class=\"rich-text-ad\"\/><\/p>\n<h2>Raz\u00f3n de Estado: una m\u00e1xima de acci\u00f3n, no una ley<\/h2>\n<p>Pero esta es una m\u00e1xima pol\u00edtica, no legal. Sin embargo,\u00a0los cancilleres posteriores a Merkel (y la mayor\u00eda de los anteriores) siempre han actuando conforme a esta raz\u00f3n de Estado.<\/p>\n<p>A pesar de todas las cr\u00edticas expresadas contra\u00a0las acciones israel\u00edes en la Franja de Gaza, los pol\u00edticos alemanes insisten repetidamente en que Israel tiene derecho a defenderse tras el mortal ataque terrorista perpetrado por el grupo islamista radical Ham\u00e1s el 7 de octubre de 2023, y que Alemania permanecer\u00e1 fielmente al lado de Israel.<\/p>\n<p>Sin embargo, en la pr\u00e1ctica, cumplir con esta m\u00e1xima puede ser muy dif\u00edcil. En Alemania tambi\u00e9n aumentan las cr\u00edticas por las duras acciones de Israel en Gaza. Israel lleva\u00a0bloqueando el env\u00edo de ayuda a los territorios palestinos desde principios de marzo, lo que provoca\u00a0hambre y muerte.<\/p>\n<p>En su primera entrevista como canciller, Friedrich Merz declar\u00f3 al respecto a la cadena de televisi\u00f3n ARD: \u00abIsrael nos preocupa mucho. El nuevo ministro de Exteriores viajar\u00e1 a Israel el pr\u00f3ximo fin de semana, tambi\u00e9n en mi nombre. No quiero anticiparme. Actualmente estamos preparando este viaje juntos. Pero debe quedar claro que el Gobierno israel\u00ed debe cumplir con sus obligaciones en virtud del derecho internacional, incluidas las leyes de guerra\u201d.<\/p>\n<h2>Netanyahu y la Corte Penal Internacional<\/h2>\n<p>En noviembre del a\u00f1o pasado, la Corte Penal Internacional de La Haya emiti\u00f3 \u00f3rdenes de arresto\u00a0contra el primer ministro israel\u00ed, Benjamin Netanyahu, y el exministro de Defensa, Joaw Gallant, por presuntos cr\u00edmenes de guerra en la Franja de Gaza. Alemania es uno de los miembros fundadores de dicha corte y estar\u00eda obligada a arrestar a Netanyahu si este pusiera pie en\u00a0Alemania.<\/p>\n<p>Pero, al d\u00eda siguiente de las elecciones, el actual canciller Merz declar\u00f3, tras una conversaci\u00f3n telef\u00f3nica con Netanyahu, que, como canciller, encontrar\u00eda los medios para garantizar que el primer ministro israel\u00ed pudiera visitar Alemania y salir de nuevo sin ser arrestado. Una frase que Merz no ha vuelto a repetir\u00a0tras su reciente elecci\u00f3n como canciller.<\/p>\n<figure class=\"placeholder-image master_landscape big\"><img data-format=\"MASTER_LANDSCAPE\" data-id=\"72430140\" data-url=\"https:\/\/static.dw.com\/image\/72430140_${formatId}.jpg\" data-aspect-ratio=\"16\/9\" alt=\"Benjamin Netanyahu.\" style=\"padding-bottom: 56.25%; height: 0; max-height: 0;\"\/><figcaption class=\"img-caption\">La Corte Penal Internacional emiti\u00f3 una orden de arresto contra Netanyahu.<small class=\"copyright\">Imagen: Abir Sultan\/EPA\/AP\/POOL\/dpa\/picture alliance<\/small><\/figcaption><\/figure>\n<h2>Merz: Israel debe cumplir con sus obligaciones humanitarias<\/h2>\n<p>En cambio, el nuevo canciller declar\u00f3 a ARD: \u00abIsrael tiene derecho a defenderse de este brutal ataque de los terroristas de Ham\u00e1s del 7 de octubre y de todo lo que le sucedi\u00f3 despu\u00e9s. Pero Israel tambi\u00e9n debe seguir siendo un pa\u00eds que cumple con sus obligaciones humanitarias, precisamente tambi\u00e9n donde esta terrible guerra se libra en la actualidad: en la Franja de Gaza, donde necesariamente se est\u00e1 produciendo este enfrentamiento con los terroristas de Ham\u00e1s\u201d.<\/p>\n<h2>Consultas gubernamentales con Israel<\/h2>\n<p>La disputa sobre la orden de arresto del primer ministro israel\u00ed muestra lo complicada que sigue siendo la relaci\u00f3n entre ambos pa\u00edses, incluso en la actualidad, y de c\u00f3mo influye la guerra de Gaza.<\/p>\n<p>Aunque la exministra de\u00a0Exteriores,\u00a0Annalena Baerbock\u00a0(del partido Los Verdes), visit\u00f3 Israel con frecuencia tras el estallido de la guerra, la \u00faltima visita de Netanyahu a Berl\u00edn tuvo lugar\u00a0hace m\u00e1s de dos a\u00f1os. En marzo de 2023, Netanyahu visit\u00f3 al entonces canciller Olaf Scholz (del partido socialdem\u00f3crata SPD).<\/p>\n<p>Alemania tambi\u00e9n mantiene las llamadas consultas gubernamentales con Israel, es decir, reuniones de todos los gabinetes de ambas partes. As\u00ed se pretende subrayar la especial importancia de la relaci\u00f3n. Alemania mantiene este tipo de reuniones con tan solo doce pa\u00edses en todo el mundo. Las \u00faltimas consultas con Israel tuvieron lugar hace m\u00e1s de siete a\u00f1os.<\/p>\n<p>(RMR\/MS)<\/p>\n<\/p>\n<\/div>\n\n","protected":false},"excerpt":{"rendered":"<p>Hace 60 a\u00f1os, el 12 de mayo de 1965, Alemania e Israelestablecieron relaciones diplom\u00e1ticas tras largos preparativos, lo que entonces\u00a0no era\u00a0del todo evidente: el fin de la Segunda Guerra Mundial en Europa hab\u00eda tenido lugar tan solo 20 a\u00f1os antes. El recuerdo del genocidio de la Alemania nazi contra los jud\u00edos europeos estaba a\u00fan presente &hellip;<\/p>\n","protected":false},"author":1,"featured_media":26539,"comment_status":"open","ping_status":"open","sticky":false,"template":"","format":"standard","meta":{"fifu_image_url":"https:\/\/static.dw.com\/image\/67080801_6.jpg","fifu_image_alt":"","footnotes":""},"categories":[13],"tags":[],"class_list":["post-26538","post","type-post","status-publish","format-standard","has-post-thumbnail","","category-mundo"],"_links":{"self":[{"href":"https:\/\/noticiasveraces.com\/index.php?rest_route=\/wp\/v2\/posts\/26538","targetHints":{"allow":["GET"]}}],"collection":[{"href":"https:\/\/noticiasveraces.com\/index.php?rest_route=\/wp\/v2\/posts"}],"about":[{"href":"https:\/\/noticiasveraces.com\/index.php?rest_route=\/wp\/v2\/types\/post"}],"author":[{"embeddable":true,"href":"https:\/\/noticiasveraces.com\/index.php?rest_route=\/wp\/v2\/users\/1"}],"replies":[{"embeddable":true,"href":"https:\/\/noticiasveraces.com\/index.php?rest_route=%2Fwp%2Fv2%2Fcomments&post=26538"}],"version-history":[{"count":0,"href":"https:\/\/noticiasveraces.com\/index.php?rest_route=\/wp\/v2\/posts\/26538\/revisions"}],"wp:featuredmedia":[{"embeddable":true,"href":"https:\/\/noticiasveraces.com\/index.php?rest_route=\/wp\/v2\/media\/26539"}],"wp:attachment":[{"href":"https:\/\/noticiasveraces.com\/index.php?rest_route=%2Fwp%2Fv2%2Fmedia&parent=26538"}],"wp:term":[{"taxonomy":"category","embeddable":true,"href":"https:\/\/noticiasveraces.com\/index.php?rest_route=%2Fwp%2Fv2%2Fcategories&post=26538"},{"taxonomy":"post_tag","embeddable":true,"href":"https:\/\/noticiasveraces.com\/index.php?rest_route=%2Fwp%2Fv2%2Ftags&post=26538"}],"curies":[{"name":"wp","href":"https:\/\/api.w.org\/{rel}","templated":true}]}}