{"id":26525,"date":"2025-05-09T13:21:43","date_gmt":"2025-05-09T17:21:43","guid":{"rendered":"https:\/\/noticiasveraces.com\/?p=26525"},"modified":"2025-05-09T13:21:43","modified_gmt":"2025-05-09T17:21:43","slug":"el-papa-leo-enfrenta-desafio-con-el-partido-comunista-chino","status":"publish","type":"post","link":"https:\/\/noticiasveraces.com\/?p=26525","title":{"rendered":"El Papa Leo enfrenta desaf\u00edo con el Partido Comunista Chino"},"content":{"rendered":"<p> \n<\/p>\n<div>\n<div class=\"featured featured-video video-ct\" data-v-5f342d4c=\"\"><!----> <\/p>\n<div class=\"contain\" data-v-5f342d4c=\"\">  <!----> <\/p>\n<div class=\"info\" data-v-5f342d4c=\"\">\n<div class=\"caption\" data-v-5f342d4c=\"\">\n<h4 class=\"title\" data-v-5f342d4c=\"\">El Papa Leo XIV celebra la primera misa como pont\u00edfice<\/h4>\n<p data-v-5f342d4c=\"\">El Papa Leo XIV, el primer papa norteamericano de la historia, dijo el viernes que su elecci\u00f3n era una cruz y una bendici\u00f3n mientras celebraba su primera misa en la Capilla Si\u00edste. (Associated Press)<\/p>\n<\/div>\n<\/div>\n<\/div>\n<\/div>\n<p class=\"speakable\">Un acuerdo de 2018 entre el Vaticano y el Partido Comunista Chino (PCCh) asegurado por el cardenal Pietro Parolin est\u00e1 nuevamente bajo escrutinio, ya que las preguntas siguen sobre c\u00f3mo el Papa Leo XIV reci\u00e9n nombrado se enfrentar\u00e1 al PCCh.<\/p>\n<p class=\"speakable\">El acuerdo negociado por el parol\u00edn fue y sigue siendo un acuerdo controvertido entre los l\u00edderes de la Iglesia Cat\u00f3lica y el PCCh, que ha oprimido durante mucho tiempo a los cat\u00f3licos en China. <\/p>\n<p>Si bien el acuerdo fue defendido por el difunto Papa Francisco y su secretario de Estado, Parolin, el principal diplom\u00e1tico del Vaticano, como un paso hacia la \u00abnormalizaci\u00f3n\u00bb del catolicismo en la naci\u00f3n comunista, los expertos argumentan que ha tra\u00eddo consecuencias peligrosas para los fieles.<\/p>\n<p><strong>Los l\u00edderes mundiales felicitan al Papa Leo XIV, primer pont\u00edfice americano<\/strong><\/p>\n<div class=\"image-ct inline\">\n<div class=\"m\"><picture><source media=\"(max-width: 767px)\" srcset=\"https:\/\/a57.foxnews.com\/static.foxnews.com\/foxnews.com\/content\/uploads\/2025\/05\/343\/192\/vatican-papal-conclave-day-1-10.jpg?ve=1&amp;tl=1, https:\/\/a57.foxnews.com\/static.foxnews.com\/foxnews.com\/content\/uploads\/2025\/05\/686\/384\/vatican-papal-conclave-day-1-10.jpg?ve=1&amp;tl=1 2x\" height=\"192\" width=\"343\"><source media=\"(min-width: 768px) and (max-width: 1023px)\" srcset=\"https:\/\/a57.foxnews.com\/static.foxnews.com\/foxnews.com\/content\/uploads\/2025\/05\/672\/378\/vatican-papal-conclave-day-1-10.jpg?ve=1&amp;tl=1, https:\/\/a57.foxnews.com\/static.foxnews.com\/foxnews.com\/content\/uploads\/2025\/05\/1344\/756\/vatican-papal-conclave-day-1-10.jpg?ve=1&amp;tl=1 2x\" height=\"378\" width=\"672\"><source media=\"(min-width: 1024px) and (max-width: 1279px)\" srcset=\"https:\/\/a57.foxnews.com\/static.foxnews.com\/foxnews.com\/content\/uploads\/2025\/05\/931\/523\/vatican-papal-conclave-day-1-10.jpg?ve=1&amp;tl=1, https:\/\/a57.foxnews.com\/static.foxnews.com\/foxnews.com\/content\/uploads\/2025\/05\/1862\/1046\/vatican-papal-conclave-day-1-10.jpg?ve=1&amp;tl=1 2x\" height=\"523\" width=\"931\"><source media=\"(min-width: 1280px)\" srcset=\"https:\/\/a57.foxnews.com\/static.foxnews.com\/foxnews.com\/content\/uploads\/2025\/05\/720\/405\/vatican-papal-conclave-day-1-10.jpg?ve=1&amp;tl=1, https:\/\/a57.foxnews.com\/static.foxnews.com\/foxnews.com\/content\/uploads\/2025\/05\/1440\/810\/vatican-papal-conclave-day-1-10.jpg?ve=1&amp;tl=1 2x\" height=\"405\" width=\"720\"><img loading=\"lazy\" decoding=\"async\" src=\"https:\/\/a57.foxnews.com\/static.foxnews.com\/foxnews.com\/content\/uploads\/2025\/05\/1200\/675\/vatican-papal-conclave-day-1-10.jpg?ve=1&amp;tl=1\" alt=\"Los cardenales se re\u00fanen en la ciudad del Vaticano para elegir al pr\u00f3ximo Papa.\" width=\"1200\" height=\"675\"\/><\/source><\/source><\/source><\/source><\/picture><\/div>\n<div class=\"info\">\n<div class=\"caption\">\n<p><span>Cardenal Pietro Parolin.<\/span> <span>(Stefano Carafei\/IPA\/SIPA\/Imagn)<\/span><\/p>\n<\/div>\n<\/div>\n<\/div>\n<p>\u00abEroja la autoridad papal para nombrar obispos, al liderazgo de la Iglesia Cat\u00f3lica en China\u00bb, dijo a Fox News Digital a Fox Digital. <\/p>\n<p>\u00abUna responsabilidad principal de un obispo es entrenar y ordenar sacerdotes\u00bb, explic\u00f3. \u00abPor lo tanto, al PCCh ha recibido control para determinar la cadena de autoridad en la iglesia jer\u00e1rquica\u00bb.<\/p>\n<p>Seg\u00fan este Acuerdo, todos los cl\u00e9rigos cat\u00f3licos deben registrarse con la Asociaci\u00f3n Patri\u00f3tica del PCCh, que fue creada en 1957 y fue rechazado por la Iglesia Cat\u00f3lica como ileg\u00edtima porque requer\u00eda que todos los cl\u00e9rigos rechazen la influencia extranjera, incluida la del Papa.<\/p>\n<p>Parolin en 2019 dijo que el objetivo de este acuerdo era \u00abavanzar en la libertad religiosa en el sentido de encontrar la normalizaci\u00f3n de la comunidad cat\u00f3lica\u00bb.<\/p>\n<p>Los detalles del acuerdo siguen sin estar claros porque se ha mantenido en secreto, explic\u00f3 Shea. <\/p>\n<p>Si bien, seg\u00fan los informes, el acuerdo busc\u00f3 terminar los lazos negativos de d\u00e9cadas entre el Vaticano y el PCCh al permitir que China tenga m\u00e1s influencia sobre los nombramientos de Bishop, los expertos han argumentado durante a\u00f1os que le dio demasiada autoridad al gobierno opresivo. <\/p>\n<p>Pero hay un problema a\u00fan mayor cuando se trata del Vaticano que parece haber capitulado para el PCCh.<\/p>\n<p><strong>Primer Pontiff elegido estadounidense, conozca al Papa Leo XIV<\/strong><\/p>\n<div class=\"image-ct inline\">\n<div class=\"m\"><picture><source media=\"(max-width: 767px)\" srcset=\"https:\/\/a57.foxnews.com\/static.foxnews.com\/foxnews.com\/content\/uploads\/2025\/05\/343\/192\/china-pope.png?ve=1&amp;tl=1, https:\/\/a57.foxnews.com\/static.foxnews.com\/foxnews.com\/content\/uploads\/2025\/05\/686\/384\/china-pope.png?ve=1&amp;tl=1 2x\" height=\"192\" width=\"343\"><source media=\"(min-width: 768px) and (max-width: 1023px)\" srcset=\"https:\/\/a57.foxnews.com\/static.foxnews.com\/foxnews.com\/content\/uploads\/2025\/05\/672\/378\/china-pope.png?ve=1&amp;tl=1, https:\/\/a57.foxnews.com\/static.foxnews.com\/foxnews.com\/content\/uploads\/2025\/05\/1344\/756\/china-pope.png?ve=1&amp;tl=1 2x\" height=\"378\" width=\"672\"><source media=\"(min-width: 1024px) and (max-width: 1279px)\" srcset=\"https:\/\/a57.foxnews.com\/static.foxnews.com\/foxnews.com\/content\/uploads\/2025\/05\/931\/523\/china-pope.png?ve=1&amp;tl=1, https:\/\/a57.foxnews.com\/static.foxnews.com\/foxnews.com\/content\/uploads\/2025\/05\/1862\/1046\/china-pope.png?ve=1&amp;tl=1 2x\" height=\"523\" width=\"931\"><source media=\"(min-width: 1280px)\" srcset=\"https:\/\/a57.foxnews.com\/static.foxnews.com\/foxnews.com\/content\/uploads\/2025\/05\/720\/405\/china-pope.png?ve=1&amp;tl=1, https:\/\/a57.foxnews.com\/static.foxnews.com\/foxnews.com\/content\/uploads\/2025\/05\/1440\/810\/china-pope.png?ve=1&amp;tl=1 2x\" height=\"405\" width=\"720\"><img loading=\"lazy\" decoding=\"async\" src=\"https:\/\/a57.foxnews.com\/static.foxnews.com\/foxnews.com\/content\/uploads\/2025\/05\/1200\/675\/china-pope.png?ve=1&amp;tl=1\" alt=\"Papa Francis CCP\" width=\"1200\" height=\"675\"\/><\/source><\/source><\/source><\/source><\/picture><\/div>\n<div class=\"info\">\n<div class=\"caption\">\n<p><span>El Papa Francisco saluda a la gente de China cuando concluye la misa en el Teatro Hun en Ulaanbaatar, Mongolia, el 3 de septiembre de 2023.<\/span> <span>(Medios del Vaticano a trav\u00e9s de Vatican Pool\/Getty Images)<\/span><\/p>\n<\/div>\n<\/div>\n<\/div>\n<p>Despu\u00e9s del acuerdo, el Vaticano tambi\u00e9n acord\u00f3 retirar su apoyo a la Red Cat\u00f3lica Underground, que ha existido en China durante d\u00e9cadas y ha apoyado a millones de cat\u00f3licos en el pa\u00eds.  <\/p>\n<p>Seg\u00fan Shea, el PCCh esencialmente \u00abenga\u00f1\u00f3\u00bb al Vaticano porque simult\u00e1neamente, en lo que ella cree que fue un movimiento sin quejo de Parolin, prohibi\u00f3 a los ni\u00f1os permitidos en la Iglesia Cat\u00f3lica: esta prohibici\u00f3n inclu\u00eda importantes sacramentos de la iglesia como bautismos, comuni\u00f3n sagrada y confirmaciones.<\/p>\n<p>La prohibici\u00f3n bloquea efectivamente la continuaci\u00f3n de la Iglesia Cat\u00f3lica en China.<\/p>\n<p>\u00abEl subsuelo, incluso durante el per\u00edodo m\u00e1s duro bajo Mao, llev\u00f3 a cabo esta educaci\u00f3n y evangelizaci\u00f3n\u00bb, dijo Shea. \u00abSin poder perpetuarse, la Iglesia Cat\u00f3lica en China podr\u00eda desaparecer en un par de generaciones\u00bb.<\/p>\n<p>\u00abEs una campa\u00f1a para crear una sociedad atea\u00bb, agreg\u00f3. <\/p>\n<p>El Vaticano no respondi\u00f3 de inmediato a las preguntas de Fox News Digital sobre si el Papa Leo se adherir\u00e1 al acuerdo con el PCCh o buscar\u00e1 forjar una nueva.<\/p>\n<div class=\"image-ct inline\">\n<div class=\"m\"><picture><source media=\"(max-width: 767px)\" srcset=\"https:\/\/a57.foxnews.com\/static.foxnews.com\/foxnews.com\/content\/uploads\/2025\/05\/343\/192\/china-pope-2.png?ve=1&amp;tl=1, https:\/\/a57.foxnews.com\/static.foxnews.com\/foxnews.com\/content\/uploads\/2025\/05\/686\/384\/china-pope-2.png?ve=1&amp;tl=1 2x\" height=\"192\" width=\"343\"><source media=\"(min-width: 768px) and (max-width: 1023px)\" srcset=\"https:\/\/a57.foxnews.com\/static.foxnews.com\/foxnews.com\/content\/uploads\/2025\/05\/672\/378\/china-pope-2.png?ve=1&amp;tl=1, https:\/\/a57.foxnews.com\/static.foxnews.com\/foxnews.com\/content\/uploads\/2025\/05\/1344\/756\/china-pope-2.png?ve=1&amp;tl=1 2x\" height=\"378\" width=\"672\"><source media=\"(min-width: 1024px) and (max-width: 1279px)\" srcset=\"https:\/\/a57.foxnews.com\/static.foxnews.com\/foxnews.com\/content\/uploads\/2025\/05\/931\/523\/china-pope-2.png?ve=1&amp;tl=1, https:\/\/a57.foxnews.com\/static.foxnews.com\/foxnews.com\/content\/uploads\/2025\/05\/1862\/1046\/china-pope-2.png?ve=1&amp;tl=1 2x\" height=\"523\" width=\"931\"><source media=\"(min-width: 1280px)\" srcset=\"https:\/\/a57.foxnews.com\/static.foxnews.com\/foxnews.com\/content\/uploads\/2025\/05\/720\/405\/china-pope-2.png?ve=1&amp;tl=1, https:\/\/a57.foxnews.com\/static.foxnews.com\/foxnews.com\/content\/uploads\/2025\/05\/1440\/810\/china-pope-2.png?ve=1&amp;tl=1 2x\" height=\"405\" width=\"720\"><img loading=\"lazy\" decoding=\"async\" src=\"https:\/\/a57.foxnews.com\/static.foxnews.com\/foxnews.com\/content\/uploads\/2025\/05\/1200\/675\/china-pope-2.png?ve=1&amp;tl=1\" alt=\"China Vaticano\" width=\"1200\" height=\"675\"\/><\/source><\/source><\/source><\/source><\/picture><\/div>\n<div class=\"info\">\n<div class=\"caption\">\n<p><span>Un hombre mira en una iglesia cat\u00f3lica en Zhuozhou, la provincia del norte de Hebei de China, el 22 de abril.<\/span> <span>(Adek Berry\/AFP a trav\u00e9s de Getty Images)<\/span><\/p>\n<\/div>\n<\/div>\n<\/div>\n<p><strong>Taiwan Eyes Vatican-China se ata despu\u00e9s de la muerte del Papa Francisco<\/strong><\/p>\n<p>Pero en su primera homil\u00eda el viernes desde que fue l\u00edder de la Iglesia Cat\u00f3lica, el Papa Leo destac\u00f3 la lucha de la iglesia contra el creciente ate\u00edsmo.<\/p>\n<p>\u00abHay muchos entornos en los que Jes\u00fas, aunque apreciado como hombre, se reduce a una especie de l\u00edder carism\u00e1tico o Superman. Esto es cierto no solo entre los no creyentes sino tambi\u00e9n entre muchos cristianos bautizados, que terminan viviendo, a este nivel, en un estado de ate\u00edsmo pr\u00e1ctico\u00bb, dijo. \u00abEstos son contextos en los que no es f\u00e1cil predicar el evangelio y dar testimonio de su verdad, donde los creyentes son burlados, opuestos, despreciados o, en el mejor de los casos, tolerados y compadecidos\u00bb.<\/p>\n<p>El Papa dijo, por esta raz\u00f3n, \u00abel alcance misionero es desesperadamente necesario\u00bb.<\/p>\n<p>El Papa Leo advirti\u00f3 que una \u00abfalta de fe\u00bb ha llevado no solo a una \u00abp\u00e9rdida de significado en la vida\u00bb para muchos, sino tambi\u00e9n \u00abla negligencia de la misericordia, violaciones espantosas de la dignidad humana, la crisis de la familia y muchas otras heridas que afligen a nuestra sociedad\u00bb.<\/p>\n<div class=\"image-ct inline\">\n<div class=\"m\"><picture><source media=\"(max-width: 767px)\" srcset=\"https:\/\/a57.foxnews.com\/static.foxnews.com\/foxnews.com\/content\/uploads\/2025\/05\/343\/192\/pope_leo_xiv_08.jpg?ve=1&amp;tl=1, https:\/\/a57.foxnews.com\/static.foxnews.com\/foxnews.com\/content\/uploads\/2025\/05\/686\/384\/pope_leo_xiv_08.jpg?ve=1&amp;tl=1 2x\" height=\"192\" width=\"343\"><source media=\"(min-width: 768px) and (max-width: 1023px)\" srcset=\"https:\/\/a57.foxnews.com\/static.foxnews.com\/foxnews.com\/content\/uploads\/2025\/05\/672\/378\/pope_leo_xiv_08.jpg?ve=1&amp;tl=1, https:\/\/a57.foxnews.com\/static.foxnews.com\/foxnews.com\/content\/uploads\/2025\/05\/1344\/756\/pope_leo_xiv_08.jpg?ve=1&amp;tl=1 2x\" height=\"378\" width=\"672\"><source media=\"(min-width: 1024px) and (max-width: 1279px)\" srcset=\"https:\/\/a57.foxnews.com\/static.foxnews.com\/foxnews.com\/content\/uploads\/2025\/05\/931\/523\/pope_leo_xiv_08.jpg?ve=1&amp;tl=1, https:\/\/a57.foxnews.com\/static.foxnews.com\/foxnews.com\/content\/uploads\/2025\/05\/1862\/1046\/pope_leo_xiv_08.jpg?ve=1&amp;tl=1 2x\" height=\"523\" width=\"931\"><source media=\"(min-width: 1280px)\" srcset=\"https:\/\/a57.foxnews.com\/static.foxnews.com\/foxnews.com\/content\/uploads\/2025\/05\/720\/405\/pope_leo_xiv_08.jpg?ve=1&amp;tl=1, https:\/\/a57.foxnews.com\/static.foxnews.com\/foxnews.com\/content\/uploads\/2025\/05\/1440\/810\/pope_leo_xiv_08.jpg?ve=1&amp;tl=1 2x\" height=\"405\" width=\"720\"><img loading=\"lazy\" decoding=\"async\" src=\"https:\/\/a57.foxnews.com\/static.foxnews.com\/foxnews.com\/content\/uploads\/2025\/05\/1200\/675\/pope_leo_xiv_08.jpg?ve=1&amp;tl=1\" alt=\"Papa Leo XIV\" width=\"1200\" height=\"675\"\/><\/source><\/source><\/source><\/source><\/picture><\/div>\n<div class=\"info\">\n<div class=\"caption\">\n<p><span>El Papa Francisco nombra al cardenal nacido en Estados Unidos, prefecto del prelado del dicasterio para los obispos, Robert Francis Prevost durante la consistencia p\u00fablica ordinaria para la creaci\u00f3n de un nuevo cardenal en la Plaza de San Pedro en la ciudad del Vaticano el 30 de septiembre de 2023.<\/span> <span>(Medios del Vaticano a trav\u00e9s de Vatican Pool\/Getty Images)<\/span><\/p>\n<\/div>\n<\/div>\n<\/div>\n<p><strong>Haga clic aqu\u00ed para llegar a la aplicaci\u00f3n Fox News<\/strong><\/p>\n<p>Si bien los l\u00edderes de las naciones cat\u00f3licas y no cat\u00f3licas emitieron mensajes de felicitaci\u00f3n, China no emiti\u00f3 un mensaje similar sobre el nombramiento del Papa el jueves.<\/p>\n<p>En una conferencia de prensa del viernes, cuando se le pregunt\u00f3 sobre el nuevo l\u00edder de la iglesia, el portavoz del Ministerio de Relaciones Exteriores de China, Lin Jian, dijo: \u00abEsperamos que, bajo el liderazgo del nuevo Papa, el Vaticano contin\u00fae teniendo un di\u00e1logo con China en un esp\u00edritu constructivo, tenga una profunda comunicaci\u00f3n sobre el inter\u00e9s mutuo de inter\u00e9s mutuo.<\/p>\n<p> <!----> <\/p>\n<div class=\"article-meta\">\n<div class=\"author-bio\">\n<p>Caitlin McFall es reportero de Fox News Digital Cubting Politics, US y World News.<\/p>\n<\/div>\n<\/div>\n<\/div>\n\n","protected":false},"excerpt":{"rendered":"<p>El Papa Leo XIV celebra la primera misa como pont\u00edfice El Papa Leo XIV, el primer papa norteamericano de la historia, dijo el viernes que su elecci\u00f3n era una cruz y una bendici\u00f3n mientras celebraba su primera misa en la Capilla Si\u00edste. (Associated Press) Un acuerdo de 2018 entre el Vaticano y el Partido Comunista &hellip;<\/p>\n","protected":false},"author":1,"featured_media":26527,"comment_status":"open","ping_status":"open","sticky":false,"template":"","format":"standard","meta":{"fifu_image_url":"https:\/\/static.foxnews.com\/foxnews.com\/content\/uploads\/2025\/05\/china-pope.png","fifu_image_alt":"","footnotes":""},"categories":[13],"tags":[],"class_list":["post-26525","post","type-post","status-publish","format-standard","has-post-thumbnail","","category-mundo"],"_links":{"self":[{"href":"https:\/\/noticiasveraces.com\/index.php?rest_route=\/wp\/v2\/posts\/26525","targetHints":{"allow":["GET"]}}],"collection":[{"href":"https:\/\/noticiasveraces.com\/index.php?rest_route=\/wp\/v2\/posts"}],"about":[{"href":"https:\/\/noticiasveraces.com\/index.php?rest_route=\/wp\/v2\/types\/post"}],"author":[{"embeddable":true,"href":"https:\/\/noticiasveraces.com\/index.php?rest_route=\/wp\/v2\/users\/1"}],"replies":[{"embeddable":true,"href":"https:\/\/noticiasveraces.com\/index.php?rest_route=%2Fwp%2Fv2%2Fcomments&post=26525"}],"version-history":[{"count":0,"href":"https:\/\/noticiasveraces.com\/index.php?rest_route=\/wp\/v2\/posts\/26525\/revisions"}],"wp:featuredmedia":[{"embeddable":true,"href":"https:\/\/noticiasveraces.com\/index.php?rest_route=\/wp\/v2\/media\/26527"}],"wp:attachment":[{"href":"https:\/\/noticiasveraces.com\/index.php?rest_route=%2Fwp%2Fv2%2Fmedia&parent=26525"}],"wp:term":[{"taxonomy":"category","embeddable":true,"href":"https:\/\/noticiasveraces.com\/index.php?rest_route=%2Fwp%2Fv2%2Fcategories&post=26525"},{"taxonomy":"post_tag","embeddable":true,"href":"https:\/\/noticiasveraces.com\/index.php?rest_route=%2Fwp%2Fv2%2Ftags&post=26525"}],"curies":[{"name":"wp","href":"https:\/\/api.w.org\/{rel}","templated":true}]}}