{"id":26520,"date":"2025-05-09T11:20:14","date_gmt":"2025-05-09T15:20:14","guid":{"rendered":"https:\/\/noticiasveraces.com\/?p=26520"},"modified":"2025-05-09T11:20:14","modified_gmt":"2025-05-09T15:20:14","slug":"el-papa-estadounidense-leo-xiv-celebra-la-primera-misa-como-pontifice","status":"publish","type":"post","link":"https:\/\/noticiasveraces.com\/?p=26520","title":{"rendered":"El papa estadounidense Leo XIV celebra la primera misa como pont\u00edfice"},"content":{"rendered":"<p> \n<\/p>\n<div>\n<div class=\"featured featured-video video-ct\" data-v-5f342d4c=\"\"><!----> <\/p>\n<div class=\"contain\" data-v-5f342d4c=\"\">  <!----> <\/p>\n<div class=\"info\" data-v-5f342d4c=\"\">\n<div class=\"caption\" data-v-5f342d4c=\"\">\n<h4 class=\"title\" data-v-5f342d4c=\"\">El Papa Leo XIV celebra la primera misa como pont\u00edfice<\/h4>\n<p data-v-5f342d4c=\"\">El Papa Leo XIV, el primer Papa de Am\u00e9rica del Norte de la historia, dijo el viernes que su elecci\u00f3n era una cruz y una bendici\u00f3n mientras celebraba su primera misa en la Capilla Sixtina (Video: Associated Press).<\/p>\n<\/div>\n<\/div>\n<\/div>\n<\/div>\n<p class=\"speakable\">El Papa Leo XIV, el primer pont\u00edfice estadounidense en ocuparse del esca\u00f1o m\u00e1s alto de la Iglesia Cat\u00f3lica, regres\u00f3 a la Capilla Sixtina el viernes para entregar su primera misa en una direcci\u00f3n a los m\u00e1s de 1.400 millones de cat\u00f3licos que ahora lidera. <\/p>\n<p class=\"speakable\">El pont\u00edfice inst\u00f3 a la divulgaci\u00f3n y al trabajo misionero y advirti\u00f3 que gran parte de lo que representa la Iglesia, y la creencia en Jesucristo, ha sido disminuida a los ojos de los creyentes y los no creyentes.<\/p>\n<p>\u00abHoy tambi\u00e9n, hay muchos escenarios en los que Jes\u00fas, aunque apreciado como hombre, se reduce a una especie de l\u00edder carism\u00e1tico o Superman\u00bb, dijo en una homil\u00eda traducida del italiano, advirtiendo que esto ha llevado incluso a cristianos bautizados que viven en \u00abun estado de ate\u00edsmo pr\u00e1ctico\u00bb.<\/p>\n<div class=\"image-ct inline\">\n<div class=\"m\"><picture><source media=\"(max-width: 767px)\" srcset=\"https:\/\/a57.foxnews.com\/static.foxnews.com\/foxnews.com\/content\/uploads\/2025\/05\/343\/192\/pope.png?ve=1&amp;tl=1, https:\/\/a57.foxnews.com\/static.foxnews.com\/foxnews.com\/content\/uploads\/2025\/05\/686\/384\/pope.png?ve=1&amp;tl=1 2x\" height=\"192\" width=\"343\"><source media=\"(min-width: 768px) and (max-width: 1023px)\" srcset=\"https:\/\/a57.foxnews.com\/static.foxnews.com\/foxnews.com\/content\/uploads\/2025\/05\/672\/378\/pope.png?ve=1&amp;tl=1, https:\/\/a57.foxnews.com\/static.foxnews.com\/foxnews.com\/content\/uploads\/2025\/05\/1344\/756\/pope.png?ve=1&amp;tl=1 2x\" height=\"378\" width=\"672\"><source media=\"(min-width: 1024px) and (max-width: 1279px)\" srcset=\"https:\/\/a57.foxnews.com\/static.foxnews.com\/foxnews.com\/content\/uploads\/2025\/05\/931\/523\/pope.png?ve=1&amp;tl=1, https:\/\/a57.foxnews.com\/static.foxnews.com\/foxnews.com\/content\/uploads\/2025\/05\/1862\/1046\/pope.png?ve=1&amp;tl=1 2x\" height=\"523\" width=\"931\"><source media=\"(min-width: 1280px)\" srcset=\"https:\/\/a57.foxnews.com\/static.foxnews.com\/foxnews.com\/content\/uploads\/2025\/05\/720\/405\/pope.png?ve=1&amp;tl=1, https:\/\/a57.foxnews.com\/static.foxnews.com\/foxnews.com\/content\/uploads\/2025\/05\/1440\/810\/pope.png?ve=1&amp;tl=1 2x\" height=\"405\" width=\"720\"><img loading=\"lazy\" decoding=\"async\" src=\"https:\/\/a57.foxnews.com\/static.foxnews.com\/foxnews.com\/content\/uploads\/2025\/05\/1200\/675\/pope.png?ve=1&amp;tl=1\" alt=\"Papa Leo\" width=\"1200\" height=\"675\"\/><\/source><\/source><\/source><\/source><\/picture><\/div>\n<div class=\"info\">\n<div class=\"caption\">\n<p><span>El Papa Leo XIV lidera la masa pro ecclesia en la Capilla Sixtina, el 9 de mayo de 2025 en la ciudad del Vaticano.<\/span> <span>(Foto de Vatican Media\/Vatican Pool &#8211; Corbis\/Getty Images)<\/span><\/p>\n<\/div>\n<\/div>\n<\/div>\n<p><strong>Primer Pontiff elegido estadounidense, conozca al Papa Leo XIV<\/strong><\/p>\n<p>\u00abHay muchos entornos en los que la fe cristiana se considera absurda, destinada a los entornos d\u00e9biles y no Inteligentes en los que se prefieren otros valores, como la tecnolog\u00eda, el dinero, el \u00e9xito, el poder o el placer\u00bb, dijo el Papa. <\/p>\n<p>El nuevo pont\u00edfice enfrentar\u00e1 muchos desaf\u00edos por delante mientras los seguidores esperan para ver c\u00f3mo liderar\u00e1 la iglesia y en qu\u00e9 problemas elegir\u00e1 poner gran \u00e9nfasis. <\/p>\n<p>El Papa no ha dicho por qu\u00e9 eligi\u00f3 el nombre de Leo para que se llame a s\u00ed mismo, pero los nombres papales significan predecesores o valores que admiran, lo que sugiere que el pont\u00edfice m\u00e1s nuevo pondr\u00e1 un gran \u00e9nfasis en temas sociales basados \u200b\u200ben otros en el papado que han tenido ese nombre. <\/p>\n<div class=\"image-ct inline\">\n<div class=\"m\"><picture><source media=\"(max-width: 767px)\" srcset=\"https:\/\/a57.foxnews.com\/static.foxnews.com\/foxnews.com\/content\/uploads\/2025\/05\/343\/192\/pope-2.1.png?ve=1&amp;tl=1, https:\/\/a57.foxnews.com\/static.foxnews.com\/foxnews.com\/content\/uploads\/2025\/05\/686\/384\/pope-2.1.png?ve=1&amp;tl=1 2x\" height=\"192\" width=\"343\"><source media=\"(min-width: 768px) and (max-width: 1023px)\" srcset=\"https:\/\/a57.foxnews.com\/static.foxnews.com\/foxnews.com\/content\/uploads\/2025\/05\/672\/378\/pope-2.1.png?ve=1&amp;tl=1, https:\/\/a57.foxnews.com\/static.foxnews.com\/foxnews.com\/content\/uploads\/2025\/05\/1344\/756\/pope-2.1.png?ve=1&amp;tl=1 2x\" height=\"378\" width=\"672\"><source media=\"(min-width: 1024px) and (max-width: 1279px)\" srcset=\"https:\/\/a57.foxnews.com\/static.foxnews.com\/foxnews.com\/content\/uploads\/2025\/05\/931\/523\/pope-2.1.png?ve=1&amp;tl=1, https:\/\/a57.foxnews.com\/static.foxnews.com\/foxnews.com\/content\/uploads\/2025\/05\/1862\/1046\/pope-2.1.png?ve=1&amp;tl=1 2x\" height=\"523\" width=\"931\"><source media=\"(min-width: 1280px)\" srcset=\"https:\/\/a57.foxnews.com\/static.foxnews.com\/foxnews.com\/content\/uploads\/2025\/05\/720\/405\/pope-2.1.png?ve=1&amp;tl=1, https:\/\/a57.foxnews.com\/static.foxnews.com\/foxnews.com\/content\/uploads\/2025\/05\/1440\/810\/pope-2.1.png?ve=1&amp;tl=1 2x\" height=\"405\" width=\"720\"><img loading=\"lazy\" decoding=\"async\" src=\"https:\/\/a57.foxnews.com\/static.foxnews.com\/foxnews.com\/content\/uploads\/2025\/05\/1200\/675\/pope-2.1.png?ve=1&amp;tl=1\" alt=\"Papa Leo Primera Misa\" width=\"1200\" height=\"675\"\/><\/source><\/source><\/source><\/source><\/picture><\/div>\n<div class=\"info\">\n<div class=\"caption\">\n<p><span>El Papa Leo XIV lidera la masa pro ecclesia en la Capilla Sixtina, el 9 de mayo de 2025 en la ciudad del Vaticano.<\/span> <span>(Foto de Vatican Media\/Vatican Pool &#8211; Corbis\/Getty Images)<\/span><\/p>\n<\/div>\n<\/div>\n<\/div>\n<p>Al igual que su predecesor, el Papa Francisco, se espera que Leo se centre en la humanidad y la amabilidad, particularmente frente a la migraci\u00f3n global y ayude a los pobres. <\/p>\n<p>No est\u00e1 claro c\u00f3mo este Papa estadounidense interactuar\u00e1 con la administraci\u00f3n Trump, dadas divisiones aparentes sobre posiciones sobre el tratamiento de los migrantes y otros temas relacionados con los derechos humanos.<\/p>\n<p><strong>El Papa Leo XIV, graduado de Villanova, se presenta adornado en el simbolismo, la proverbial devoci\u00f3n religiosa<\/strong><\/p>\n<p>En su homil\u00eda, el Papa tambi\u00e9n se\u00f1al\u00f3 una p\u00e9rdida de fe y argument\u00f3 que no solo ha llevado a una p\u00e9rdida en el significado de la vida, sino a una p\u00e9rdida de \u00abdignidad humana\u00bb.<\/p>\n<div class=\"image-ct inline\">\n<div class=\"m\"><picture><source media=\"(max-width: 767px)\" srcset=\"https:\/\/a57.foxnews.com\/static.foxnews.com\/foxnews.com\/content\/uploads\/2025\/05\/343\/192\/pope-2.2.png?ve=1&amp;tl=1, https:\/\/a57.foxnews.com\/static.foxnews.com\/foxnews.com\/content\/uploads\/2025\/05\/686\/384\/pope-2.2.png?ve=1&amp;tl=1 2x\" height=\"192\" width=\"343\"><source media=\"(min-width: 768px) and (max-width: 1023px)\" srcset=\"https:\/\/a57.foxnews.com\/static.foxnews.com\/foxnews.com\/content\/uploads\/2025\/05\/672\/378\/pope-2.2.png?ve=1&amp;tl=1, https:\/\/a57.foxnews.com\/static.foxnews.com\/foxnews.com\/content\/uploads\/2025\/05\/1344\/756\/pope-2.2.png?ve=1&amp;tl=1 2x\" height=\"378\" width=\"672\"><source media=\"(min-width: 1024px) and (max-width: 1279px)\" srcset=\"https:\/\/a57.foxnews.com\/static.foxnews.com\/foxnews.com\/content\/uploads\/2025\/05\/931\/523\/pope-2.2.png?ve=1&amp;tl=1, https:\/\/a57.foxnews.com\/static.foxnews.com\/foxnews.com\/content\/uploads\/2025\/05\/1862\/1046\/pope-2.2.png?ve=1&amp;tl=1 2x\" height=\"523\" width=\"931\"><source media=\"(min-width: 1280px)\" srcset=\"https:\/\/a57.foxnews.com\/static.foxnews.com\/foxnews.com\/content\/uploads\/2025\/05\/720\/405\/pope-2.2.png?ve=1&amp;tl=1, https:\/\/a57.foxnews.com\/static.foxnews.com\/foxnews.com\/content\/uploads\/2025\/05\/1440\/810\/pope-2.2.png?ve=1&amp;tl=1 2x\" height=\"405\" width=\"720\"><img loading=\"lazy\" decoding=\"async\" src=\"https:\/\/a57.foxnews.com\/static.foxnews.com\/foxnews.com\/content\/uploads\/2025\/05\/1200\/675\/pope-2.2.png?ve=1&amp;tl=1\" alt=\"Papa Leo First Homily\" width=\"1200\" height=\"675\"\/><\/source><\/source><\/source><\/source><\/picture><\/div>\n<div class=\"info\">\n<div class=\"caption\">\n<p><span>El Papa Leo XIV lidera la masa pro ecclesia en la Capilla Sixtina, el 9 de mayo de 2025 en la ciudad del Vaticano.<\/span> <span>(Foto de Vatican Media\/Vatican Pool &#8211; Corbis\/Getty Images)<\/span><\/p>\n<\/div>\n<\/div>\n<\/div>\n<p><strong>Haga clic aqu\u00ed para llegar a la aplicaci\u00f3n Fox News<\/strong><\/p>\n<p>\u00abEstos son contextos en los que no es f\u00e1cil predicar el evangelio y dar testimonio de su verdad, donde los creyentes son burlados, opuestos, despreciados o, en el mejor de los casos, tolerados y compadecidos\u00bb, dijo. <\/p>\n<p>El Papa Leo continu\u00f3 diciendo que \u00abla falta de fe a menudo se acompa\u00f1a tr\u00e1gicamente por la p\u00e9rdida de significado en la vida, la negligencia de la misericordia, las violaciones espantosas de la dignidad humana, la crisis de la familia y muchas otras heridas que afligen a nuestra sociedad\u00bb.<\/p>\n<p> <!----> <\/p>\n<div class=\"article-meta\">\n<div class=\"author-bio\">\n<p>Caitlin McFall es reportero de Fox News Digital Cubting Politics, US y World News.<\/p>\n<\/div>\n<\/div>\n<\/div>\n\n","protected":false},"excerpt":{"rendered":"<p>El Papa Leo XIV celebra la primera misa como pont\u00edfice El Papa Leo XIV, el primer Papa de Am\u00e9rica del Norte de la historia, dijo el viernes que su elecci\u00f3n era una cruz y una bendici\u00f3n mientras celebraba su primera misa en la Capilla Sixtina (Video: Associated Press). El Papa Leo XIV, el primer pont\u00edfice &hellip;<\/p>\n","protected":false},"author":1,"featured_media":26522,"comment_status":"open","ping_status":"open","sticky":false,"template":"","format":"standard","meta":{"fifu_image_url":"https:\/\/static.foxnews.com\/foxnews.com\/content\/uploads\/2025\/05\/pope.png","fifu_image_alt":"","footnotes":""},"categories":[13],"tags":[],"class_list":["post-26520","post","type-post","status-publish","format-standard","has-post-thumbnail","","category-mundo"],"_links":{"self":[{"href":"https:\/\/noticiasveraces.com\/index.php?rest_route=\/wp\/v2\/posts\/26520","targetHints":{"allow":["GET"]}}],"collection":[{"href":"https:\/\/noticiasveraces.com\/index.php?rest_route=\/wp\/v2\/posts"}],"about":[{"href":"https:\/\/noticiasveraces.com\/index.php?rest_route=\/wp\/v2\/types\/post"}],"author":[{"embeddable":true,"href":"https:\/\/noticiasveraces.com\/index.php?rest_route=\/wp\/v2\/users\/1"}],"replies":[{"embeddable":true,"href":"https:\/\/noticiasveraces.com\/index.php?rest_route=%2Fwp%2Fv2%2Fcomments&post=26520"}],"version-history":[{"count":0,"href":"https:\/\/noticiasveraces.com\/index.php?rest_route=\/wp\/v2\/posts\/26520\/revisions"}],"wp:featuredmedia":[{"embeddable":true,"href":"https:\/\/noticiasveraces.com\/index.php?rest_route=\/wp\/v2\/media\/26522"}],"wp:attachment":[{"href":"https:\/\/noticiasveraces.com\/index.php?rest_route=%2Fwp%2Fv2%2Fmedia&parent=26520"}],"wp:term":[{"taxonomy":"category","embeddable":true,"href":"https:\/\/noticiasveraces.com\/index.php?rest_route=%2Fwp%2Fv2%2Fcategories&post=26520"},{"taxonomy":"post_tag","embeddable":true,"href":"https:\/\/noticiasveraces.com\/index.php?rest_route=%2Fwp%2Fv2%2Ftags&post=26520"}],"curies":[{"name":"wp","href":"https:\/\/api.w.org\/{rel}","templated":true}]}}