{"id":26516,"date":"2025-05-09T11:01:30","date_gmt":"2025-05-09T15:01:30","guid":{"rendered":"https:\/\/noticiasveraces.com\/?p=26516"},"modified":"2025-05-09T11:01:30","modified_gmt":"2025-05-09T15:01:30","slug":"el-ceo-de-lyft-dice-que-no-hay-signos-de-preocupacion-con-el-consumidor","status":"publish","type":"post","link":"https:\/\/noticiasveraces.com\/?p=26516","title":{"rendered":"El CEO de Lyft dice que no hay signos de preocupaci\u00f3n con el consumidor"},"content":{"rendered":"<p> \n<\/p>\n<div id=\"RegularArticle-ArticleBody-5\" data-module=\"ArticleBody\" data-test=\"articleBody-2\" data-analytics=\"RegularArticle-articleBody-5-2\"><span class=\"HighlightShare-hidden\" style=\"top:0;left:0\"\/><\/p>\n<div class=\"InlineImage-imageEmbed\" id=\"ArticleBody-InlineImage-108132716\" data-test=\"InlineImage\">\n<div class=\"InlineImage-wrapper\">\n<div>\n<p>El CEO de Lyft, David Risher, posa para un retrato en la ciudad de Nueva York, EE. UU., 16 de abril de 2025. <\/p>\n<p>Kylie Cooper | Reuters<\/p>\n<\/div>\n<\/div>\n<\/div>\n<div class=\"group\">\n<p><span class=\"QuoteInBody-quoteNameContainer\" data-test=\"QuoteInBody\" id=\"RegularArticle-QuoteInBody-1\">Lyft<span class=\"QuoteInBody-inlineButton\"><span class=\"AddToWatchlistButton-watchlistContainer\" id=\"-WatchlistDropdown\" data-analytics-id=\"-WatchlistDropdown\"><button class=\"AddToWatchlistButton-watchlistButton\" aria-label=\"Add To Watchlist\" data-testid=\"dropdown-btn\"><span class=\"AddToWatchlistButton-addWatchListFromTag\"\/><\/button><\/span><\/span><\/span>  Las acciones subieron un 20% el viernes despu\u00e9s de que la compa\u00f1\u00eda de viajes compartidos aument\u00f3 su plan de recompra de acciones y registr\u00f3 reservas brutas mejores de lo esperado.<\/p>\n<p>Durante una entrevista con \u00abSquawk Box\u00bb de CNBC, el CEO David Risher dijo que Lyft no est\u00e1 viendo \u00abnada de qu\u00e9 preocuparse\u00bb a pesar de las preocupaciones generalizadas de una desaceleraci\u00f3n del consumidor en medio de la incertidumbre econ\u00f3mica continua.<\/p>\n<p>\u00abNuestro equipo es m\u00e1s fuerte de lo que ha sido, y la demanda del consumidor est\u00e1 absolutamente all\u00ed\u00bb, dijo.<\/p>\n<p>Las reservas brutas crecieron 13% desde hace un a\u00f1o a $ 4.16 mil millones, superando ligeramente una estimaci\u00f3n de $ 4.15 mil millones de StreetAccount. La compa\u00f1\u00eda dijo que el trimestre fue su 16\u00ba per\u00edodo consecutivo de crecimiento bruto de reservas.<\/p>\n<p>Los viajes aumentaron un 16% a 218.4 millones, superando una estimaci\u00f3n de datos de 215.1 millones.<\/p>\n<\/div>\n<div class=\"group\">\n<p>Los ingresos de Lyft crecieron un 14% durante el primer trimestre desde hace un a\u00f1o a $ 1.45 mil millones, pero no alcanzaron una estimaci\u00f3n de $ 1.47 mil millones de LSEG. La compa\u00f1\u00eda report\u00f3 ingresos netos de $ 2.57 millones, o 1 centavo por acci\u00f3n. Eso es por encima de una p\u00e9rdida neta de $ 31.54 millones, o 8 centavos por acci\u00f3n, hace un a\u00f1o.<\/p>\n<p>La Junta tambi\u00e9n autoriz\u00f3 el plan de recompra de acciones de Lyft a $ 750 millones de $ 500 millones. La compa\u00f1\u00eda dijo que tiene como objetivo usar $ 500 millones durante el pr\u00f3ximo a\u00f1o.<\/p>\n<\/div>\n<div>\n<div class=\"Collapsible-proliveCollapsableContainer\" role=\"button\" tabindex=\"0\"><svg xmlns=\"http:\/\/www.w3.org\/2000\/svg\" width=\"256\" height=\"256\" viewbox=\"0 0 256 256\" aria-labelledby=\"title desc\" role=\"img\" focusable=\"false\" preserveaspectratio=\"xMinYMin\" class=\"Collapsible-stockChartIcon\"><title>Icono de la tabla de existencias<\/title><desc>Icono de la tabla de existencias<\/desc><g transform=\"translate(1.4065934065934016 1.4065934065934016) scale(2.81 2.81)\"><path d=\"M 87.994 0 H 69.342 c -1.787 0 -2.682 2.16 -1.418 3.424 l 5.795 5.795 l -33.82 33.82 L 28.056 31.196 l -3.174 -3.174 c -1.074 -1.074 -2.815 -1.074 -3.889 0 L 0.805 48.209 c -1.074 1.074 -1.074 2.815 0 3.889 l 3.174 3.174 c 1.074 1.074 2.815 1.074 3.889 0 l 15.069 -15.069 l 14.994 14.994 c 1.074 1.074 2.815 1.074 3.889 0 l 1.614 -1.614 c 0.083 -0.066 0.17 -0.125 0.247 -0.202 l 37.1 -37.1 l 5.795 5.795 C 87.84 23.34 90 22.445 90 20.658 V 2.006 C 90 0.898 89.102 0 87.994 0 z\" transform=\" matrix(1 0 0 1 0 0) \" stroke-linecap=\"round\"\/><path d=\"M 65.626 37.8 v 49.45 c 0 1.519 1.231 2.75 2.75 2.75 h 8.782 c 1.519 0 2.75 -1.231 2.75 -2.75 V 23.518 L 65.626 37.8 z\" transform=\" matrix(1 0 0 1 0 0) \" stroke-linecap=\"round\"\/><path d=\"M 47.115 56.312 V 87.25 c 0 1.519 1.231 2.75 2.75 2.75 h 8.782 c 1.519 0 2.75 -1.231 2.75 -2.75 V 42.03 L 47.115 56.312 z\" transform=\" matrix(1 0 0 1 0 0) \" stroke-linecap=\"round\"\/><path d=\"M 39.876 60.503 c -1.937 0 -3.757 -0.754 -5.127 -2.124 l -6.146 -6.145 V 87.25 c 0 1.519 1.231 2.75 2.75 2.75 h 8.782 c 1.519 0 2.75 -1.231 2.75 -2.75 V 59.844 C 41.952 60.271 40.933 60.503 39.876 60.503 z\" transform=\" matrix(1 0 0 1 0 0) \" stroke-linecap=\"round\"\/><path d=\"M 22.937 46.567 L 11.051 58.453 c -0.298 0.298 -0.621 0.562 -0.959 0.8 V 87.25 c 0 1.519 1.231 2.75 2.75 2.75 h 8.782 c 1.519 0 2.75 -1.231 2.75 -2.75 V 48.004 L 22.937 46.567 z\" transform=\" matrix(1 0 0 1 0 0) \" stroke-linecap=\"round\"\/><\/g><\/svg><\/p>\n<div class=\"Collapsible-proLivePlayerCloseOrExpand\"><img decoding=\"async\" src=\"https:\/\/static-redesign.cnbcfm.com\/dist\/a54b41835a8b60db28c2.svg\" class=\"Collapsible-dismissButton\" alt=\"ocultar contenido\"\/><\/div>\n<\/div>\n<p><iframe title=\"Lyft 5-day stock chart\" src=\"https:\/\/www.cnbc.com\/appchart?symbol=LYFT&amp;range=5D&amp;type=mountain&amp;embedded=true&amp;$DEVICE$=undefined\" height=\"460\" scrolling=\"no\" style=\"border:0;width:100%\"><\/iframe><\/p>\n<p>Gr\u00e1fico de stock de 5 d\u00edas Lyft<\/p>\n<\/div>\n<div class=\"group\">\n<p>El inversor activista Motor Capital dijo el viernes que detendr\u00eda su campa\u00f1a en Lyft y retirar\u00eda sus nominaciones a la junta directiva de la compa\u00f1\u00eda, citando las noticias de recompra de acciones.<\/p>\n<p>\u00abDespu\u00e9s de una serie de conversaciones productivas, la Junta ha dado un primer paso importante al comprometerse con una recompra de acciones significativas en los pr\u00f3ximos trimestres\u00bb, dijo el fundador y gerente de cartera Arnaud Ajdler en un comunicado.<\/p>\n<p>Las acciones del competidor de viajes compartidos Uber disminuyeron a principios de esta semana despu\u00e9s de publicar resultados mixtos del primer trimestre.<\/p>\n<p>Goldman Sachs mejor\u00f3 las acciones a una compra de una calificaci\u00f3n neutral despu\u00e9s del informe, citando el crecimiento de los paseos y las reservas y la \u00abejecuci\u00f3n fuerte en un tel\u00f3n de fondo de la industria estable\u00bb.<\/p>\n<\/div>\n<\/div>\n\n","protected":false},"excerpt":{"rendered":"<p>El CEO de Lyft, David Risher, posa para un retrato en la ciudad de Nueva York, EE. UU., 16 de abril de 2025. Kylie Cooper | Reuters Lyft Las acciones subieron un 20% el viernes despu\u00e9s de que la compa\u00f1\u00eda de viajes compartidos aument\u00f3 su plan de recompra de acciones y registr\u00f3 reservas brutas mejores &hellip;<\/p>\n","protected":false},"author":1,"featured_media":26517,"comment_status":"open","ping_status":"open","sticky":false,"template":"","format":"standard","meta":{"fifu_image_url":"https:\/\/image.cnbcfm.com\/api\/v1\/image\/106673211-15980103282020-08-20t204552z_2080988282_rc2whi9skjn3_rtrmadp_0_uber-california.jpeg?v=1739281192&w=1920&h=1080","fifu_image_alt":"","footnotes":""},"categories":[2],"tags":[],"class_list":["post-26516","post","type-post","status-publish","format-standard","has-post-thumbnail","","category-tecnologia"],"_links":{"self":[{"href":"https:\/\/noticiasveraces.com\/index.php?rest_route=\/wp\/v2\/posts\/26516","targetHints":{"allow":["GET"]}}],"collection":[{"href":"https:\/\/noticiasveraces.com\/index.php?rest_route=\/wp\/v2\/posts"}],"about":[{"href":"https:\/\/noticiasveraces.com\/index.php?rest_route=\/wp\/v2\/types\/post"}],"author":[{"embeddable":true,"href":"https:\/\/noticiasveraces.com\/index.php?rest_route=\/wp\/v2\/users\/1"}],"replies":[{"embeddable":true,"href":"https:\/\/noticiasveraces.com\/index.php?rest_route=%2Fwp%2Fv2%2Fcomments&post=26516"}],"version-history":[{"count":0,"href":"https:\/\/noticiasveraces.com\/index.php?rest_route=\/wp\/v2\/posts\/26516\/revisions"}],"wp:featuredmedia":[{"embeddable":true,"href":"https:\/\/noticiasveraces.com\/index.php?rest_route=\/wp\/v2\/media\/26517"}],"wp:attachment":[{"href":"https:\/\/noticiasveraces.com\/index.php?rest_route=%2Fwp%2Fv2%2Fmedia&parent=26516"}],"wp:term":[{"taxonomy":"category","embeddable":true,"href":"https:\/\/noticiasveraces.com\/index.php?rest_route=%2Fwp%2Fv2%2Fcategories&post=26516"},{"taxonomy":"post_tag","embeddable":true,"href":"https:\/\/noticiasveraces.com\/index.php?rest_route=%2Fwp%2Fv2%2Ftags&post=26516"}],"curies":[{"name":"wp","href":"https:\/\/api.w.org\/{rel}","templated":true}]}}