{"id":26500,"date":"2025-05-09T08:15:13","date_gmt":"2025-05-09T12:15:13","guid":{"rendered":"https:\/\/noticiasveraces.com\/?p=26500"},"modified":"2025-05-09T08:15:13","modified_gmt":"2025-05-09T12:15:13","slug":"el-papa-leo-xiv-marca-el-dia-super-feliz-para-los-catolicos-segun-el-profesor-de-villanova","status":"publish","type":"post","link":"https:\/\/noticiasveraces.com\/?p=26500","title":{"rendered":"El Papa Leo XIV marca el &#8216;d\u00eda s\u00faper feliz&#8217; para los cat\u00f3licos, seg\u00fan el profesor de Villanova"},"content":{"rendered":"<p> \n<\/p>\n<div>\n<p class=\"speakable\">Mientras el silencio y la quietud calmaban el mundo ansioso, el protodeacon cardenal Dominique Mamberti, con vistas a un mar de decenas de miles de espectadores de ojos llorosos en la Plaza de San Pedro, introdujo a los cat\u00f3licos y los no religiosos al m\u00e1s nuevo pont\u00edfice.<\/p>\n<p class=\"speakable\">El Papa Americano Leo XIV, nacido Robert Francis Prevost, fue elegido para tomar el asiento papal y suceder al fallecido Papa Francisco el 8 de mayo de 2025, despu\u00e9s de cuatro rondas de votaci\u00f3n de c\u00f3nclave por 133 miembros del Colegio de Cardenales.<\/p>\n<p>A medida que el mundo explora las cualidades tiernas y dominantes que hacen que el Papa Leo XIV Papabil y digno del t\u00edtulo Vicario de Cristo, un lugar, un peque\u00f1o lugar de alrededor de 10,000 personas, est\u00e1 radiante de orgullo por la reci\u00e9n elegida nativa de Chicago.<\/p>\n<p><strong>&#8216;Dio Benedica il Papa&#8217;, otros deseos de los nuevos pont\u00edfices, Papa Leo XIV, en italiano<\/strong><\/p>\n<div class=\"image-ct inline\">\n<div class=\"m\"><picture><source media=\"(max-width: 767px)\" srcset=\"https:\/\/a57.foxnews.com\/static.foxnews.com\/foxnews.com\/content\/uploads\/2025\/05\/343\/192\/pope_leo_xiv_18.jpg?ve=1&amp;tl=1, https:\/\/a57.foxnews.com\/static.foxnews.com\/foxnews.com\/content\/uploads\/2025\/05\/686\/384\/pope_leo_xiv_18.jpg?ve=1&amp;tl=1 2x\" height=\"192\" width=\"343\"><source media=\"(min-width: 768px) and (max-width: 1023px)\" srcset=\"https:\/\/a57.foxnews.com\/static.foxnews.com\/foxnews.com\/content\/uploads\/2025\/05\/672\/378\/pope_leo_xiv_18.jpg?ve=1&amp;tl=1, https:\/\/a57.foxnews.com\/static.foxnews.com\/foxnews.com\/content\/uploads\/2025\/05\/1344\/756\/pope_leo_xiv_18.jpg?ve=1&amp;tl=1 2x\" height=\"378\" width=\"672\"><source media=\"(min-width: 1024px) and (max-width: 1279px)\" srcset=\"https:\/\/a57.foxnews.com\/static.foxnews.com\/foxnews.com\/content\/uploads\/2025\/05\/931\/523\/pope_leo_xiv_18.jpg?ve=1&amp;tl=1, https:\/\/a57.foxnews.com\/static.foxnews.com\/foxnews.com\/content\/uploads\/2025\/05\/1862\/1046\/pope_leo_xiv_18.jpg?ve=1&amp;tl=1 2x\" height=\"523\" width=\"931\"><source media=\"(min-width: 1280px)\" srcset=\"https:\/\/a57.foxnews.com\/static.foxnews.com\/foxnews.com\/content\/uploads\/2025\/05\/720\/405\/pope_leo_xiv_18.jpg?ve=1&amp;tl=1, https:\/\/a57.foxnews.com\/static.foxnews.com\/foxnews.com\/content\/uploads\/2025\/05\/1440\/810\/pope_leo_xiv_18.jpg?ve=1&amp;tl=1 2x\" height=\"405\" width=\"720\"><img loading=\"lazy\" decoding=\"async\" src=\"https:\/\/a57.foxnews.com\/static.foxnews.com\/foxnews.com\/content\/uploads\/2025\/05\/1200\/675\/pope_leo_xiv_18.jpg?ve=1&amp;tl=1\" alt=\"Papa Leo XIV Waves and Smiles a la ciudad del Vaticano\" width=\"1200\" height=\"675\"\/><\/source><\/source><\/source><\/source><\/picture><\/div>\n<div class=\"info\">\n<div class=\"caption\">\n<p><span>El cardenal Robert Prevost de los Estados Unidos, el reci\u00e9n elegido Papa Leo XIV, aparece en el balc\u00f3n de la Bas\u00edlica de San Pedro en el Vaticano el 8 de mayo de 2025.<\/span> <span>(Reuters\/Guglielmo Mangiaipane)<\/span><\/p>\n<\/div>\n<\/div>\n<\/div>\n<p>\u00abEs un d\u00eda muy feliz para que todos los cat\u00f3licos tengan un nuevo Papa\u00bb, dijo Patrick Brennan, presidente de Catholic Legal Studies en la Universidad de Villanova, a Fox News Digital.<\/p>\n<p>\u00abEstaba sentado en el estudio cuando descubr\u00ed, como lo hicieron todos los dem\u00e1s, que era un graduado de Villanova que ahora era el Papa\u00bb.<\/p>\n<p>El Papa Leo XIV se gradu\u00f3 de la clase de 1977.<\/p>\n<p>La Universidad de Villanova, una universidad cat\u00f3lica privada a 12 millas fuera de Filadelfia, inscribe solo a 6.700 estudiantes universitarios y 3,100 estudiantes de posgrado y derecho, seg\u00fan su sitio web.<\/p>\n<p>\u00abEs un chico de la ciudad no solo hace bien, sino que rompe todos los moldes\u00bb, dijo Brennan. \u00abTenemos un papa americano\u00bb.<\/p>\n<p><strong>Primer Pontiff elegido estadounidense, conozca al Papa Leo XIV<\/strong><\/p>\n<div class=\"image-ct inline\">\n<div class=\"m\"><picture><source media=\"(max-width: 767px)\" srcset=\"https:\/\/a57.foxnews.com\/static.foxnews.com\/foxnews.com\/content\/uploads\/2025\/05\/343\/192\/new-pope-robert-francis-7.jpg?ve=1&amp;tl=1, https:\/\/a57.foxnews.com\/static.foxnews.com\/foxnews.com\/content\/uploads\/2025\/05\/686\/384\/new-pope-robert-francis-7.jpg?ve=1&amp;tl=1 2x\" height=\"192\" width=\"343\"><source media=\"(min-width: 768px) and (max-width: 1023px)\" srcset=\"https:\/\/a57.foxnews.com\/static.foxnews.com\/foxnews.com\/content\/uploads\/2025\/05\/672\/378\/new-pope-robert-francis-7.jpg?ve=1&amp;tl=1, https:\/\/a57.foxnews.com\/static.foxnews.com\/foxnews.com\/content\/uploads\/2025\/05\/1344\/756\/new-pope-robert-francis-7.jpg?ve=1&amp;tl=1 2x\" height=\"378\" width=\"672\"><source media=\"(min-width: 1024px) and (max-width: 1279px)\" srcset=\"https:\/\/a57.foxnews.com\/static.foxnews.com\/foxnews.com\/content\/uploads\/2025\/05\/931\/523\/new-pope-robert-francis-7.jpg?ve=1&amp;tl=1, https:\/\/a57.foxnews.com\/static.foxnews.com\/foxnews.com\/content\/uploads\/2025\/05\/1862\/1046\/new-pope-robert-francis-7.jpg?ve=1&amp;tl=1 2x\" height=\"523\" width=\"931\"><source media=\"(min-width: 1280px)\" srcset=\"https:\/\/a57.foxnews.com\/static.foxnews.com\/foxnews.com\/content\/uploads\/2025\/05\/720\/405\/new-pope-robert-francis-7.jpg?ve=1&amp;tl=1, https:\/\/a57.foxnews.com\/static.foxnews.com\/foxnews.com\/content\/uploads\/2025\/05\/1440\/810\/new-pope-robert-francis-7.jpg?ve=1&amp;tl=1 2x\" height=\"405\" width=\"720\"><img loading=\"lazy\" decoding=\"async\" src=\"https:\/\/a57.foxnews.com\/static.foxnews.com\/foxnews.com\/content\/uploads\/2025\/05\/1200\/675\/new-pope-robert-francis-7.jpg?ve=1&amp;tl=1\" alt=\"El Papa Leo XIV saluda a una multitud de personas en la ciudad del Vaticano\" width=\"1200\" height=\"675\"\/><\/source><\/source><\/source><\/source><\/picture><\/div>\n<div class=\"info\">\n<div class=\"caption\">\n<p><span>El cardenal Robert Prevost, el reci\u00e9n elegido Papa Leo XIV, es de Chicago.<\/span> <span>(Guglielmo Mangiapane\/Reuters)<\/span><\/p>\n<\/div>\n<\/div>\n<\/div>\n<p>El Papa Leo XIV es el primer Papa en ser elegido de los Estados Unidos.<\/p>\n<p>A pesar del escepticismo de que la universidad sagrada votar\u00eda por un papa estadounidense, Brennan dice que estaba \u00abemocionado\u00bb al escuchar el anuncio de Prevost.<\/p>\n<p>\u00abLas personas que conozco que lo conocen piensan que es un sacerdote maravilloso\u00bb, dijo Brennan a Fox News Digital. \u00abHa sido un miembro maravilloso de la Orden Augustiniana, y sabemos que el Papa Francisco le ha confiado grandes responsabilidades. Es un d\u00eda feliz\u00bb.<\/p>\n<div class=\"image-ct inline\">\n<div class=\"m\"><picture><source media=\"(max-width: 767px)\" srcset=\"https:\/\/a57.foxnews.com\/static.foxnews.com\/foxnews.com\/content\/uploads\/2022\/08\/343\/192\/villanova.png?ve=1&amp;tl=1, https:\/\/a57.foxnews.com\/static.foxnews.com\/foxnews.com\/content\/uploads\/2022\/08\/686\/384\/villanova.png?ve=1&amp;tl=1 2x\" height=\"192\" width=\"343\"><source media=\"(min-width: 768px) and (max-width: 1023px)\" srcset=\"https:\/\/a57.foxnews.com\/static.foxnews.com\/foxnews.com\/content\/uploads\/2022\/08\/672\/378\/villanova.png?ve=1&amp;tl=1, https:\/\/a57.foxnews.com\/static.foxnews.com\/foxnews.com\/content\/uploads\/2022\/08\/1344\/756\/villanova.png?ve=1&amp;tl=1 2x\" height=\"378\" width=\"672\"><source media=\"(min-width: 1024px) and (max-width: 1279px)\" srcset=\"https:\/\/a57.foxnews.com\/static.foxnews.com\/foxnews.com\/content\/uploads\/2022\/08\/931\/523\/villanova.png?ve=1&amp;tl=1, https:\/\/a57.foxnews.com\/static.foxnews.com\/foxnews.com\/content\/uploads\/2022\/08\/1862\/1046\/villanova.png?ve=1&amp;tl=1 2x\" height=\"523\" width=\"931\"><source media=\"(min-width: 1280px)\" srcset=\"https:\/\/a57.foxnews.com\/static.foxnews.com\/foxnews.com\/content\/uploads\/2022\/08\/720\/405\/villanova.png?ve=1&amp;tl=1, https:\/\/a57.foxnews.com\/static.foxnews.com\/foxnews.com\/content\/uploads\/2022\/08\/1440\/810\/villanova.png?ve=1&amp;tl=1 2x\" height=\"405\" width=\"720\"><img loading=\"lazy\" decoding=\"async\" src=\"https:\/\/a57.foxnews.com\/static.foxnews.com\/foxnews.com\/content\/uploads\/2022\/08\/1200\/675\/villanova.png?ve=1&amp;tl=1\" alt=\"La foto muestra la entrada de la Universidad de Villanova con letrero a la vista y \u00e1rboles a lo lejos\" width=\"1200\" height=\"675\"\/><\/source><\/source><\/source><\/source><\/picture><\/div>\n<div class=\"info\">\n<div class=\"caption\">\n<p><span>Foto de la entrada de la Universidad de Villanova en Pensilvania. (Google Maps) <\/span> <span>(Google Maps)<\/span><\/p>\n<\/div>\n<\/div>\n<\/div>\n<p>Prevost fue creado un cardenal por el Papa Francisco en 2023.<\/p>\n<p>La Orden Religiosa Augustiniana, anteriormente conocida como la Orden de San Agust\u00edn y profundamente arraigada en las creencias y ense\u00f1anzas del influyente te\u00f3logo San Agust\u00edn, Obispo de Hippo, se estableci\u00f3 en el siglo XIII.<\/p>\n<p><strong>Los l\u00edderes mundiales felicitan al Papa Leo XIV, primer pont\u00edfice americano<\/strong><\/p>\n<div class=\"image-ct inline\">\n<div class=\"m\"><picture><source media=\"(max-width: 767px)\" srcset=\"https:\/\/a57.foxnews.com\/static.foxnews.com\/foxnews.com\/content\/uploads\/2025\/05\/343\/192\/pope_leo_xiv_09.jpg?ve=1&amp;tl=1, https:\/\/a57.foxnews.com\/static.foxnews.com\/foxnews.com\/content\/uploads\/2025\/05\/686\/384\/pope_leo_xiv_09.jpg?ve=1&amp;tl=1 2x\" height=\"192\" width=\"343\"><source media=\"(min-width: 768px) and (max-width: 1023px)\" srcset=\"https:\/\/a57.foxnews.com\/static.foxnews.com\/foxnews.com\/content\/uploads\/2025\/05\/672\/378\/pope_leo_xiv_09.jpg?ve=1&amp;tl=1, https:\/\/a57.foxnews.com\/static.foxnews.com\/foxnews.com\/content\/uploads\/2025\/05\/1344\/756\/pope_leo_xiv_09.jpg?ve=1&amp;tl=1 2x\" height=\"378\" width=\"672\"><source media=\"(min-width: 1024px) and (max-width: 1279px)\" srcset=\"https:\/\/a57.foxnews.com\/static.foxnews.com\/foxnews.com\/content\/uploads\/2025\/05\/931\/523\/pope_leo_xiv_09.jpg?ve=1&amp;tl=1, https:\/\/a57.foxnews.com\/static.foxnews.com\/foxnews.com\/content\/uploads\/2025\/05\/1862\/1046\/pope_leo_xiv_09.jpg?ve=1&amp;tl=1 2x\" height=\"523\" width=\"931\"><source media=\"(min-width: 1280px)\" srcset=\"https:\/\/a57.foxnews.com\/static.foxnews.com\/foxnews.com\/content\/uploads\/2025\/05\/720\/405\/pope_leo_xiv_09.jpg?ve=1&amp;tl=1, https:\/\/a57.foxnews.com\/static.foxnews.com\/foxnews.com\/content\/uploads\/2025\/05\/1440\/810\/pope_leo_xiv_09.jpg?ve=1&amp;tl=1 2x\" height=\"405\" width=\"720\"><img loading=\"lazy\" decoding=\"async\" src=\"https:\/\/a57.foxnews.com\/static.foxnews.com\/foxnews.com\/content\/uploads\/2025\/05\/1200\/675\/pope_leo_xiv_09.jpg?ve=1&amp;tl=1\" alt=\"Papa Leo XIV como cardenal\" width=\"1200\" height=\"675\"\/><\/source><\/source><\/source><\/source><\/picture><\/div>\n<div class=\"info\">\n<div class=\"caption\">\n<p><span>El cardenal Robert Prevost, el reci\u00e9n elegido Papa Leo XIV, es de Chicago.<\/span> <span>(Reuters\/Murad Sezer)<\/span><\/p>\n<\/div>\n<\/div>\n<\/div>\n<p>\u00abLos agustinos no son tan conocidos en los Estados Unidos como los jesuitas son una parte importante de la vida de la iglesia estadounidense\u00bb, dijo Brennan.<\/p>\n<p>El Papa Francisco, un jesuita y el primero en servir como pontificado, hizo historia como el primer miembro de una orden religiosa en siglos.<\/p>\n<p>El Papa Leo XIV ha seguido lo mismo hist\u00f3ricamente.<\/p>\n<p>\u00abAunque no tienen la presencia que los jesuitas hacen, hacen un trabajo incre\u00edble\u00bb, dijo Brennan sobre los agustinos. \u00abEsto les dar\u00e1 un gran voto de confianza sobre el trabajo que est\u00e1n haciendo en la iglesia\u00bb.<\/p>\n<p>En 1842, los agustinos fundaron la Universidad de Villanova en el centro de Filadelfia hasta que m\u00e1s tarde se mud\u00f3 a los suburbios de Filadelfia, donde la universidad est\u00e1 rodeada de exuberante vegetaci\u00f3n y hermosa arquitectura.<\/p>\n<p><strong>El Papa Leo XIV es escoltado fuera de la Capilla Sixtina despu\u00e9s de convertirse en el 267\u00ba Papa<\/strong><\/p>\n<div class=\"image-ct inline\">\n<div class=\"m\"><picture><source media=\"(max-width: 767px)\" srcset=\"https:\/\/a57.foxnews.com\/static.foxnews.com\/foxnews.com\/content\/uploads\/2025\/05\/343\/192\/new-pope-robert-francis-8.jpg?ve=1&amp;tl=1, https:\/\/a57.foxnews.com\/static.foxnews.com\/foxnews.com\/content\/uploads\/2025\/05\/686\/384\/new-pope-robert-francis-8.jpg?ve=1&amp;tl=1 2x\" height=\"192\" width=\"343\"><source media=\"(min-width: 768px) and (max-width: 1023px)\" srcset=\"https:\/\/a57.foxnews.com\/static.foxnews.com\/foxnews.com\/content\/uploads\/2025\/05\/672\/378\/new-pope-robert-francis-8.jpg?ve=1&amp;tl=1, https:\/\/a57.foxnews.com\/static.foxnews.com\/foxnews.com\/content\/uploads\/2025\/05\/1344\/756\/new-pope-robert-francis-8.jpg?ve=1&amp;tl=1 2x\" height=\"378\" width=\"672\"><source media=\"(min-width: 1024px) and (max-width: 1279px)\" srcset=\"https:\/\/a57.foxnews.com\/static.foxnews.com\/foxnews.com\/content\/uploads\/2025\/05\/931\/523\/new-pope-robert-francis-8.jpg?ve=1&amp;tl=1, https:\/\/a57.foxnews.com\/static.foxnews.com\/foxnews.com\/content\/uploads\/2025\/05\/1862\/1046\/new-pope-robert-francis-8.jpg?ve=1&amp;tl=1 2x\" height=\"523\" width=\"931\"><source media=\"(min-width: 1280px)\" srcset=\"https:\/\/a57.foxnews.com\/static.foxnews.com\/foxnews.com\/content\/uploads\/2025\/05\/720\/405\/new-pope-robert-francis-8.jpg?ve=1&amp;tl=1, https:\/\/a57.foxnews.com\/static.foxnews.com\/foxnews.com\/content\/uploads\/2025\/05\/1440\/810\/new-pope-robert-francis-8.jpg?ve=1&amp;tl=1 2x\" height=\"405\" width=\"720\"><img loading=\"lazy\" decoding=\"async\" src=\"https:\/\/a57.foxnews.com\/static.foxnews.com\/foxnews.com\/content\/uploads\/2025\/05\/1200\/675\/new-pope-robert-francis-8.jpg?ve=1&amp;tl=1\" alt=\"Papa Leo XIV sonriendo a las multitudes en la Plaza de San Pedro\" width=\"1200\" height=\"675\"\/><\/source><\/source><\/source><\/source><\/picture><\/div>\n<div class=\"info\">\n<div class=\"caption\">\n<p><span>El cardenal Robert Prevost, el reci\u00e9n elegido Papa Leo XIV, aparece en el balc\u00f3n de la Bas\u00edlica de San Pedro en el Vaticano el 8 de mayo de 2025.<\/span> <span>(Claudia Greco\/Reuters)<\/span><\/p>\n<\/div>\n<\/div>\n<\/div>\n<p>\u00abCuando [Pope Leo XIV] Hubiera estado en Villanova en la d\u00e9cada de 1970, era un hermoso campus suburbano de una peque\u00f1a universidad cat\u00f3lica de artes liberales con altos est\u00e1ndares y un gran amor por la tradici\u00f3n cat\u00f3lica y mucho esp\u00edritu de Vennanova \u00ab, dijo Brennan.\u00bb Cuando vine a Villanova, me qued\u00e9 aturdido y todav\u00eda estoy por el entusiasmo de Villanova, los alumnos de Villanova y Alumni por su experiencia y por su experiencia y por la experiencia de Villanova.<\/p>\n<p>El Papa Leo XIV celebr\u00f3 su triunfo electoral rezando la oraci\u00f3n de la Sant\u00edsima Virgen Mar\u00eda, Madre de Dios, con el mundo.<\/p>\n<p>\u00abCreo que esa fue una de las formas en que simboliz\u00f3 su piedad tradicional\u00bb, dijo Brennan.<\/p>\n<p><strong>\u00bfQui\u00e9n es el Papa Leo XIV?<\/strong><\/p>\n<div class=\"image-ct inline\">\n<div class=\"m\"><picture><source media=\"(max-width: 767px)\" srcset=\"https:\/\/a57.foxnews.com\/static.foxnews.com\/foxnews.com\/content\/uploads\/2025\/05\/343\/192\/new-pope-robert-francis-9.jpg?ve=1&amp;tl=1, https:\/\/a57.foxnews.com\/static.foxnews.com\/foxnews.com\/content\/uploads\/2025\/05\/686\/384\/new-pope-robert-francis-9.jpg?ve=1&amp;tl=1 2x\" height=\"192\" width=\"343\"><source media=\"(min-width: 768px) and (max-width: 1023px)\" srcset=\"https:\/\/a57.foxnews.com\/static.foxnews.com\/foxnews.com\/content\/uploads\/2025\/05\/672\/378\/new-pope-robert-francis-9.jpg?ve=1&amp;tl=1, https:\/\/a57.foxnews.com\/static.foxnews.com\/foxnews.com\/content\/uploads\/2025\/05\/1344\/756\/new-pope-robert-francis-9.jpg?ve=1&amp;tl=1 2x\" height=\"378\" width=\"672\"><source media=\"(min-width: 1024px) and (max-width: 1279px)\" srcset=\"https:\/\/a57.foxnews.com\/static.foxnews.com\/foxnews.com\/content\/uploads\/2025\/05\/931\/523\/new-pope-robert-francis-9.jpg?ve=1&amp;tl=1, https:\/\/a57.foxnews.com\/static.foxnews.com\/foxnews.com\/content\/uploads\/2025\/05\/1862\/1046\/new-pope-robert-francis-9.jpg?ve=1&amp;tl=1 2x\" height=\"523\" width=\"931\"><source media=\"(min-width: 1280px)\" srcset=\"https:\/\/a57.foxnews.com\/static.foxnews.com\/foxnews.com\/content\/uploads\/2025\/05\/720\/405\/new-pope-robert-francis-9.jpg?ve=1&amp;tl=1, https:\/\/a57.foxnews.com\/static.foxnews.com\/foxnews.com\/content\/uploads\/2025\/05\/1440\/810\/new-pope-robert-francis-9.jpg?ve=1&amp;tl=1 2x\" height=\"405\" width=\"720\"><img loading=\"lazy\" decoding=\"async\" src=\"https:\/\/a57.foxnews.com\/static.foxnews.com\/foxnews.com\/content\/uploads\/2025\/05\/1200\/675\/new-pope-robert-francis-9.jpg?ve=1&amp;tl=1\" alt=\"Nuevo Papa Americano Leo XIV despu\u00e9s de elegido\" width=\"1200\" height=\"675\"\/><\/source><\/source><\/source><\/source><\/picture><\/div>\n<div class=\"info\">\n<div class=\"caption\">\n<p><span>El Papa Leo XIV se gradu\u00f3 de la Universidad de Villanova en 1977.<\/span> <span>(Stoyan Nenov\/Reuters)<\/span><\/p>\n<\/div>\n<\/div>\n<\/div>\n<p>\u00abSu deseo de se\u00f1alar al mundo que es un cat\u00f3lico que reza la forma en que los cat\u00f3licos tradicionalmente lo hacen. El Papa Francisco era conocido por su gran devoci\u00f3n a la Sant\u00edsima Virgen Mar\u00eda, que es parte de la raz\u00f3n por la que tom\u00f3 la decisi\u00f3n inusual de ser enterrado en la iglesia de Santa Mar\u00eda Maggiore\u00bb.<\/p>\n<p>El Papa Francisco, poco despu\u00e9s de convertirse en obispo de Roma en 2013, revel\u00f3 sus planes de entierro.<\/p>\n<p>\u00abElegir rezar el Hail Mary era una se\u00f1al de continuidad y piedad\u00bb, dijo Brennan sobre el Papa Leo XIV.<\/p>\n<p>Finalmente, para el hom\u00f3nimo, Brennan dice que imagina que la selecci\u00f3n se hizo como un gesto simb\u00f3lico.<\/p>\n<p><strong><u>Haga clic aqu\u00ed para llegar a la aplicaci\u00f3n Fox News<\/u><\/strong><\/p>\n<div class=\"image-ct inline\">\n<div class=\"m\"><picture><source media=\"(max-width: 767px)\" srcset=\"https:\/\/a57.foxnews.com\/static.foxnews.com\/foxnews.com\/content\/uploads\/2025\/05\/343\/192\/new-pope-robert-francis-10.jpg?ve=1&amp;tl=1, https:\/\/a57.foxnews.com\/static.foxnews.com\/foxnews.com\/content\/uploads\/2025\/05\/686\/384\/new-pope-robert-francis-10.jpg?ve=1&amp;tl=1 2x\" height=\"192\" width=\"343\"><source media=\"(min-width: 768px) and (max-width: 1023px)\" srcset=\"https:\/\/a57.foxnews.com\/static.foxnews.com\/foxnews.com\/content\/uploads\/2025\/05\/672\/378\/new-pope-robert-francis-10.jpg?ve=1&amp;tl=1, https:\/\/a57.foxnews.com\/static.foxnews.com\/foxnews.com\/content\/uploads\/2025\/05\/1344\/756\/new-pope-robert-francis-10.jpg?ve=1&amp;tl=1 2x\" height=\"378\" width=\"672\"><source media=\"(min-width: 1024px) and (max-width: 1279px)\" srcset=\"https:\/\/a57.foxnews.com\/static.foxnews.com\/foxnews.com\/content\/uploads\/2025\/05\/931\/523\/new-pope-robert-francis-10.jpg?ve=1&amp;tl=1, https:\/\/a57.foxnews.com\/static.foxnews.com\/foxnews.com\/content\/uploads\/2025\/05\/1862\/1046\/new-pope-robert-francis-10.jpg?ve=1&amp;tl=1 2x\" height=\"523\" width=\"931\"><source media=\"(min-width: 1280px)\" srcset=\"https:\/\/a57.foxnews.com\/static.foxnews.com\/foxnews.com\/content\/uploads\/2025\/05\/720\/405\/new-pope-robert-francis-10.jpg?ve=1&amp;tl=1, https:\/\/a57.foxnews.com\/static.foxnews.com\/foxnews.com\/content\/uploads\/2025\/05\/1440\/810\/new-pope-robert-francis-10.jpg?ve=1&amp;tl=1 2x\" height=\"405\" width=\"720\"><img loading=\"lazy\" decoding=\"async\" src=\"https:\/\/a57.foxnews.com\/static.foxnews.com\/foxnews.com\/content\/uploads\/2025\/05\/1200\/675\/new-pope-robert-francis-10.jpg?ve=1&amp;tl=1\" alt=\"El nuevo papa estadounidense Leo XIV da el primer discurso a la ciudad del Vaticano.\" width=\"1200\" height=\"675\"\/><\/source><\/source><\/source><\/source><\/picture><\/div>\n<div class=\"info\">\n<div class=\"caption\">\n<p><span>El Papa Leo XIV, nacido Robert Francis Prevost, fue introducido en el mundo por el protodeacon Cardinal Dominique Mamberti.<\/span> <span>(Remo Casilli\/Reuters)<\/span><\/p>\n<\/div>\n<\/div>\n<\/div>\n<p>\u00abSalt\u00f3 durante todo un siglo, volviendo al nombre de un Papa que muri\u00f3 en 1903 que dej\u00f3 a la iglesia un gran legado de comprensi\u00f3n profunda del lugar de una persona humana y la iglesia cat\u00f3lica en el mundo moderno\u00bb, dijo Brennan.<\/p>\n<p>\u00abCreo que el Papa Leo XIV, al elegir ese nombre, se est\u00e1 uniendo a un legado que puede, y creo que tiene la intenci\u00f3n de abrir para un mundo que ha cambiado mucho y necesita nueva luz y comprensi\u00f3n del tipo que probablemente asocia y encuentra en el mundo del Papa Leo XIII\u00bb, dijo Brennan. <\/p>\n<p> <!----> <\/p>\n<div class=\"article-meta\">\n<div class=\"author-bio\">\n<p>Gabriele Regalbuto es editor senior de SEO en Fox News Digital. Gabriele tiene un t\u00edtulo de periodismo y comunicaciones de la Universidad de West Virginia. Ha trabajado para producir contenido para peri\u00f3dicos, revistas y plataformas digitales. En Fox, ha ayudado en la cobertura de eventos de noticias de \u00faltima hora, incluido el ciclo presidencial de 2024, las elecciones de mitad de per\u00edodo de 2022, la muerte de la reina Isabel II, la guerra en curso entre Rusia y Ucrania.<\/p>\n<\/div>\n<\/div>\n<\/div>\n\n","protected":false},"excerpt":{"rendered":"<p>Mientras el silencio y la quietud calmaban el mundo ansioso, el protodeacon cardenal Dominique Mamberti, con vistas a un mar de decenas de miles de espectadores de ojos llorosos en la Plaza de San Pedro, introdujo a los cat\u00f3licos y los no religiosos al m\u00e1s nuevo pont\u00edfice. El Papa Americano Leo XIV, nacido Robert Francis &hellip;<\/p>\n","protected":false},"author":1,"featured_media":26502,"comment_status":"open","ping_status":"open","sticky":false,"template":"","format":"standard","meta":{"fifu_image_url":"https:\/\/static.foxnews.com\/foxnews.com\/content\/uploads\/2025\/05\/pope_leo_xiv_18.jpg","fifu_image_alt":"","footnotes":""},"categories":[13],"tags":[],"class_list":["post-26500","post","type-post","status-publish","format-standard","has-post-thumbnail","","category-mundo"],"_links":{"self":[{"href":"https:\/\/noticiasveraces.com\/index.php?rest_route=\/wp\/v2\/posts\/26500","targetHints":{"allow":["GET"]}}],"collection":[{"href":"https:\/\/noticiasveraces.com\/index.php?rest_route=\/wp\/v2\/posts"}],"about":[{"href":"https:\/\/noticiasveraces.com\/index.php?rest_route=\/wp\/v2\/types\/post"}],"author":[{"embeddable":true,"href":"https:\/\/noticiasveraces.com\/index.php?rest_route=\/wp\/v2\/users\/1"}],"replies":[{"embeddable":true,"href":"https:\/\/noticiasveraces.com\/index.php?rest_route=%2Fwp%2Fv2%2Fcomments&post=26500"}],"version-history":[{"count":0,"href":"https:\/\/noticiasveraces.com\/index.php?rest_route=\/wp\/v2\/posts\/26500\/revisions"}],"wp:featuredmedia":[{"embeddable":true,"href":"https:\/\/noticiasveraces.com\/index.php?rest_route=\/wp\/v2\/media\/26502"}],"wp:attachment":[{"href":"https:\/\/noticiasveraces.com\/index.php?rest_route=%2Fwp%2Fv2%2Fmedia&parent=26500"}],"wp:term":[{"taxonomy":"category","embeddable":true,"href":"https:\/\/noticiasveraces.com\/index.php?rest_route=%2Fwp%2Fv2%2Fcategories&post=26500"},{"taxonomy":"post_tag","embeddable":true,"href":"https:\/\/noticiasveraces.com\/index.php?rest_route=%2Fwp%2Fv2%2Ftags&post=26500"}],"curies":[{"name":"wp","href":"https:\/\/api.w.org\/{rel}","templated":true}]}}