{"id":26488,"date":"2025-05-09T07:13:29","date_gmt":"2025-05-09T11:13:29","guid":{"rendered":"https:\/\/noticiasveraces.com\/?p=26488"},"modified":"2025-05-09T07:13:29","modified_gmt":"2025-05-09T11:13:29","slug":"merz-reitera-que-israel-es-razon-de-estado-para-alemania-dw-09-05-2025","status":"publish","type":"post","link":"https:\/\/noticiasveraces.com\/?p=26488","title":{"rendered":"Merz reitera que Israel es \u00abraz\u00f3n de Estado\u00bb para Alemania \u2013 DW \u2013 09\/05\/2025"},"content":{"rendered":"<p> \n<\/p>\n<div>\n<p>El canciller alem\u00e1n, Friedrich Merz, garantiz\u00f3 al primer ministro israel\u00ed, Benjam\u00edn Netanyahu, que la seguridad y existencia de Israel son\u00bbraz\u00f3n de Estado para Alemania\u00bb, al tiempo que conden\u00f3 en\u00e9rgicamente el ataque terrorista de Ham\u00e1s de octubre de 2023 y expres\u00f3 su esperanza de un pronto inicio de negociaciones sobre un alto el fuego en Gaza.<\/p>\n<p>\u00abEn el 80 aniversario del final de la Segunda Guerra Mundial, subray\u00f3 que la seguridad y la existencia de Israel son parte de la raz\u00f3n de Estado para Alemania\u00bb, inform\u00f3 este viernes (9.05.2025) el portavoz del Ejecutivo, Stefan Kornelius, sobre la conversaci\u00f3n telef\u00f3nica entre Merz y Netanyahu celebrada el jueves.<\/p>\n<p>\u00abEl Gobierno Federal proceder\u00e1 de forma decidida contra el antisemitismo que se ha recrudecido desde el 7 de octubre de 2023\u00bb, a\u00f1adi\u00f3.<\/p>\n<p>Ambos hablaron asimismo de los acontecimiento en Gaza y Merz \u00abexpres\u00f3 su esperanza de que pronto se pongan en marcha conversaciones sobre un alto el fuego\u00bb.<\/p>\n<p>\u00abEl canciller conden\u00f3 en los t\u00e9rminos m\u00e1s en\u00e9rgicos el brutal ataque terrorista perpetrado por Ham\u00e1s el 7 de octubre. Expres\u00f3 su preocupaci\u00f3n por la suerte de los rehenes y la dif\u00edcil situaci\u00f3n humanitaria en Gaza\u00bb, a\u00f1ade el comunicado.<\/p>\n<p>Durante la conversaci\u00f3n telef\u00f3nica abordaron asimismo la situaci\u00f3n en Siria.<\/p>\n<p>Adem\u00e1s, el canciller expres\u00f3 su reconocimiento por las pr\u00f3ximas visitas del presidente israel\u00ed, Isaac Herzog, a Berl\u00edn y del jefe de Estado alem\u00e1n, Frank-Walter Steinmeier, a Israel para conmemorar el 60 aniversario del establecimiento de relaciones diplom\u00e1ticas entre ambos pa\u00edses.<\/p>\n<p>Por otra parte, el ministro alem\u00e1n de Exteriores, Johann Wadephul, tiene previsto viajar este mismo fin de semana a Israel.<\/p>\n<p>RML (Efe, Reuters)<\/p>\n<\/div>\n\n","protected":false},"excerpt":{"rendered":"<p>El canciller alem\u00e1n, Friedrich Merz, garantiz\u00f3 al primer ministro israel\u00ed, Benjam\u00edn Netanyahu, que la seguridad y existencia de Israel son\u00bbraz\u00f3n de Estado para Alemania\u00bb, al tiempo que conden\u00f3 en\u00e9rgicamente el ataque terrorista de Ham\u00e1s de octubre de 2023 y expres\u00f3 su esperanza de un pronto inicio de negociaciones sobre un alto el fuego en Gaza. &hellip;<\/p>\n","protected":false},"author":1,"featured_media":26489,"comment_status":"open","ping_status":"open","sticky":false,"template":"","format":"standard","meta":{"fifu_image_url":"https:\/\/static.dw.com\/image\/71773960_6.jpg","fifu_image_alt":"","footnotes":""},"categories":[13],"tags":[],"class_list":["post-26488","post","type-post","status-publish","format-standard","has-post-thumbnail","","category-mundo"],"_links":{"self":[{"href":"https:\/\/noticiasveraces.com\/index.php?rest_route=\/wp\/v2\/posts\/26488","targetHints":{"allow":["GET"]}}],"collection":[{"href":"https:\/\/noticiasveraces.com\/index.php?rest_route=\/wp\/v2\/posts"}],"about":[{"href":"https:\/\/noticiasveraces.com\/index.php?rest_route=\/wp\/v2\/types\/post"}],"author":[{"embeddable":true,"href":"https:\/\/noticiasveraces.com\/index.php?rest_route=\/wp\/v2\/users\/1"}],"replies":[{"embeddable":true,"href":"https:\/\/noticiasveraces.com\/index.php?rest_route=%2Fwp%2Fv2%2Fcomments&post=26488"}],"version-history":[{"count":0,"href":"https:\/\/noticiasveraces.com\/index.php?rest_route=\/wp\/v2\/posts\/26488\/revisions"}],"wp:featuredmedia":[{"embeddable":true,"href":"https:\/\/noticiasveraces.com\/index.php?rest_route=\/wp\/v2\/media\/26489"}],"wp:attachment":[{"href":"https:\/\/noticiasveraces.com\/index.php?rest_route=%2Fwp%2Fv2%2Fmedia&parent=26488"}],"wp:term":[{"taxonomy":"category","embeddable":true,"href":"https:\/\/noticiasveraces.com\/index.php?rest_route=%2Fwp%2Fv2%2Fcategories&post=26488"},{"taxonomy":"post_tag","embeddable":true,"href":"https:\/\/noticiasveraces.com\/index.php?rest_route=%2Fwp%2Fv2%2Ftags&post=26488"}],"curies":[{"name":"wp","href":"https:\/\/api.w.org\/{rel}","templated":true}]}}