{"id":26483,"date":"2025-05-09T06:12:49","date_gmt":"2025-05-09T10:12:49","guid":{"rendered":"https:\/\/noticiasveraces.com\/?p=26483"},"modified":"2025-05-09T06:12:49","modified_gmt":"2025-05-09T10:12:49","slug":"seguira-el-papa-leon-xiv-la-senda-de-francisco-dw-08-05-2025","status":"publish","type":"post","link":"https:\/\/noticiasveraces.com\/?p=26483","title":{"rendered":"\u00bfSeguir\u00e1 el papa Le\u00f3n XIV la senda de Francisco? \u2013 DW \u2013 08\/05\/2025"},"content":{"rendered":"<p> \n<\/p>\n<div>\n<p>Esta elecci\u00f3n es una sensaci\u00f3n, aun cuando su nombre haya sido mencionado reiteradamente como posible sucesor del papa Francisco. Por primera vez, un cardenal de Estados Unidos ha sido elegido Sumo Pont\u00edfice de la Iglesia cat\u00f3lica.<\/p>\n<p>En los tiempos del presidente Donald Trump y su nuevo orden internacional, un estadounidense ser\u00e1 su contraparte en el Vaticano.\u00a0El nuevo papa, el primero que despu\u00e9s de m\u00e1s de un siglo elige el nombre de Le\u00f3n, proviene originalmente de Chicago. All\u00ed naci\u00f3 el 14 de septiembre de 1955. Tras su ordenaci\u00f3n sacerdotal, en 1982, abandon\u00f3\u00a0Estados Unidos, donde nunca volvi\u00f3 a vivir per\u00edodos\u00a0prolongados.<\/p>\n<h2>Director de la Orden de San Agust\u00edn<\/h2>\n<p>Desde 1977 pertenece a la Orden de San Agust\u00edn, a cuyo noviciado se incorpor\u00f3 en ese entonces.\u00a0Desde mediados de la d\u00e9cada de 1980 hasta comienzos de la del 2000 realiz\u00f3 diversas funciones en Per\u00fa, temporalmente como profesor de teolog\u00eda y finalmente como superior provincial de los agustinos en el pa\u00eds.<\/p>\n<p>En 2001 se traslad\u00f3 a Roma, donde fue prior general de la Orden de San Agust\u00edn. All\u00ed residi\u00f3 en un imponente complejo arquitect\u00f3nico, ubicado directamente tras las columnas de la Plaza de San Pedro.<\/p>\n<p>Pero los caminos de Robert Prevost habr\u00edan de llevarlo nuevamente a Per\u00fa, a la regi\u00f3n m\u00e1s pobre del pa\u00eds. En 2014, el papa Francisco lo nombr\u00f3 obispo y en 2015, obispo titular de Chiclayo.<\/p>\n<h2>Contactos regulares con el Vaticano<\/h2>\n<p>Ya en 2019 y 2020, Francisco incorpor\u00f3 a Robert Prevost en dos importantes congregaciones del Vaticano. Eso implic\u00f3 para el obispo sostener regularmente contacto con la Santa Sede. El siguiente paso lo dio en 2023, cuando fue nombrado prefecto del Dicasterio para los Obispos, un organismo importante en la Iglesia, y presidente de la Comisi\u00f3n Pontificia para Am\u00e9rica Latina. En su pen\u00faltimo Consistorio, en 2023, el Papa lo hizo cardenal.<\/p>\n<p>Es inusual que, tan solo cinco meses despu\u00e9s, haya escalado al sitial m\u00e1s alto de la Iglesia cat\u00f3lica. Los peri\u00f3dicos italianos, sin embargo, ya lo clasificaban como un candidato y\u00a0lo elogiaban como un \u00abmediador estadounidense\u201d que, seg\u00fan el diario <em>La prensa,<\/em> podr\u00eda convertirse en \u00abla sorpresa del c\u00f3nclave\u201d. Seg\u00fan el rotativo, Prevost conjuga \u00abrigurosidad doctrinaria, sensibilidad pastoral y una visi\u00f3n misionera del Evangelio\u201d.<\/p>\n<p><span data-slot-id=\"Article_InContent-1\" class=\"rich-text-ad\"\/><\/p>\n<h2>Un conocedor del sistema<\/h2>\n<p>La elecci\u00f3n de Prevost, sin duda, no marca un giro con respecto a la era de Francisco. En muchos aspectos, especialmente en asuntos sociales, seguir\u00e1 la huella de su antecesor. Pero, en otros aspectos, se ha posicionado con mayor claridad. En el pol\u00e9mico tema de la ordenaci\u00f3n de mujeres, ha advertido que la Iglesia debe ser distinta de la sociedad. Considera que la ordenaci\u00f3n femenina no soluciona necesariamente un problema, sino que podr\u00eda ocasionar uno nuevo.<\/p>\n<p>Tras Bergoglio, que en no pocas ocasiones parec\u00eda un cuerpo extra\u00f1o en el Vaticano y justamente era tan apreciado afuera por eso, llega ahora alguien que conoce el sistema por dentro. Un estadounidense que realmente no es un t\u00edpico estadounidense. Resultar\u00e1 interesante ver cu\u00e1n consecuentemente se mantendr\u00e1 en la senda de Francisco.<\/p>\n<p>Por delante est\u00e1, por ejemplo, el gran proyecto\u00a0del S\u00ednodo Mundial del antecesor de Le\u00f3n XIV.\u00a0Aproximadamente un mes antes de su muerte, el Vaticano anunci\u00f3 -con la venia del Papa- la prolongaci\u00f3n de este proceso reformista hasta octubre de 2028.<\/p>\n<h2>Una sombra sobre el pontificado<\/h2>\n<p>Prevost fue uno de los 55 cardenales del c\u00f3nclave que estuvieron el S\u00ednodo Mundial en octubre de 2023 y octubre 2024.<\/p>\n<p>Pero, por estos d\u00edas, tambi\u00e9n se habl\u00f3 de Prevost en otro contexto. Se lo ha acusado de encubrimiento de abusos en el Vaticano. El mi\u00e9rcoles, poco antes de que los cardenales se reunieran en la Capilla Sixtina, la organizaci\u00f3n de origen estadounidense \u00abSurvivors Network of Those Abused by Priests\u00bb (SNAP)\u00a0reiter\u00f3 ante periodistas sus acusaciones contra seis destacados cardenales. Entre ellos, Prevost.<\/p>\n<p>Al igual que otros cardenales, el estadounidense rechaz\u00f3 los reproches, sin entrar en cuestiones\u00a0concretas. Peter Isely, de la directiva de SNAP, hab\u00eda advertido previamente de elegir como papa a uno de los que la organizaci\u00f3n acusa, indicando que el nuevo Pont\u00edfice debe por fin llevar a la pr\u00e1ctica seriamente la \u00abpol\u00edtica de cero tolerancia\u201d, proclamada por su antecesor.<\/p>\n<p>(ERS\/MS)<\/p>\n<\/p>\n<\/div>\n\n","protected":false},"excerpt":{"rendered":"<p>Esta elecci\u00f3n es una sensaci\u00f3n, aun cuando su nombre haya sido mencionado reiteradamente como posible sucesor del papa Francisco. Por primera vez, un cardenal de Estados Unidos ha sido elegido Sumo Pont\u00edfice de la Iglesia cat\u00f3lica. En los tiempos del presidente Donald Trump y su nuevo orden internacional, un estadounidense ser\u00e1 su contraparte en el &hellip;<\/p>\n","protected":false},"author":1,"featured_media":26484,"comment_status":"open","ping_status":"open","sticky":false,"template":"","format":"standard","meta":{"fifu_image_url":"https:\/\/static.dw.com\/image\/72483566_6.jpg","fifu_image_alt":"","footnotes":""},"categories":[13],"tags":[],"class_list":["post-26483","post","type-post","status-publish","format-standard","has-post-thumbnail","","category-mundo"],"_links":{"self":[{"href":"https:\/\/noticiasveraces.com\/index.php?rest_route=\/wp\/v2\/posts\/26483","targetHints":{"allow":["GET"]}}],"collection":[{"href":"https:\/\/noticiasveraces.com\/index.php?rest_route=\/wp\/v2\/posts"}],"about":[{"href":"https:\/\/noticiasveraces.com\/index.php?rest_route=\/wp\/v2\/types\/post"}],"author":[{"embeddable":true,"href":"https:\/\/noticiasveraces.com\/index.php?rest_route=\/wp\/v2\/users\/1"}],"replies":[{"embeddable":true,"href":"https:\/\/noticiasveraces.com\/index.php?rest_route=%2Fwp%2Fv2%2Fcomments&post=26483"}],"version-history":[{"count":0,"href":"https:\/\/noticiasveraces.com\/index.php?rest_route=\/wp\/v2\/posts\/26483\/revisions"}],"wp:featuredmedia":[{"embeddable":true,"href":"https:\/\/noticiasveraces.com\/index.php?rest_route=\/wp\/v2\/media\/26484"}],"wp:attachment":[{"href":"https:\/\/noticiasveraces.com\/index.php?rest_route=%2Fwp%2Fv2%2Fmedia&parent=26483"}],"wp:term":[{"taxonomy":"category","embeddable":true,"href":"https:\/\/noticiasveraces.com\/index.php?rest_route=%2Fwp%2Fv2%2Fcategories&post=26483"},{"taxonomy":"post_tag","embeddable":true,"href":"https:\/\/noticiasveraces.com\/index.php?rest_route=%2Fwp%2Fv2%2Ftags&post=26483"}],"curies":[{"name":"wp","href":"https:\/\/api.w.org\/{rel}","templated":true}]}}