{"id":26468,"date":"2025-05-09T03:09:25","date_gmt":"2025-05-09T07:09:25","guid":{"rendered":"https:\/\/noticiasveraces.com\/?p=26468"},"modified":"2025-05-09T03:09:25","modified_gmt":"2025-05-09T07:09:25","slug":"el-mundo-celebra-eleccion-del-primer-papa-de-ee-uu-y-peru-dw-09-05-2025","status":"publish","type":"post","link":"https:\/\/noticiasveraces.com\/?p=26468","title":{"rendered":"El mundo celebra elecci\u00f3n del primer papa de EE.UU. y Per\u00fa \u2013 DW \u2013 09\/05\/2025"},"content":{"rendered":"<p> \n<\/p>\n<div>\n<p>Robert Francis Prevost, de 69 a\u00f1os, se convirti\u00f3 el jueves (08.05.2025) en el primer papa estadounidense y peruano de la historia, bajo el nombre de Le\u00f3n XIV.<\/p>\n<p>Estas son las principales reacciones a su elecci\u00f3n:<\/p>\n<p>El presidente estadounidense, Donald Trump, felicit\u00f3 al nuevo pont\u00edfice en un mensaje en su red Truth Social. \u00abQu\u00e9 emoci\u00f3n, y qu\u00e9 gran honor para nuestro pa\u00eds\u00bb, dijo. \u00abEstoy deseando conocer al papa Le\u00f3n XIV. \u00a1Ser\u00e1 un gran momento!\u00bb, escribi\u00f3.<\/p>\n<p>El exmandatario dem\u00f3crata\u00a0Barack Obama felicit\u00f3 a su \u00abconciudadano de Chicago\u00bb, cuna del papa y ciudad adoptiva del dem\u00f3crata, y celebr\u00f3 \u00abun d\u00eda hist\u00f3rico para Estados Unidos\u00bb.<\/p>\n<blockquote class=\"tweet embed\" data-id=\"1920551037632397447\"\/>\n<p>La presidenta de Per\u00fa, Dina Boluarte, destac\u00f3 el hecho de que Le\u00f3n XIV sea un peruano por \u00abelecci\u00f3n y convicci\u00f3n\u00bb con m\u00e1s de 20 de a\u00f1os de servicio en el pa\u00eds y nacionalizado en 2015. Eligi\u00f3 ser uno de nosotros, vivir entre nosotros y llevar en su coraz\u00f3n la fe y la cultura y los sue\u00f1os de este pa\u00eds\u00bb, afirm\u00f3.<\/p>\n<h2>Muy\u00a0ligado a Am\u00e9rica Latina<\/h2>\n<p>El presidente de Colombia, Gustavo Petro, celebr\u00f3 la elecci\u00f3n de un papa estadounidense con profundos v\u00ednculos con Am\u00e9rica Latina. \u00abOjal\u00e1 sea el gran l\u00edder de los pueblos migrantes en el mundo y ojal\u00e1 aliente a nuestros hermanos migrantes latinoamericanos, hoy humillados en los EEUU\u00bb, afirm\u00f3.<\/p>\n<p>El presidente de Brasil, Luiz In\u00e1cio Lula da Silva, pidi\u00f3 al nuevo papa continuar con la labor del fallecido Francisco. \u00abDeseo que d\u00e9 continuidad al legado del papa Francisco, que tuvo como principales virtudes la b\u00fasqueda incesante de la paz y la justicia social, la defensa del medio ambiente, el di\u00e1logo con todos los pueblos y todas las religiones, y el respeto a la diversidad de seres humanos\u00bb, escribi\u00f3 en X.     <\/p>\n<blockquote class=\"tweet embed\" data-id=\"1920558353220026527\"\/>\n<p>La presidenta de M\u00e9xico, Claudia Sheinbaum, destac\u00f3 su \u00abconvergencia humanista\u00bb con el nuevo pont\u00edfice, mientras su par de Cuba, Miguel D\u00edaz-Canel, comparti\u00f3 \u00abla voluntad de promover el di\u00e1logo y la paz\u00bb.<\/p>\n<h2>Defensa del di\u00e1logo y los derechos humanos<\/h2>\n<p>El primer discurso de Le\u00f3n XIV fue \u00abun poderoso llamado a la paz, a la fraternidad y a la responsabilidad\u00bb, reaccion\u00f3 la primera ministra italiana, Giorgia Meloni, y el presidente espa\u00f1ol Pedro S\u00e1nchez, dijo esperar que \u00abcontribuya a fortalecer el di\u00e1logo y la defensa de los derechos humanos\u00bb.<\/p>\n<p>El presidente franc\u00e9s, Emmanuel Macron, abog\u00f3 para que el \u00abnuevo pontificado sea portador de paz y esperanza\u00bb, mientras el ucraniano, Volodimir Zelenski, dijo esperar que el Vaticano siga apoyando \u00abmoralmente y espiritualmente\u00bb a Kiev para \u00abrestablecer la justicia y lograr una paz duradera\u00bb con Mosc\u00fa.<\/p>\n<blockquote class=\"tweet embed\" data-id=\"1920538890210885950\"\/>\n<p>Por su parte, el presidente ruso, Vladimir Putin, dijo esperar que el pont\u00edfice estadounidense y peruano siga el \u00abdi\u00e1logo constructivo\u00bb con el Kremlin \u00absobre la base de los valores cristianos que nos unen\u00bb.<\/p>\n<p>El presidente israel\u00ed, Isaac Herzog, dijo esperar un fortalecimiento de los lazos entre su pa\u00eds y la Santa Sede, y el primer ministro Benjamin Netanyahu le dese\u00f3 \u00e9xito al nuevo papa \u00abpara fomentar la esperanza y la reconciliaci\u00f3n entre todas las religiones\u00bb.<\/p>\n<p><span data-slot-id=\"Article_InContent-1\" class=\"rich-text-ad\"\/><\/p>\n<h2>Elecci\u00f3n \u00abtrascendental\u00bb<\/h2>\n<p>La presidenta de la Comisi\u00f3n Europea, Ursula von der Leyen, alab\u00f3 el compromiso por la paz del nuevo pont\u00edfice, mientras el canciller alem\u00e1n Friedrich Merz dese\u00f3 que \u00absu pontificado est\u00e9 guiado por la sabidur\u00eda y la fuerza\u00bb.<\/p>\n<blockquote class=\"tweet embed\" data-id=\"1920534133832397049\"\/>\n<p> El presidente de la Autoridad Palestina, Mahmud Ab\u00e1s, envi\u00f3 los \u00abmejores deseos al papa Le\u00f3n XIV\u00bb y le pidi\u00f3 continuar \u00ablos esfuerzos de paz\u00bb de su predecesor Francisco.<\/p>\n<p>El presidente liban\u00e9s, Joseph Aoun, el \u00fanico jefe de Estado cristiano del mundo \u00e1rabe, felicit\u00f3 a la Iglesia cat\u00f3lica y \u00abal mundo\u00bb por la elecci\u00f3n de Le\u00f3n XIV. y dijo confiar en que el papa refuerce \u00abel di\u00e1logo entre las religiones y las culturas\u00bb.<\/p>\n<p> \u00ab\u00a1Tenemos un papa! \u00a1Tenemos esperanza!\u00bb, reaccion\u00f3 el primer ministro h\u00fangaro, Viktor Orban, en tanto su colega brit\u00e1nico, Keir Starmer, celebr\u00f3 la elecci\u00f3n \u00abtrascendental\u00bb del l\u00edder cat\u00f3lico y afirm\u00f3 estar impaciente por trabajar con \u00e9l.<\/p>\n<p>\u00abLa elecci\u00f3n del papa Le\u00f3n XIV es un momento de profunda alegr\u00eda para los cat\u00f3licos de Reino Unido, y abre un nuevo cap\u00edtulo para el liderazgo de la Iglesia y en el mundo\u00bb, dijo Starmer.<\/p>\n<p> GS (AFP, Efe, AP, Reuters)<\/p>\n<\/div>\n\n","protected":false},"excerpt":{"rendered":"<p>Robert Francis Prevost, de 69 a\u00f1os, se convirti\u00f3 el jueves (08.05.2025) en el primer papa estadounidense y peruano de la historia, bajo el nombre de Le\u00f3n XIV. Estas son las principales reacciones a su elecci\u00f3n: El presidente estadounidense, Donald Trump, felicit\u00f3 al nuevo pont\u00edfice en un mensaje en su red Truth Social. \u00abQu\u00e9 emoci\u00f3n, y &hellip;<\/p>\n","protected":false},"author":1,"featured_media":26469,"comment_status":"open","ping_status":"open","sticky":false,"template":"","format":"standard","meta":{"fifu_image_url":"https:\/\/static.dw.com\/image\/72483784_6.jpg","fifu_image_alt":"","footnotes":""},"categories":[13],"tags":[],"class_list":["post-26468","post","type-post","status-publish","format-standard","has-post-thumbnail","","category-mundo"],"_links":{"self":[{"href":"https:\/\/noticiasveraces.com\/index.php?rest_route=\/wp\/v2\/posts\/26468","targetHints":{"allow":["GET"]}}],"collection":[{"href":"https:\/\/noticiasveraces.com\/index.php?rest_route=\/wp\/v2\/posts"}],"about":[{"href":"https:\/\/noticiasveraces.com\/index.php?rest_route=\/wp\/v2\/types\/post"}],"author":[{"embeddable":true,"href":"https:\/\/noticiasveraces.com\/index.php?rest_route=\/wp\/v2\/users\/1"}],"replies":[{"embeddable":true,"href":"https:\/\/noticiasveraces.com\/index.php?rest_route=%2Fwp%2Fv2%2Fcomments&post=26468"}],"version-history":[{"count":0,"href":"https:\/\/noticiasveraces.com\/index.php?rest_route=\/wp\/v2\/posts\/26468\/revisions"}],"wp:featuredmedia":[{"embeddable":true,"href":"https:\/\/noticiasveraces.com\/index.php?rest_route=\/wp\/v2\/media\/26469"}],"wp:attachment":[{"href":"https:\/\/noticiasveraces.com\/index.php?rest_route=%2Fwp%2Fv2%2Fmedia&parent=26468"}],"wp:term":[{"taxonomy":"category","embeddable":true,"href":"https:\/\/noticiasveraces.com\/index.php?rest_route=%2Fwp%2Fv2%2Fcategories&post=26468"},{"taxonomy":"post_tag","embeddable":true,"href":"https:\/\/noticiasveraces.com\/index.php?rest_route=%2Fwp%2Fv2%2Ftags&post=26468"}],"curies":[{"name":"wp","href":"https:\/\/api.w.org\/{rel}","templated":true}]}}