{"id":26419,"date":"2025-05-08T18:59:16","date_gmt":"2025-05-08T22:59:16","guid":{"rendered":"https:\/\/noticiasveraces.com\/?p=26419"},"modified":"2025-05-08T18:59:16","modified_gmt":"2025-05-08T22:59:16","slug":"educacion-del-holocausto-vital-para-prevenir-futuros-genocidios-dice-el-bisnieto-de-eisenhower","status":"publish","type":"post","link":"https:\/\/noticiasveraces.com\/?p=26419","title":{"rendered":"Educaci\u00f3n del Holocausto Vital para prevenir futuros genocidios, dice el bisnieto de Eisenhower"},"content":{"rendered":"<p> \n<\/p>\n<div>\n<p class=\"speakable\">Ochenta a\u00f1os despu\u00e9s del Holocausto, demasiadas personas est\u00e1n minimizando su severidad o neg\u00e1ndolo por completo, advirti\u00f3 a Merrill Eisenhower Atwater, bisnieto del ex presidente Dwight D. Eisenhower. <\/p>\n<p class=\"speakable\">Sus comentarios se produjeron cuando las naciones de todo el mundo conmemoraron el 80 aniversario de la victoria en el D\u00eda de Europa.<\/p>\n<p>El 8 de mayo de 1945, la Alemania nazi se rindi\u00f3 formalmente a los poderes aliados, poniendo fin a la guerra en Europa, un conflicto que cobr\u00f3 la vida de aproximadamente 40 millones de personas, incluido el exterminio de 6 millones de jud\u00edos.<\/p>\n<p>El mes pasado, Eisenhower Atwater particip\u00f3 en la Marcha de la Vivencia en el D\u00eda del Recuerdo del Holocausto, caminando junto a sobrevivientes y miles de participantes de todo el mundo. La marcha rastrea el camino de Auschwitz a Birkenau, los campos de exterminio nazis en Polonia ocupada, en un tributo solemne a las v\u00edctimas y en honor a los sobrevivientes y sus liberadores.<\/p>\n<p>\u00abCuando est\u00e1s sentado con 80 sobrevivientes del Holocausto y tanto t\u00fa como t\u00fa est\u00e1n llorando por lo especial que es el momento, y te dicen: &#8216;Sin tu bisabuelo, esto nunca hubiera sucedido&#8217;, digo, sin tu valent\u00eda, esto nunca hubiera sucedido\u00bb, dijo Eisenhower Atwater Digital el mi\u00e9rcoles, el mi\u00e9rcoles, el mi\u00e9rcoles, el mi\u00e9rcoles, el mi\u00e9rcoles, el mi\u00e9rcoles, el mi\u00e9rcoles, el mi\u00e9rcoles, el mi\u00e9rcoles,<\/p>\n<p><strong>Israel hace una pausa mientras el estado jud\u00edo honra y recuerda a las v\u00edctimas del Holocausto<\/strong><\/p>\n<div class=\"image-ct inline\">\n<div class=\"m\"><picture><source media=\"(max-width: 767px)\" srcset=\"https:\/\/a57.foxnews.com\/static.foxnews.com\/foxnews.com\/content\/uploads\/2025\/04\/343\/192\/ff2e7507-gettyimages-104404170-scaled.jpg?ve=1&amp;tl=1, https:\/\/a57.foxnews.com\/static.foxnews.com\/foxnews.com\/content\/uploads\/2025\/04\/686\/384\/ff2e7507-gettyimages-104404170-scaled.jpg?ve=1&amp;tl=1 2x\" height=\"192\" width=\"343\"><source media=\"(min-width: 768px) and (max-width: 1023px)\" srcset=\"https:\/\/a57.foxnews.com\/static.foxnews.com\/foxnews.com\/content\/uploads\/2025\/04\/672\/378\/ff2e7507-gettyimages-104404170-scaled.jpg?ve=1&amp;tl=1, https:\/\/a57.foxnews.com\/static.foxnews.com\/foxnews.com\/content\/uploads\/2025\/04\/1344\/756\/ff2e7507-gettyimages-104404170-scaled.jpg?ve=1&amp;tl=1 2x\" height=\"378\" width=\"672\"><source media=\"(min-width: 1024px) and (max-width: 1279px)\" srcset=\"https:\/\/a57.foxnews.com\/static.foxnews.com\/foxnews.com\/content\/uploads\/2025\/04\/931\/523\/ff2e7507-gettyimages-104404170-scaled.jpg?ve=1&amp;tl=1, https:\/\/a57.foxnews.com\/static.foxnews.com\/foxnews.com\/content\/uploads\/2025\/04\/1862\/1046\/ff2e7507-gettyimages-104404170-scaled.jpg?ve=1&amp;tl=1 2x\" height=\"523\" width=\"931\"><source media=\"(min-width: 1280px)\" srcset=\"https:\/\/a57.foxnews.com\/static.foxnews.com\/foxnews.com\/content\/uploads\/2025\/04\/720\/405\/ff2e7507-gettyimages-104404170-scaled.jpg?ve=1&amp;tl=1, https:\/\/a57.foxnews.com\/static.foxnews.com\/foxnews.com\/content\/uploads\/2025\/04\/1440\/810\/ff2e7507-gettyimages-104404170-scaled.jpg?ve=1&amp;tl=1 2x\" height=\"405\" width=\"720\"><img loading=\"lazy\" decoding=\"async\" src=\"https:\/\/a57.foxnews.com\/static.foxnews.com\/foxnews.com\/content\/uploads\/2025\/04\/1200\/675\/ff2e7507-gettyimages-104404170-scaled.jpg?ve=1&amp;tl=1\" alt=\"El campo de concentraci\u00f3n de Ohrdruf cerca de Buchewald, Alemania. El entonces general estadounidense Dwight D. Eisenhower, comandante en jefe de las fuerzas aliadas europeas, y sus soldados descubrieron a 70 prisioneros que hab\u00edan sido derribados en el patio en Alemania el 4 de abril.\" width=\"1200\" height=\"675\"\/><\/source><\/source><\/source><\/source><\/picture><\/div>\n<div class=\"info\">\n<div class=\"caption\">\n<p><span>El campo de concentraci\u00f3n de Ohrdruf cerca de Buchewald, Alemania. El entonces general estadounidense Dwight D. Eisenhower, comandante en jefe de las fuerzas aliadas europeas, y sus soldados descubrieron a 70 prisioneros que hab\u00edan sido derribados en el patio en Alemania el 4 de abril.<\/span> <span>(Foto de Keystone-France\/Gamma-Keystone a trav\u00e9s de Getty Images)<\/span><\/p>\n<\/div>\n<\/div>\n<\/div>\n<p>\u00abUna persona es igual a m\u00faltiples vidas que se salvaron. No era solo la liberaci\u00f3n de los campos, estaba salvando generaciones\u00bb, agreg\u00f3.<\/p>\n<p>Entre los participantes de la marcha se encontraba Israel Meir Lau, el ex rabino jefe de Israel y un ni\u00f1o sobreviviente de Buchenwald, quien conoci\u00f3 personalmente al general Dwight D. Eisenhower, quien dirigi\u00f3 la ofensiva aliada contra los nazis en Europa, durante la liberaci\u00f3n del campamento.<\/p>\n<p>Tambi\u00e9n record\u00f3 Chaim Herzog, padre del presidente israel\u00ed Isaac Herzog, quien estuvo presente para la marcha. Un oficial del ej\u00e9rcito brit\u00e1nico durante la Segunda Guerra Mundial, Chaim Herzog jug\u00f3 un papel en la liberaci\u00f3n del campo de concentraci\u00f3n de Bergen-Belsen. Su padre, Yitzhak Isaac Halevi Herzog, que tambi\u00e9n se convertir\u00eda en un rabino jefe de Israel, se reuni\u00f3 con el general Eisenhower en 1946 como parte de una misi\u00f3n para ayudar a los sobrevivientes jud\u00edos en la Europa de la posguerra.<\/p>\n<p>Eisenhower Atwater calific\u00f3 su inclusi\u00f3n como \u00abhumillante\u00bb y dijo que la marcha le permiti\u00f3 \u00absentarse y hablar con h\u00e9roes no reconocidos\u00bb.<\/p>\n<div class=\"image-ct inline\">\n<div class=\"m\"><picture><source media=\"(max-width: 767px)\" srcset=\"https:\/\/a57.foxnews.com\/static.foxnews.com\/foxnews.com\/content\/uploads\/2025\/05\/343\/192\/merrill-eisenhower-atwater-and-eva-clarke-in-auschwitz-april-23-credit-chen-schimmel.jpg?ve=1&amp;tl=1, https:\/\/a57.foxnews.com\/static.foxnews.com\/foxnews.com\/content\/uploads\/2025\/05\/686\/384\/merrill-eisenhower-atwater-and-eva-clarke-in-auschwitz-april-23-credit-chen-schimmel.jpg?ve=1&amp;tl=1 2x\" height=\"192\" width=\"343\"><source media=\"(min-width: 768px) and (max-width: 1023px)\" srcset=\"https:\/\/a57.foxnews.com\/static.foxnews.com\/foxnews.com\/content\/uploads\/2025\/05\/672\/378\/merrill-eisenhower-atwater-and-eva-clarke-in-auschwitz-april-23-credit-chen-schimmel.jpg?ve=1&amp;tl=1, https:\/\/a57.foxnews.com\/static.foxnews.com\/foxnews.com\/content\/uploads\/2025\/05\/1344\/756\/merrill-eisenhower-atwater-and-eva-clarke-in-auschwitz-april-23-credit-chen-schimmel.jpg?ve=1&amp;tl=1 2x\" height=\"378\" width=\"672\"><source media=\"(min-width: 1024px) and (max-width: 1279px)\" srcset=\"https:\/\/a57.foxnews.com\/static.foxnews.com\/foxnews.com\/content\/uploads\/2025\/05\/931\/523\/merrill-eisenhower-atwater-and-eva-clarke-in-auschwitz-april-23-credit-chen-schimmel.jpg?ve=1&amp;tl=1, https:\/\/a57.foxnews.com\/static.foxnews.com\/foxnews.com\/content\/uploads\/2025\/05\/1862\/1046\/merrill-eisenhower-atwater-and-eva-clarke-in-auschwitz-april-23-credit-chen-schimmel.jpg?ve=1&amp;tl=1 2x\" height=\"523\" width=\"931\"><source media=\"(min-width: 1280px)\" srcset=\"https:\/\/a57.foxnews.com\/static.foxnews.com\/foxnews.com\/content\/uploads\/2025\/05\/720\/405\/merrill-eisenhower-atwater-and-eva-clarke-in-auschwitz-april-23-credit-chen-schimmel.jpg?ve=1&amp;tl=1, https:\/\/a57.foxnews.com\/static.foxnews.com\/foxnews.com\/content\/uploads\/2025\/05\/1440\/810\/merrill-eisenhower-atwater-and-eva-clarke-in-auschwitz-april-23-credit-chen-schimmel.jpg?ve=1&amp;tl=1 2x\" height=\"405\" width=\"720\"><img loading=\"lazy\" decoding=\"async\" src=\"https:\/\/a57.foxnews.com\/static.foxnews.com\/foxnews.com\/content\/uploads\/2025\/05\/1200\/675\/merrill-eisenhower-atwater-and-eva-clarke-in-auschwitz-april-23-credit-chen-schimmel.jpg?ve=1&amp;tl=1\" alt=\"Merrill Eisenhower Atwater y Eva Clarke en Auschwitz el 23 de abril de 2025.\" width=\"1200\" height=\"675\"\/><\/source><\/source><\/source><\/source><\/picture><\/div>\n<div class=\"info\">\n<div class=\"caption\">\n<p><span>Merrill Eisenhower Atwater y Eva Clarke en Auschwitz el 23 de abril de 2025.<\/span> <span>(Foto de Chen Schimmel \/International March of the Living)<\/span><\/p>\n<\/div>\n<\/div>\n<\/div>\n<p>Un sobreviviente en particular, Eva Clarke, dej\u00f3 una profunda impresi\u00f3n. \u00abElla es una de las almas m\u00e1s amables que he conocido. Al descubrir que el gas se agot\u00f3 solo un par de d\u00edas antes de que ella naciera, esa es la intervenci\u00f3n divina\u00bb, dijo a Fox News Digital. \u00abElla abri\u00f3 el camino. Solo una mujer incre\u00edble con una historia incre\u00edble. Deber\u00eda inspirar a todos\u00bb.<\/p>\n<p>Clarke naci\u00f3 el 29 de abril de 1945 en las puertas del campo de concentraci\u00f3n de Mauthausen, uno de los tres beb\u00e9s conocidos que han sobrevivido al nacimiento all\u00ed.<\/p>\n<p>La madre de Clarke, Anka Kauderova, sufri\u00f3 tres a\u00f1os y medio en campos de concentraci\u00f3n: Theresienstadt en el entonces Czecoslovaquia, Auschwitz y el campo de trabajo de esclavos Freiberg y la f\u00e1brica de armamentos en Alemania. Finalmente fue transportada en vagones abiertos de carb\u00f3n, junto con otros 2.000 prisioneros, en un agotador viaje de 17 d\u00edas sin comida y con agua m\u00ednima a Mauthausen.<\/p>\n<p><strong>El presidente israel\u00ed, Herzog, destaca el antisemitismo en el discurso de la ONU, ya que un nuevo informe muestra una tendencia impactante<\/strong><\/p>\n<p>\u00abMis padres estuvieron en Theresienstadt durante tres a\u00f1os, lo cual fue inusualmente largo. Eran j\u00f3venes, fuertes y pod\u00edan trabajar. Hasta cierto punto, fue un campamento de tr\u00e1nsito a un campo de exterminio\u00bb, dijo Clarke a Fox News Digital.<\/p>\n<p>\u00abA finales de septiembre de 1944, su suerte se agot\u00f3. Mi padre fue enviado a Auschwitz, e incre\u00edblemente, mi madre se ofreci\u00f3 como voluntaria para seguirlo al d\u00eda siguiente. No sab\u00eda a d\u00f3nde iba y, siempre optimista, cre\u00eda que no pod\u00eda empeorar y sobrevivir\u00edan\u00bb, dijo.<\/p>\n<p>Anka nunca volvi\u00f3 a ver a su esposo. Un testigo ocular luego le dijo que fue asesinado a tiros en la marcha de la muerte cerca de Auschwitz el 18 de enero de 1945. Auschwitz fue liberado por el ej\u00e9rcito ruso el 27 de enero.<\/p>\n<p>En 1943, Anka qued\u00f3 embarazada. \u00abEra peligroso, pero ella conoci\u00f3 a mi padre en secreto. Estar embarazada en un campo de concentraci\u00f3n se consideraba un crimen punible por la muerte\u00bb, dijo Clarke.<\/p>\n<div class=\"image-ct inline\">\n<div class=\"m\"><picture><source media=\"(max-width: 767px)\" srcset=\"https:\/\/a57.foxnews.com\/static.foxnews.com\/foxnews.com\/content\/uploads\/2025\/05\/343\/192\/eva-clarke-being-held-by-her-mother.jpg?ve=1&amp;tl=1, https:\/\/a57.foxnews.com\/static.foxnews.com\/foxnews.com\/content\/uploads\/2025\/05\/686\/384\/eva-clarke-being-held-by-her-mother.jpg?ve=1&amp;tl=1 2x\" height=\"192\" width=\"343\"><source media=\"(min-width: 768px) and (max-width: 1023px)\" srcset=\"https:\/\/a57.foxnews.com\/static.foxnews.com\/foxnews.com\/content\/uploads\/2025\/05\/672\/378\/eva-clarke-being-held-by-her-mother.jpg?ve=1&amp;tl=1, https:\/\/a57.foxnews.com\/static.foxnews.com\/foxnews.com\/content\/uploads\/2025\/05\/1344\/756\/eva-clarke-being-held-by-her-mother.jpg?ve=1&amp;tl=1 2x\" height=\"378\" width=\"672\"><source media=\"(min-width: 1024px) and (max-width: 1279px)\" srcset=\"https:\/\/a57.foxnews.com\/static.foxnews.com\/foxnews.com\/content\/uploads\/2025\/05\/931\/523\/eva-clarke-being-held-by-her-mother.jpg?ve=1&amp;tl=1, https:\/\/a57.foxnews.com\/static.foxnews.com\/foxnews.com\/content\/uploads\/2025\/05\/1862\/1046\/eva-clarke-being-held-by-her-mother.jpg?ve=1&amp;tl=1 2x\" height=\"523\" width=\"931\"><source media=\"(min-width: 1280px)\" srcset=\"https:\/\/a57.foxnews.com\/static.foxnews.com\/foxnews.com\/content\/uploads\/2025\/05\/720\/405\/eva-clarke-being-held-by-her-mother.jpg?ve=1&amp;tl=1, https:\/\/a57.foxnews.com\/static.foxnews.com\/foxnews.com\/content\/uploads\/2025\/05\/1440\/810\/eva-clarke-being-held-by-her-mother.jpg?ve=1&amp;tl=1 2x\" height=\"405\" width=\"720\"><img loading=\"lazy\" decoding=\"async\" src=\"https:\/\/a57.foxnews.com\/static.foxnews.com\/foxnews.com\/content\/uploads\/2025\/05\/1200\/675\/eva-clarke-being-held-by-her-mother.jpg?ve=1&amp;tl=1\" alt=\"Eva Clarke como un beb\u00e9 sostenido por su madre en el campo de concentraci\u00f3n de Mauthausen despu\u00e9s de la liberaci\u00f3n.\" width=\"1200\" height=\"675\"\/><\/source><\/source><\/source><\/source><\/picture><\/div>\n<div class=\"info\">\n<div class=\"caption\">\n<p><span>Eva Clarke como un beb\u00e9 sostenido por su madre en el campo de concentraci\u00f3n de Mauthausen despu\u00e9s de la liberaci\u00f3n.<\/span> <span>(Cortes\u00eda: Eva Clarke)<\/span><\/p>\n<\/div>\n<\/div>\n<\/div>\n<p>Su hermano naci\u00f3 en febrero de 1944, pero muri\u00f3 de neumon\u00eda dos meses despu\u00e9s. \u00abSi mi madre hubiera llegado a Auschwitz con un beb\u00e9 en sus brazos, ambos habr\u00edan sido enviados a la c\u00e1mara de gas. Nadie sab\u00eda que estaba embarazada otra vez, con m\u00ed\u00bb.<\/p>\n<p>En abril de 1945, Anka fue enviado a Mauthausen. \u00abEs un hermoso pueblo en el Danubio en Austria, pero el campamento se encuentra en una colina empinada detr\u00e1s de \u00e9l. Cuando mi madre vio el nombre en la estaci\u00f3n de tren, se sorprendi\u00f3, hab\u00eda escuchado lo horrible que era. Ese choque probablemente desencaden\u00f3 su trabajo, y comenz\u00f3 a darme a luz\u00bb, dijo Clarke.<\/p>\n<p>Ella acredita su supervivencia al tiempo. \u00abEl 28 de abril, los nazis se quedaron sin gasolina. Nac\u00ed el 29 de abril. Hitler se suicid\u00f3 el 30 de abril. El 5 de mayo, la 11\u00aa Divisi\u00f3n Blindada Americana liber\u00f3 el campamento\u00bb.<\/p>\n<p>Cuando llegaron los estadounidenses, trajeron comida y medicina, aunque muchos, debilitados, murieron al recibirlos. Tres semanas despu\u00e9s, una vez que Anka recuper\u00f3 la fuerza, las fuerzas estadounidenses la repatriaron a Praga. All\u00ed, Anka conoci\u00f3 a su segundo esposo, y los dos se fueron para evitar vivir bajo el comunismo, finalmente estableci\u00e9ndose en el Reino Unido<\/p>\n<div class=\"image-ct inline\">\n<div class=\"m\"><picture><source media=\"(max-width: 767px)\" srcset=\"https:\/\/a57.foxnews.com\/static.foxnews.com\/foxnews.com\/content\/uploads\/2025\/05\/343\/192\/1-merrill-eisenhower-and-holocaust-survivor-eva-clarke-credit-yossi-may-scaled.jpg?ve=1&amp;tl=1, https:\/\/a57.foxnews.com\/static.foxnews.com\/foxnews.com\/content\/uploads\/2025\/05\/686\/384\/1-merrill-eisenhower-and-holocaust-survivor-eva-clarke-credit-yossi-may-scaled.jpg?ve=1&amp;tl=1 2x\" height=\"192\" width=\"343\"><source media=\"(min-width: 768px) and (max-width: 1023px)\" srcset=\"https:\/\/a57.foxnews.com\/static.foxnews.com\/foxnews.com\/content\/uploads\/2025\/05\/672\/378\/1-merrill-eisenhower-and-holocaust-survivor-eva-clarke-credit-yossi-may-scaled.jpg?ve=1&amp;tl=1, https:\/\/a57.foxnews.com\/static.foxnews.com\/foxnews.com\/content\/uploads\/2025\/05\/1344\/756\/1-merrill-eisenhower-and-holocaust-survivor-eva-clarke-credit-yossi-may-scaled.jpg?ve=1&amp;tl=1 2x\" height=\"378\" width=\"672\"><source media=\"(min-width: 1024px) and (max-width: 1279px)\" srcset=\"https:\/\/a57.foxnews.com\/static.foxnews.com\/foxnews.com\/content\/uploads\/2025\/05\/931\/523\/1-merrill-eisenhower-and-holocaust-survivor-eva-clarke-credit-yossi-may-scaled.jpg?ve=1&amp;tl=1, https:\/\/a57.foxnews.com\/static.foxnews.com\/foxnews.com\/content\/uploads\/2025\/05\/1862\/1046\/1-merrill-eisenhower-and-holocaust-survivor-eva-clarke-credit-yossi-may-scaled.jpg?ve=1&amp;tl=1 2x\" height=\"523\" width=\"931\"><source media=\"(min-width: 1280px)\" srcset=\"https:\/\/a57.foxnews.com\/static.foxnews.com\/foxnews.com\/content\/uploads\/2025\/05\/720\/405\/1-merrill-eisenhower-and-holocaust-survivor-eva-clarke-credit-yossi-may-scaled.jpg?ve=1&amp;tl=1, https:\/\/a57.foxnews.com\/static.foxnews.com\/foxnews.com\/content\/uploads\/2025\/05\/1440\/810\/1-merrill-eisenhower-and-holocaust-survivor-eva-clarke-credit-yossi-may-scaled.jpg?ve=1&amp;tl=1 2x\" height=\"405\" width=\"720\"><img loading=\"lazy\" decoding=\"async\" src=\"https:\/\/a57.foxnews.com\/static.foxnews.com\/foxnews.com\/content\/uploads\/2025\/05\/1200\/675\/1-merrill-eisenhower-and-holocaust-survivor-eva-clarke-credit-yossi-may-scaled.jpg?ve=1&amp;tl=1\" alt=\"Eva Clarke, una sobreviviente del Holocausto nacida en el campo de concentraci\u00f3n de Mauthausen en 1945, se encuentra con Merrill Eisenhower, bisnieto del presidente Dwight Eisenhower, en Washington, DC, el 26 de febrero de 2025. \" width=\"1200\" height=\"675\"\/><\/source><\/source><\/source><\/source><\/picture><\/div>\n<div class=\"info\">\n<div class=\"caption\">\n<p><span>Eva Clarke, una sobreviviente del Holocausto nacida en el campo de concentraci\u00f3n de Mauthausen en 1945, se encuentra con Merrill Eisenhower, bisnieto del presidente Dwight Eisenhower, en Washington, DC, el 26 de febrero de 2025. <\/span> <span>(Foto de Yossi May\/International March of the Living)<\/span><\/p>\n<\/div>\n<\/div>\n<\/div>\n<p>\u00abSiento que Merrill es mi nuevo mejor amigo\u00bb, dijo Clarke sobre Eisenhower Atwater. \u00abFue abrumador conocer a alguien cuyo bisabuelo jug\u00f3 un papel tan importante en el final de la guerra. Estaba encantado de volver a conectarme con \u00e9l en Auschwitz hace unas semanas. Todos quer\u00edan agradecerle por lo que hizo su bisabuelo\u00bb.<\/p>\n<p>Clarke regresar\u00e1 a Mauthausen este domingo para conmemorar el 80 aniversario de su liberaci\u00f3n por las fuerzas estadounidenses. \u00abEstar\u00e9 all\u00ed con otros dos beb\u00e9s que nacieron en circunstancias similares. Estamos muy agradecidos que ni siquiera puedo expresarlo\u00bb, dijo a Fox News Digital.<\/p>\n<p><strong>Haga clic aqu\u00ed para obtener la aplicaci\u00f3n Fox News<\/strong><\/p>\n<p>Reflexionando sobre la claridad moral que su bisabuelo ejemplific\u00f3, Eisenhower Atwater subray\u00f3 que todos somos seres humanos primero.<\/p>\n<p>\u00abTodos sabemos lo correcto por lo incorrecto. Est\u00e1 mal matar a las personas, mal poner a los beb\u00e9s en los hornos, incorrectamente poner a las personas en c\u00e1maras de gas. Eso est\u00e1 claro\u00bb, dijo.<\/p>\n<p>Reconoci\u00f3 que la negaci\u00f3n del Holocausto a menudo proviene de la incredulidad. \u00abEs f\u00e1cil decir que no sucedi\u00f3 algo porque es dif\u00edcil comprender la muerte de tanta gente. Lo entiendo. Pero s\u00ed.<\/p>\n<p>\u00abNadie realmente quiere hablar sobre la muerte de seis millones de personas durante un per\u00edodo de cinco a seis a\u00f1os\u00bb, agreg\u00f3. \u00abPero es la verdad\u00bb.<\/p>\n<p> <!----> <\/p>\n<div class=\"article-meta\">\n<div class=\"author-bio\">\n<p>Amelie Botbol es una periodista independiente con sede en Tel Aviv. Sus art\u00edculos han aparecido en el New York Post, el National Post de Canad\u00e1 y el Washington Times. Amelie se puede seguir en x @datrePorter <\/p>\n<\/div>\n<\/div>\n<\/div>\n\n","protected":false},"excerpt":{"rendered":"<p>Ochenta a\u00f1os despu\u00e9s del Holocausto, demasiadas personas est\u00e1n minimizando su severidad o neg\u00e1ndolo por completo, advirti\u00f3 a Merrill Eisenhower Atwater, bisnieto del ex presidente Dwight D. Eisenhower. Sus comentarios se produjeron cuando las naciones de todo el mundo conmemoraron el 80 aniversario de la victoria en el D\u00eda de Europa. El 8 de mayo de &hellip;<\/p>\n","protected":false},"author":1,"featured_media":26421,"comment_status":"open","ping_status":"open","sticky":false,"template":"","format":"standard","meta":{"fifu_image_url":"https:\/\/static.foxnews.com\/foxnews.com\/content\/uploads\/2025\/05\/1-merrill-eisenhower-and-holocaust-survivor-eva-clarke-credit-yossi-may-scaled.jpg","fifu_image_alt":"","footnotes":""},"categories":[13],"tags":[],"class_list":["post-26419","post","type-post","status-publish","format-standard","has-post-thumbnail","","category-mundo"],"_links":{"self":[{"href":"https:\/\/noticiasveraces.com\/index.php?rest_route=\/wp\/v2\/posts\/26419","targetHints":{"allow":["GET"]}}],"collection":[{"href":"https:\/\/noticiasveraces.com\/index.php?rest_route=\/wp\/v2\/posts"}],"about":[{"href":"https:\/\/noticiasveraces.com\/index.php?rest_route=\/wp\/v2\/types\/post"}],"author":[{"embeddable":true,"href":"https:\/\/noticiasveraces.com\/index.php?rest_route=\/wp\/v2\/users\/1"}],"replies":[{"embeddable":true,"href":"https:\/\/noticiasveraces.com\/index.php?rest_route=%2Fwp%2Fv2%2Fcomments&post=26419"}],"version-history":[{"count":0,"href":"https:\/\/noticiasveraces.com\/index.php?rest_route=\/wp\/v2\/posts\/26419\/revisions"}],"wp:featuredmedia":[{"embeddable":true,"href":"https:\/\/noticiasveraces.com\/index.php?rest_route=\/wp\/v2\/media\/26421"}],"wp:attachment":[{"href":"https:\/\/noticiasveraces.com\/index.php?rest_route=%2Fwp%2Fv2%2Fmedia&parent=26419"}],"wp:term":[{"taxonomy":"category","embeddable":true,"href":"https:\/\/noticiasveraces.com\/index.php?rest_route=%2Fwp%2Fv2%2Fcategories&post=26419"},{"taxonomy":"post_tag","embeddable":true,"href":"https:\/\/noticiasveraces.com\/index.php?rest_route=%2Fwp%2Fv2%2Ftags&post=26419"}],"curies":[{"name":"wp","href":"https:\/\/api.w.org\/{rel}","templated":true}]}}