{"id":26416,"date":"2025-05-08T17:57:50","date_gmt":"2025-05-08T21:57:50","guid":{"rendered":"https:\/\/noticiasveraces.com\/?p=26416"},"modified":"2025-05-08T17:57:50","modified_gmt":"2025-05-08T21:57:50","slug":"los-lideres-mundiales-reaccionan-al-papa-leo-xiv","status":"publish","type":"post","link":"https:\/\/noticiasveraces.com\/?p=26416","title":{"rendered":"Los l\u00edderes mundiales reaccionan al Papa Leo XIV"},"content":{"rendered":"<p> \n<\/p>\n<div>\n<p class=\"speakable\">El Vaticano anunci\u00f3 el jueves que el Papa Leo XIV, nacido Robert Prevost, asumir\u00e1 la m\u00e1s alta autoridad de la Iglesia Cat\u00f3lica despu\u00e9s de solo dos d\u00edas de deliberaci\u00f3n y votaci\u00f3n del C\u00f3nclave Papal. <\/p>\n<p class=\"speakable\">Tras el anuncio del primer pont\u00edfice estadounidense en ser elegido, los l\u00edderes mundiales comenzaron a reaccionar con sus propios mensajes de apoyo y buenos deseos. <\/p>\n<div class=\"image-ct inline\">\n<div class=\"m\"><picture><source media=\"(max-width: 767px)\" srcset=\"https:\/\/a57.foxnews.com\/static.foxnews.com\/foxnews.com\/content\/uploads\/2025\/05\/343\/192\/new-pope-robert-francis-7.jpg?ve=1&amp;tl=1, https:\/\/a57.foxnews.com\/static.foxnews.com\/foxnews.com\/content\/uploads\/2025\/05\/686\/384\/new-pope-robert-francis-7.jpg?ve=1&amp;tl=1 2x\" height=\"192\" width=\"343\"><source media=\"(min-width: 768px) and (max-width: 1023px)\" srcset=\"https:\/\/a57.foxnews.com\/static.foxnews.com\/foxnews.com\/content\/uploads\/2025\/05\/672\/378\/new-pope-robert-francis-7.jpg?ve=1&amp;tl=1, https:\/\/a57.foxnews.com\/static.foxnews.com\/foxnews.com\/content\/uploads\/2025\/05\/1344\/756\/new-pope-robert-francis-7.jpg?ve=1&amp;tl=1 2x\" height=\"378\" width=\"672\"><source media=\"(min-width: 1024px) and (max-width: 1279px)\" srcset=\"https:\/\/a57.foxnews.com\/static.foxnews.com\/foxnews.com\/content\/uploads\/2025\/05\/931\/523\/new-pope-robert-francis-7.jpg?ve=1&amp;tl=1, https:\/\/a57.foxnews.com\/static.foxnews.com\/foxnews.com\/content\/uploads\/2025\/05\/1862\/1046\/new-pope-robert-francis-7.jpg?ve=1&amp;tl=1 2x\" height=\"523\" width=\"931\"><source media=\"(min-width: 1280px)\" srcset=\"https:\/\/a57.foxnews.com\/static.foxnews.com\/foxnews.com\/content\/uploads\/2025\/05\/720\/405\/new-pope-robert-francis-7.jpg?ve=1&amp;tl=1, https:\/\/a57.foxnews.com\/static.foxnews.com\/foxnews.com\/content\/uploads\/2025\/05\/1440\/810\/new-pope-robert-francis-7.jpg?ve=1&amp;tl=1 2x\" height=\"405\" width=\"720\"><img loading=\"lazy\" decoding=\"async\" src=\"https:\/\/a57.foxnews.com\/static.foxnews.com\/foxnews.com\/content\/uploads\/2025\/05\/1200\/675\/new-pope-robert-francis-7.jpg?ve=1&amp;tl=1\" alt=\"El nuevo papa estadounidense Leo XIV da el primer discurso a la ciudad del Vaticano.\" width=\"1200\" height=\"675\"\/><\/source><\/source><\/source><\/source><\/picture><\/div>\n<div class=\"info\">\n<div class=\"caption\">\n<p><span>El reci\u00e9n elegido Papa Leo XIV, el cardenal Robert Prevost de los Estados Unidos aparece en el balc\u00f3n de la Bas\u00edlica de San Pedro, en el Vaticano, el 8 de mayo de 2025.<\/span> <span>(Guglielmo Mangiapane\/Reuters)<\/span><\/p>\n<\/div>\n<\/div>\n<\/div>\n<p><strong>Primer Pontiff elegido estadounidense, conozca al Papa Leo XIV<\/strong><\/p>\n<h2>A NOSOTROS <\/h2>\n<p>El presidente Donald Trump acudi\u00f3 a su sitio de redes sociales para ofrecer sus \u00abfelicitaciones\u00bb y dijo: \u00abEs un honor darse cuenta de que \u00e9l es el primer Papa estadounidense.<\/p>\n<p>\u00abQu\u00e9 emoci\u00f3n y qu\u00e9 gran honor para nuestro pa\u00eds\u00bb, agreg\u00f3. \u00abEspero conocer al Papa Leo XIV. \u00a1Ser\u00e1 un momento muy significativo!\u00bb<\/p>\n<p>El alcalde de Chicago, Brandon Johnson, el actual l\u00edder de la ciudad natal de Leo, public\u00f3 su emoci\u00f3n de la noticia en X y dijo: \u00ab\u00a1Todo lo que Dope, incluido el Papa, proviene de Chicago! \u00a1Felicitaciones al primer Papa Americano Leo XIV! <\/p>\n<p>\u00abEsperamos darle la bienvenida a casa pronto\u00bb, agreg\u00f3. <\/p>\n<h2>ITALIA<\/h2>\n<p>La l\u00edder de Italia, la presidenta Giorgia Meloni, que seg\u00fan los informes estaba cerca del Papa Francisco, extendi\u00f3 sus \u00abm\u00e1s sinceros deseos para el Papa Leo XIV para el comienzo de su pontificado\u00bb.<\/p>\n<p>\u00abEn un tiempo marcado por conflictos y disturbios, sus palabras del Loggia delle Benedizioni son un poderoso llamado a la paz, la hermandad y la responsabilidad\u00bb, dijo en referencia al balc\u00f3n central de la Bas\u00edlica de San Pedro. \u00abUn legado espiritual que sigue el camino rastreado por el Papa Francisco, y que Italia mira con respeto y esperanza\u00bb.<\/p>\n<div class=\"image-ct inline\">\n<div class=\"m\"><picture><source media=\"(max-width: 767px)\" srcset=\"https:\/\/a57.foxnews.com\/static.foxnews.com\/foxnews.com\/content\/uploads\/2025\/02\/343\/192\/giorgia-meloni-pope-francis.jpg?ve=1&amp;tl=1, https:\/\/a57.foxnews.com\/static.foxnews.com\/foxnews.com\/content\/uploads\/2025\/02\/686\/384\/giorgia-meloni-pope-francis.jpg?ve=1&amp;tl=1 2x\" height=\"192\" width=\"343\"><source media=\"(min-width: 768px) and (max-width: 1023px)\" srcset=\"https:\/\/a57.foxnews.com\/static.foxnews.com\/foxnews.com\/content\/uploads\/2025\/02\/672\/378\/giorgia-meloni-pope-francis.jpg?ve=1&amp;tl=1, https:\/\/a57.foxnews.com\/static.foxnews.com\/foxnews.com\/content\/uploads\/2025\/02\/1344\/756\/giorgia-meloni-pope-francis.jpg?ve=1&amp;tl=1 2x\" height=\"378\" width=\"672\"><source media=\"(min-width: 1024px) and (max-width: 1279px)\" srcset=\"https:\/\/a57.foxnews.com\/static.foxnews.com\/foxnews.com\/content\/uploads\/2025\/02\/931\/523\/giorgia-meloni-pope-francis.jpg?ve=1&amp;tl=1, https:\/\/a57.foxnews.com\/static.foxnews.com\/foxnews.com\/content\/uploads\/2025\/02\/1862\/1046\/giorgia-meloni-pope-francis.jpg?ve=1&amp;tl=1 2x\" height=\"523\" width=\"931\"><source media=\"(min-width: 1280px)\" srcset=\"https:\/\/a57.foxnews.com\/static.foxnews.com\/foxnews.com\/content\/uploads\/2025\/02\/720\/405\/giorgia-meloni-pope-francis.jpg?ve=1&amp;tl=1, https:\/\/a57.foxnews.com\/static.foxnews.com\/foxnews.com\/content\/uploads\/2025\/02\/1440\/810\/giorgia-meloni-pope-francis.jpg?ve=1&amp;tl=1 2x\" height=\"405\" width=\"720\"><img loading=\"lazy\" decoding=\"async\" src=\"https:\/\/a57.foxnews.com\/static.foxnews.com\/foxnews.com\/content\/uploads\/2025\/02\/1200\/675\/giorgia-meloni-pope-francis.jpg?ve=1&amp;tl=1\" alt=\"PM italiano Meloni y Papa Frsancis\" width=\"1200\" height=\"675\"\/><\/source><\/source><\/source><\/source><\/picture><\/div>\n<div class=\"info\">\n<div class=\"caption\">\n<p><span>El primer ministro italiano, Giorgia Meloni, saluda al Papa Francisco como al menos la cumbre del G7, en el complejo Borgo Egna, en Savelletri, Italia, 14 de junio de 2024.<\/span> <span>(Vaticano Media\/folleto a trav\u00e9s de Reuters)<\/span><\/p>\n<\/div>\n<\/div>\n<\/div>\n<p><strong>David Marcus: El mayor desaf\u00edo del Papa Leo XIV ya est\u00e1 cambiando el mundo<\/strong><\/p>\n<h2>PER\u00da<\/h2>\n<p>El Gobierno de Per\u00fa, donde Leo pas\u00f3 m\u00e1s de una d\u00e9cada sirviendo en la Iglesia Cat\u00f3lica y donde fue nombrado obispo en 2014 antes de obtener su doble ciudadan\u00eda en 2015, ofreci\u00f3 sus felicitaciones a la presidenta Dina Boluarte, ofreciendo sus \u00absaludos fraternales\u00bb al pontiff.<\/p>\n<p>\u00abSirvi\u00f3 a nuestra gente con amor y fe. En su primer mensaje como pont\u00edfice, record\u00f3 con emoci\u00f3n su tiempo en Chiclayo y su cercan\u00eda con Per\u00fa\u00bb, destac\u00f3 la declaraci\u00f3n. \u00ab\u00a1Que Dios lo bendiga en su misi\u00f3n!\u00bb<\/p>\n<h2>ESPA\u00d1A<\/h2>\n<p>\u00abFelicitaciones a toda la Iglesia Cat\u00f3lica por la elecci\u00f3n del nuevo Papa Leo XIV como [Pontiff]\u00bbEl presidente de Espa\u00f1a, Pedro S\u00e1nchez, el l\u00edder del pa\u00eds predominantemente cat\u00f3lico, dijo en X.\u00bb Puede que su pontificado contribuya al fortalecimiento del di\u00e1logo y la defensa de los derechos humanos en un mundo que necesita esperanza y unidad \u00ab.<\/p>\n<h2>FRANCIA<\/h2>\n<p>\u00abUn momento hist\u00f3rico para la Iglesia Cat\u00f3lica y sus millones de fieles\u00bb, dijo el presidente franc\u00e9s Emmanuel Macron. \u00abAl Papa Leo XIV, y a todos los cat\u00f3licos en Francia y en todo el mundo, extiendo un mensaje de fraternidad. <\/p>\n<p>\u00abEn este 8 de mayo, que este nuevo pontificado sea uno de paz y esperanza\u00bb, agreg\u00f3 en aparente referencia al 80 aniversario del fin de la Segunda Guerra Mundial en Europa. <\/p>\n<div class=\"image-ct inline\">\n<div class=\"m\"><picture><source media=\"(max-width: 767px)\" srcset=\"https:\/\/a57.foxnews.com\/static.foxnews.com\/foxnews.com\/content\/uploads\/2025\/05\/343\/192\/new-pope-robert-francis-8.jpg?ve=1&amp;tl=1, https:\/\/a57.foxnews.com\/static.foxnews.com\/foxnews.com\/content\/uploads\/2025\/05\/686\/384\/new-pope-robert-francis-8.jpg?ve=1&amp;tl=1 2x\" height=\"192\" width=\"343\"><source media=\"(min-width: 768px) and (max-width: 1023px)\" srcset=\"https:\/\/a57.foxnews.com\/static.foxnews.com\/foxnews.com\/content\/uploads\/2025\/05\/672\/378\/new-pope-robert-francis-8.jpg?ve=1&amp;tl=1, https:\/\/a57.foxnews.com\/static.foxnews.com\/foxnews.com\/content\/uploads\/2025\/05\/1344\/756\/new-pope-robert-francis-8.jpg?ve=1&amp;tl=1 2x\" height=\"378\" width=\"672\"><source media=\"(min-width: 1024px) and (max-width: 1279px)\" srcset=\"https:\/\/a57.foxnews.com\/static.foxnews.com\/foxnews.com\/content\/uploads\/2025\/05\/931\/523\/new-pope-robert-francis-8.jpg?ve=1&amp;tl=1, https:\/\/a57.foxnews.com\/static.foxnews.com\/foxnews.com\/content\/uploads\/2025\/05\/1862\/1046\/new-pope-robert-francis-8.jpg?ve=1&amp;tl=1 2x\" height=\"523\" width=\"931\"><source media=\"(min-width: 1280px)\" srcset=\"https:\/\/a57.foxnews.com\/static.foxnews.com\/foxnews.com\/content\/uploads\/2025\/05\/720\/405\/new-pope-robert-francis-8.jpg?ve=1&amp;tl=1, https:\/\/a57.foxnews.com\/static.foxnews.com\/foxnews.com\/content\/uploads\/2025\/05\/1440\/810\/new-pope-robert-francis-8.jpg?ve=1&amp;tl=1 2x\" height=\"405\" width=\"720\"><img loading=\"lazy\" decoding=\"async\" src=\"https:\/\/a57.foxnews.com\/static.foxnews.com\/foxnews.com\/content\/uploads\/2025\/05\/1200\/675\/new-pope-robert-francis-8.jpg?ve=1&amp;tl=1\" alt=\"El nuevo papa estadounidense Leo XIV da el primer discurso a la ciudad del Vaticano.\" width=\"1200\" height=\"675\"\/><\/source><\/source><\/source><\/source><\/picture><\/div>\n<div class=\"info\">\n<div class=\"caption\">\n<p><span>El reci\u00e9n elegido Papa Leo XIV, cardenal Robert F. Prevost de los Estados Unidos, aparece en el balc\u00f3n de la Bas\u00edlica de San Pedro en el Vaticano, el 8 de mayo de 2025. <\/span> <span>(Claudia Greco\/Reuters)<\/span><\/p>\n<\/div>\n<\/div>\n<\/div>\n<p><strong>El cardenal Robert Prevost anunci\u00f3 como primer papa estadounidense, tomando el nombre Leo XIV<\/strong><\/p>\n<h2>UCRANIA<\/h2>\n<p>El presidente ucraniano, Volodymyr Zelenskyy, dese\u00f3 felicitaciones al Papa Leo junto con \u00absabidur\u00eda, inspiraci\u00f3n y fuerza, tanto espirituales como f\u00edsicos, en llevar a cabo su noble misi\u00f3n\u00bb.<\/p>\n<p>\u00abUcrania valora profundamente la posici\u00f3n consistente de la Santa Sede para defender el derecho internacional, condenando la agresi\u00f3n militar de la Federaci\u00f3n Rusa contra Ucrania y proteger los derechos de los civiles inocentes\u00bb, continu\u00f3.  \u00abEn este momento decisivo para nuestro pa\u00eds, esperamos el continuo apoyo moral y espiritual del Vaticano en los esfuerzos de Ucrania para restaurar la justicia y lograr una paz duradera\u00bb.<\/p>\n<h2>REINO UNIDO<\/h2>\n<p>El primer ministro del Reino Unido, Keir Starmer, calific\u00f3 el nombramiento del primer pont\u00edfice estadounidense como un \u00abmomento trascendental\u00bb y dijo: \u00abLa elecci\u00f3n del Papa Leo XIV es un momento profundamente profundo de alegr\u00eda para los cat\u00f3licos en el Reino Unido y en todo el mundo. <\/p>\n<p>\u00abEspero conocer al Santo Padre pronto\u00bb, agreg\u00f3. <\/p>\n<div class=\"image-ct inline\">\n<div class=\"m\"><picture><source media=\"(max-width: 767px)\" srcset=\"https:\/\/a57.foxnews.com\/static.foxnews.com\/foxnews.com\/content\/uploads\/2025\/05\/343\/192\/vatican-papal-conclave-day-2_6.jpg?ve=1&amp;tl=1, https:\/\/a57.foxnews.com\/static.foxnews.com\/foxnews.com\/content\/uploads\/2025\/05\/686\/384\/vatican-papal-conclave-day-2_6.jpg?ve=1&amp;tl=1 2x\" height=\"192\" width=\"343\"><source media=\"(min-width: 768px) and (max-width: 1023px)\" srcset=\"https:\/\/a57.foxnews.com\/static.foxnews.com\/foxnews.com\/content\/uploads\/2025\/05\/672\/378\/vatican-papal-conclave-day-2_6.jpg?ve=1&amp;tl=1, https:\/\/a57.foxnews.com\/static.foxnews.com\/foxnews.com\/content\/uploads\/2025\/05\/1344\/756\/vatican-papal-conclave-day-2_6.jpg?ve=1&amp;tl=1 2x\" height=\"378\" width=\"672\"><source media=\"(min-width: 1024px) and (max-width: 1279px)\" srcset=\"https:\/\/a57.foxnews.com\/static.foxnews.com\/foxnews.com\/content\/uploads\/2025\/05\/931\/523\/vatican-papal-conclave-day-2_6.jpg?ve=1&amp;tl=1, https:\/\/a57.foxnews.com\/static.foxnews.com\/foxnews.com\/content\/uploads\/2025\/05\/1862\/1046\/vatican-papal-conclave-day-2_6.jpg?ve=1&amp;tl=1 2x\" height=\"523\" width=\"931\"><source media=\"(min-width: 1280px)\" srcset=\"https:\/\/a57.foxnews.com\/static.foxnews.com\/foxnews.com\/content\/uploads\/2025\/05\/720\/405\/vatican-papal-conclave-day-2_6.jpg?ve=1&amp;tl=1, https:\/\/a57.foxnews.com\/static.foxnews.com\/foxnews.com\/content\/uploads\/2025\/05\/1440\/810\/vatican-papal-conclave-day-2_6.jpg?ve=1&amp;tl=1 2x\" height=\"405\" width=\"720\"><img loading=\"lazy\" decoding=\"async\" src=\"https:\/\/a57.foxnews.com\/static.foxnews.com\/foxnews.com\/content\/uploads\/2025\/05\/1200\/675\/vatican-papal-conclave-day-2_6.jpg?ve=1&amp;tl=1\" alt=\"Las monjas en la ciudad del Vaticano ven que el c\u00f3nclave ha elegido un nuevo papa.\" width=\"1200\" height=\"675\"\/><\/source><\/source><\/source><\/source><\/picture><\/div>\n<div class=\"info\">\n<div class=\"caption\">\n<p><span>Las monjas reaccionan al humo blanco desde la chimenea en la Capilla Sixtina, lo que indica que un nuevo Papa ha sido elegido, en el Vaticano, el 8 de mayo de 2025.<\/span> <span>(Marko Djurica \/ Reuters)<\/span><\/p>\n<\/div>\n<\/div>\n<\/div>\n<p><strong>Haga clic aqu\u00ed para llegar a la aplicaci\u00f3n Fox News<\/strong><\/p>\n<h2>M\u00c9XICO<\/h2>\n<p>El presidente de M\u00e9xico, Claudia Sheinbaum Pardo, escribi\u00f3 en X: \u00abFelicitamos a Su Santidad Leo XIV, elegido por el Colegio de Cardenales como Jefe del Estado de la Ciudad del Vaticano y l\u00edder espiritual de la Iglesia Cat\u00f3lica. <\/p>\n<p>\u00abReafirmo nuestra convergencia humanista para la paz y la prosperidad mundial\u00bb, agreg\u00f3. <\/p>\n<p> <!----> <\/p>\n<div class=\"article-meta\">\n<div class=\"author-bio\">\n<p>Caitlin McFall es reportero de Fox News Digital Cubting Politics, US y World News.<\/p>\n<\/div>\n<\/div>\n<\/div>\n\n","protected":false},"excerpt":{"rendered":"<p>El Vaticano anunci\u00f3 el jueves que el Papa Leo XIV, nacido Robert Prevost, asumir\u00e1 la m\u00e1s alta autoridad de la Iglesia Cat\u00f3lica despu\u00e9s de solo dos d\u00edas de deliberaci\u00f3n y votaci\u00f3n del C\u00f3nclave Papal. Tras el anuncio del primer pont\u00edfice estadounidense en ser elegido, los l\u00edderes mundiales comenzaron a reaccionar con sus propios mensajes de &hellip;<\/p>\n","protected":false},"author":1,"featured_media":26418,"comment_status":"open","ping_status":"open","sticky":false,"template":"","format":"standard","meta":{"fifu_image_url":"https:\/\/static.foxnews.com\/foxnews.com\/content\/uploads\/2025\/05\/pope_leo_xiv_18.jpg","fifu_image_alt":"","footnotes":""},"categories":[13],"tags":[],"class_list":["post-26416","post","type-post","status-publish","format-standard","has-post-thumbnail","","category-mundo"],"_links":{"self":[{"href":"https:\/\/noticiasveraces.com\/index.php?rest_route=\/wp\/v2\/posts\/26416","targetHints":{"allow":["GET"]}}],"collection":[{"href":"https:\/\/noticiasveraces.com\/index.php?rest_route=\/wp\/v2\/posts"}],"about":[{"href":"https:\/\/noticiasveraces.com\/index.php?rest_route=\/wp\/v2\/types\/post"}],"author":[{"embeddable":true,"href":"https:\/\/noticiasveraces.com\/index.php?rest_route=\/wp\/v2\/users\/1"}],"replies":[{"embeddable":true,"href":"https:\/\/noticiasveraces.com\/index.php?rest_route=%2Fwp%2Fv2%2Fcomments&post=26416"}],"version-history":[{"count":0,"href":"https:\/\/noticiasveraces.com\/index.php?rest_route=\/wp\/v2\/posts\/26416\/revisions"}],"wp:featuredmedia":[{"embeddable":true,"href":"https:\/\/noticiasveraces.com\/index.php?rest_route=\/wp\/v2\/media\/26418"}],"wp:attachment":[{"href":"https:\/\/noticiasveraces.com\/index.php?rest_route=%2Fwp%2Fv2%2Fmedia&parent=26416"}],"wp:term":[{"taxonomy":"category","embeddable":true,"href":"https:\/\/noticiasveraces.com\/index.php?rest_route=%2Fwp%2Fv2%2Fcategories&post=26416"},{"taxonomy":"post_tag","embeddable":true,"href":"https:\/\/noticiasveraces.com\/index.php?rest_route=%2Fwp%2Fv2%2Ftags&post=26416"}],"curies":[{"name":"wp","href":"https:\/\/api.w.org\/{rel}","templated":true}]}}