{"id":26394,"date":"2025-05-08T15:55:11","date_gmt":"2025-05-08T19:55:11","guid":{"rendered":"https:\/\/noticiasveraces.com\/?p=26394"},"modified":"2025-05-08T15:55:11","modified_gmt":"2025-05-08T19:55:11","slug":"quien-es-el-papa-leo-xiv-el-primer-papa-estadounidense","status":"publish","type":"post","link":"https:\/\/noticiasveraces.com\/?p=26394","title":{"rendered":"\u00bfQui\u00e9n es el Papa Leo XIV, el primer papa estadounidense?"},"content":{"rendered":"<p> \n<\/p>\n<div>\n<p class=\"speakable\">El Papa Leo XIV, de 69 a\u00f1os, fue elegido para tomar el asiento papal el jueves, el segundo d\u00eda de las deliberaciones del c\u00f3nclave papal. <\/p>\n<p class=\"speakable\">Nacido Robert Prevost el 14 de septiembre de 1955 en Chicago, Illinois, fue un presunto l\u00edder de \u00e9xito para suceder al Papa Francisco despu\u00e9s de su fallecimiento a fines del mes pasado, aunque algunos informes sugirieron que era un estadounidense en realidad podr\u00eda contar contra \u00e9l debido a las preocupaciones de que Estados Unidos pudiera ejercer a\u00fan m\u00e1s su producci\u00f3n geopol\u00edtica a trav\u00e9s del l\u00edder religioso. <\/p>\n<p>Leo XIV fue llevado por primera vez al Vaticano por Francis para servir como prefecto del dicasterio para los obispos en enero de 2023, que es una de las posiciones m\u00e1s importantes en la Iglesia Cat\u00f3lica, ya que veterna las nominaciones de Bishop emitidas a nivel mundial. <\/p>\n<div class=\"image-ct inline\">\n<div class=\"m\"><picture><source media=\"(max-width: 767px)\" srcset=\"https:\/\/a57.foxnews.com\/static.foxnews.com\/foxnews.com\/content\/uploads\/2025\/05\/343\/192\/new-pope-robert-francis-8.jpg?ve=1&amp;tl=1, https:\/\/a57.foxnews.com\/static.foxnews.com\/foxnews.com\/content\/uploads\/2025\/05\/686\/384\/new-pope-robert-francis-8.jpg?ve=1&amp;tl=1 2x\" height=\"192\" width=\"343\"><source media=\"(min-width: 768px) and (max-width: 1023px)\" srcset=\"https:\/\/a57.foxnews.com\/static.foxnews.com\/foxnews.com\/content\/uploads\/2025\/05\/672\/378\/new-pope-robert-francis-8.jpg?ve=1&amp;tl=1, https:\/\/a57.foxnews.com\/static.foxnews.com\/foxnews.com\/content\/uploads\/2025\/05\/1344\/756\/new-pope-robert-francis-8.jpg?ve=1&amp;tl=1 2x\" height=\"378\" width=\"672\"><source media=\"(min-width: 1024px) and (max-width: 1279px)\" srcset=\"https:\/\/a57.foxnews.com\/static.foxnews.com\/foxnews.com\/content\/uploads\/2025\/05\/931\/523\/new-pope-robert-francis-8.jpg?ve=1&amp;tl=1, https:\/\/a57.foxnews.com\/static.foxnews.com\/foxnews.com\/content\/uploads\/2025\/05\/1862\/1046\/new-pope-robert-francis-8.jpg?ve=1&amp;tl=1 2x\" height=\"523\" width=\"931\"><source media=\"(min-width: 1280px)\" srcset=\"https:\/\/a57.foxnews.com\/static.foxnews.com\/foxnews.com\/content\/uploads\/2025\/05\/720\/405\/new-pope-robert-francis-8.jpg?ve=1&amp;tl=1, https:\/\/a57.foxnews.com\/static.foxnews.com\/foxnews.com\/content\/uploads\/2025\/05\/1440\/810\/new-pope-robert-francis-8.jpg?ve=1&amp;tl=1 2x\" height=\"405\" width=\"720\"><img loading=\"lazy\" decoding=\"async\" src=\"https:\/\/a57.foxnews.com\/static.foxnews.com\/foxnews.com\/content\/uploads\/2025\/05\/1200\/675\/new-pope-robert-francis-8.jpg?ve=1&amp;tl=1\" alt=\"El reci\u00e9n elegido Papa Leo XIV, cardenal Robert F. Prevost de los Estados Unidos, aparece en el balc\u00f3n de la Bas\u00edlica de San Pedro en el Vaticano, el 8 de mayo de 2025. \" width=\"1200\" height=\"675\"\/><\/source><\/source><\/source><\/source><\/picture><\/div>\n<div class=\"info\">\n<div class=\"caption\">\n<p><span>El reci\u00e9n elegido Papa Leo XIV, cardenal Robert F. Prevost de los Estados Unidos, aparece en el balc\u00f3n de la Bas\u00edlica de San Pedro en el Vaticano, el 8 de mayo de 2025. <\/span> <span>(Reuters\/Claudia Greco)<\/span><\/p>\n<\/div>\n<\/div>\n<\/div>\n<p><strong>Actualizaciones en vivo: el cardenal Robert Prevost anunci\u00f3 como primer papa estadounidense, tomando el nombre Leo XIV<\/strong><\/p>\n<p>Francis lo elev\u00f3 a la posici\u00f3n de Cardinal en septiembre de 2023. <\/p>\n<p>Se inform\u00f3 que Leo estaba estrechamente alineado con las ense\u00f1anzas de Francis como l\u00edder de la Iglesia Cat\u00f3lica, particularmente cuando se trataba de sus posiciones con respecto al medio ambiente, la divulgaci\u00f3n a los pobres y los migrantes, y la apertura de la Iglesia Cat\u00f3lica para abrazar a m\u00e1s seguidores.<\/p>\n<p>Antes de llegar a la posici\u00f3n m\u00e1s alta ofrecida en la Iglesia Cat\u00f3lica, primero ingres\u00f3 al noviciado de la Orden de San Agust\u00edn en San Luis, en 1977, que esencialmente marc\u00f3 su per\u00edodo de entrenamiento antes de tomar sus \u00ab\u00f3rdenes sagradas\u00bb.<\/p>\n<p>En agosto de 1981, dio sus votos solemnes, y en 1982 fue ordenado como sacerdote.<\/p>\n<p>En 1985 se uni\u00f3 a la Misi\u00f3n Augustiniana en Per\u00fa, donde se desempe\u00f1\u00f3 como canciller de la pr\u00e9latura territorial de Chulucanas durante un a\u00f1o.<\/p>\n<div class=\"image-ct inline\">\n<div class=\"m\"><picture><source media=\"(max-width: 767px)\" srcset=\"https:\/\/a57.foxnews.com\/static.foxnews.com\/foxnews.com\/content\/uploads\/2025\/05\/343\/192\/prevost.png?ve=1&amp;tl=1, https:\/\/a57.foxnews.com\/static.foxnews.com\/foxnews.com\/content\/uploads\/2025\/05\/686\/384\/prevost.png?ve=1&amp;tl=1 2x\" height=\"192\" width=\"343\"><source media=\"(min-width: 768px) and (max-width: 1023px)\" srcset=\"https:\/\/a57.foxnews.com\/static.foxnews.com\/foxnews.com\/content\/uploads\/2025\/05\/672\/378\/prevost.png?ve=1&amp;tl=1, https:\/\/a57.foxnews.com\/static.foxnews.com\/foxnews.com\/content\/uploads\/2025\/05\/1344\/756\/prevost.png?ve=1&amp;tl=1 2x\" height=\"378\" width=\"672\"><source media=\"(min-width: 1024px) and (max-width: 1279px)\" srcset=\"https:\/\/a57.foxnews.com\/static.foxnews.com\/foxnews.com\/content\/uploads\/2025\/05\/931\/523\/prevost.png?ve=1&amp;tl=1, https:\/\/a57.foxnews.com\/static.foxnews.com\/foxnews.com\/content\/uploads\/2025\/05\/1862\/1046\/prevost.png?ve=1&amp;tl=1 2x\" height=\"523\" width=\"931\"><source media=\"(min-width: 1280px)\" srcset=\"https:\/\/a57.foxnews.com\/static.foxnews.com\/foxnews.com\/content\/uploads\/2025\/05\/720\/405\/prevost.png?ve=1&amp;tl=1, https:\/\/a57.foxnews.com\/static.foxnews.com\/foxnews.com\/content\/uploads\/2025\/05\/1440\/810\/prevost.png?ve=1&amp;tl=1 2x\" height=\"405\" width=\"720\"><img loading=\"lazy\" decoding=\"async\" src=\"https:\/\/a57.foxnews.com\/static.foxnews.com\/foxnews.com\/content\/uploads\/2025\/05\/1200\/675\/prevost.png?ve=1&amp;tl=1\" alt=\"Papa Francisco con el entonces cardenal Robert Prevost\" width=\"1200\" height=\"675\"\/><\/source><\/source><\/source><\/source><\/picture><\/div>\n<div class=\"info\">\n<div class=\"caption\">\n<p><span>El Papa Francisco se designa como el nuevo prefecto del prelado cardinal de Estados Unidos del dicasterio para los obispos, Robert Francis Prevost durante la consistencia p\u00fablica ordinaria para la creaci\u00f3n de un nuevo cardenal en la Plaza de San Pedro el 30 de septiembre de 2023, en el CIT del Vaticano. El Papa Francisco posee un consistorio para la creaci\u00f3n de 21 nuevos cardenales, el consistorio cae antes del inicio del S\u00ednodo en Synodality, que tendr\u00e1 lugar en octubre. <\/span> <span>(Foto de Vatican Media a trav\u00e9s de Vatican Pool\/Getty Images)<\/span><\/p>\n<\/div>\n<\/div>\n<\/div>\n<p><strong>El cardenal Robert Prevost anunci\u00f3 como primer papa estadounidense, tomando el nombre Leo XIV<\/strong><\/p>\n<p>Entre 1987 y 1988, regres\u00f3 a los Estados Unidos, donde se desempe\u00f1\u00f3 como pastor de vocaciones y director de misiones para la provincia agustiniana de Chicago, antes de regresar a Per\u00fa durante otros 10 a\u00f1os para dirigir el Seminario Augustiniano en Trujillo y ense\u00f1ar la ley de ca\u00f1ones. <\/p>\n<p>Finalmente, regres\u00f3 a su ciudad natal, donde, en 1999, fue elegido provincial antes de la \u00abmadre del buen consejo\u00bb en Chicago.<\/p>\n<p>Leo pasar\u00eda a ser elegido dos veces como l\u00edder de la Orden Religiosa Augustiniana, una orden del siglo XIII fundada por San Agust\u00edn.<\/p>\n<p>Hab\u00eda llamado la atenci\u00f3n de Francis, quien, despu\u00e9s de convertirse en Papa en 2013, mud\u00f3 a Leo de regreso a Per\u00fa en 2014 para servir como administrador y finalmente arzobispo de Chiclayo.<\/p>\n<div class=\"image-ct inline\">\n<div class=\"m\"><picture><source media=\"(max-width: 767px)\" srcset=\"https:\/\/a57.foxnews.com\/static.foxnews.com\/foxnews.com\/content\/uploads\/2025\/05\/343\/192\/new-pope-robert-francis-9.jpg?ve=1&amp;tl=1, https:\/\/a57.foxnews.com\/static.foxnews.com\/foxnews.com\/content\/uploads\/2025\/05\/686\/384\/new-pope-robert-francis-9.jpg?ve=1&amp;tl=1 2x\" height=\"192\" width=\"343\"><source media=\"(min-width: 768px) and (max-width: 1023px)\" srcset=\"https:\/\/a57.foxnews.com\/static.foxnews.com\/foxnews.com\/content\/uploads\/2025\/05\/672\/378\/new-pope-robert-francis-9.jpg?ve=1&amp;tl=1, https:\/\/a57.foxnews.com\/static.foxnews.com\/foxnews.com\/content\/uploads\/2025\/05\/1344\/756\/new-pope-robert-francis-9.jpg?ve=1&amp;tl=1 2x\" height=\"378\" width=\"672\"><source media=\"(min-width: 1024px) and (max-width: 1279px)\" srcset=\"https:\/\/a57.foxnews.com\/static.foxnews.com\/foxnews.com\/content\/uploads\/2025\/05\/931\/523\/new-pope-robert-francis-9.jpg?ve=1&amp;tl=1, https:\/\/a57.foxnews.com\/static.foxnews.com\/foxnews.com\/content\/uploads\/2025\/05\/1862\/1046\/new-pope-robert-francis-9.jpg?ve=1&amp;tl=1 2x\" height=\"523\" width=\"931\"><source media=\"(min-width: 1280px)\" srcset=\"https:\/\/a57.foxnews.com\/static.foxnews.com\/foxnews.com\/content\/uploads\/2025\/05\/720\/405\/new-pope-robert-francis-9.jpg?ve=1&amp;tl=1, https:\/\/a57.foxnews.com\/static.foxnews.com\/foxnews.com\/content\/uploads\/2025\/05\/1440\/810\/new-pope-robert-francis-9.jpg?ve=1&amp;tl=1 2x\" height=\"405\" width=\"720\"><img loading=\"lazy\" decoding=\"async\" src=\"https:\/\/a57.foxnews.com\/static.foxnews.com\/foxnews.com\/content\/uploads\/2025\/05\/1200\/675\/new-pope-robert-francis-9.jpg?ve=1&amp;tl=1\" alt=\"Papa Leo XIV\" width=\"1200\" height=\"675\"\/><\/source><\/source><\/source><\/source><\/picture><\/div>\n<div class=\"info\">\n<div class=\"caption\">\n<p><span>El reci\u00e9n elegido Papa Leo XIV, el cardenal Robert Prevost de los Estados Unidos, aparece en el balc\u00f3n de la Bas\u00edlica de San Pedro en el Vaticano, el 8 de mayo de 2025. <\/span> <span>(Reuters, Stoyan Nenov)<\/span><\/p>\n<\/div>\n<\/div>\n<\/div>\n<p><strong>Haga clic aqu\u00ed para llegar a la aplicaci\u00f3n Fox News<\/strong><\/p>\n<p>Leo obtuvo su ciudadan\u00eda peruana en 2015, donde permaneci\u00f3 hasta que fue trasladado al Vaticano en 2023. <\/p>\n<p>Durante sus \u00faltimos a\u00f1os en Per\u00fa, Leo tambi\u00e9n se desempe\u00f1\u00f3 como vicepresidente del Consejo Permanente de la Conferencia de Obispos Peruanos de 2018 a 2023, lo que probablemente lo ayud\u00f3 a asegurar su papel como prefecto del dicasterio para los obispos bajo Francis. <\/p>\n<p><i>Associated Press contribuy\u00f3 a este informe. <\/i><\/p>\n<p> <!----> <\/p>\n<div class=\"article-meta\">\n<div class=\"author-bio\">\n<p>Caitlin McFall es reportero de Fox News Digital Cubting Politics, US y World News.<\/p>\n<\/div>\n<\/div>\n<\/div>\n\n","protected":false},"excerpt":{"rendered":"<p>El Papa Leo XIV, de 69 a\u00f1os, fue elegido para tomar el asiento papal el jueves, el segundo d\u00eda de las deliberaciones del c\u00f3nclave papal. Nacido Robert Prevost el 14 de septiembre de 1955 en Chicago, Illinois, fue un presunto l\u00edder de \u00e9xito para suceder al Papa Francisco despu\u00e9s de su fallecimiento a fines del &hellip;<\/p>\n","protected":false},"author":1,"featured_media":26396,"comment_status":"open","ping_status":"open","sticky":false,"template":"","format":"standard","meta":{"fifu_image_url":"https:\/\/static.foxnews.com\/foxnews.com\/content\/uploads\/2025\/05\/new-pope-robert-francis-5.jpg","fifu_image_alt":"","footnotes":""},"categories":[13],"tags":[],"class_list":["post-26394","post","type-post","status-publish","format-standard","has-post-thumbnail","","category-mundo"],"_links":{"self":[{"href":"https:\/\/noticiasveraces.com\/index.php?rest_route=\/wp\/v2\/posts\/26394","targetHints":{"allow":["GET"]}}],"collection":[{"href":"https:\/\/noticiasveraces.com\/index.php?rest_route=\/wp\/v2\/posts"}],"about":[{"href":"https:\/\/noticiasveraces.com\/index.php?rest_route=\/wp\/v2\/types\/post"}],"author":[{"embeddable":true,"href":"https:\/\/noticiasveraces.com\/index.php?rest_route=\/wp\/v2\/users\/1"}],"replies":[{"embeddable":true,"href":"https:\/\/noticiasveraces.com\/index.php?rest_route=%2Fwp%2Fv2%2Fcomments&post=26394"}],"version-history":[{"count":0,"href":"https:\/\/noticiasveraces.com\/index.php?rest_route=\/wp\/v2\/posts\/26394\/revisions"}],"wp:featuredmedia":[{"embeddable":true,"href":"https:\/\/noticiasveraces.com\/index.php?rest_route=\/wp\/v2\/media\/26396"}],"wp:attachment":[{"href":"https:\/\/noticiasveraces.com\/index.php?rest_route=%2Fwp%2Fv2%2Fmedia&parent=26394"}],"wp:term":[{"taxonomy":"category","embeddable":true,"href":"https:\/\/noticiasveraces.com\/index.php?rest_route=%2Fwp%2Fv2%2Fcategories&post=26394"},{"taxonomy":"post_tag","embeddable":true,"href":"https:\/\/noticiasveraces.com\/index.php?rest_route=%2Fwp%2Fv2%2Ftags&post=26394"}],"curies":[{"name":"wp","href":"https:\/\/api.w.org\/{rel}","templated":true}]}}