{"id":26376,"date":"2025-05-08T13:49:25","date_gmt":"2025-05-08T17:49:25","guid":{"rendered":"https:\/\/noticiasveraces.com\/?p=26376"},"modified":"2025-05-08T13:49:25","modified_gmt":"2025-05-08T17:49:25","slug":"el-cardenal-estadounidense-robert-prevost-elegido-como-new-pope","status":"publish","type":"post","link":"https:\/\/noticiasveraces.com\/?p=26376","title":{"rendered":"El cardenal estadounidense Robert Prevost elegido como New Pope"},"content":{"rendered":"<p> \n<\/p>\n<div>\n<div class=\"featured featured-video video-ct\" data-v-5f342d4c=\"\"><!----> <\/p>\n<div class=\"contain\" data-v-5f342d4c=\"\">  <!----> <\/p>\n<div class=\"info\" data-v-5f342d4c=\"\">\n<div class=\"caption\" data-v-5f342d4c=\"\">\n<h4 class=\"title\" data-v-5f342d4c=\"\">Se\u00f1ales de humo blanco que se ha elegido el nuevo papa<\/h4>\n<p data-v-5f342d4c=\"\">Los panelistas &#8216;superados&#8217; reaccionan ante las \u00faltimas noticias de que se eligi\u00f3 un nuevo Papa en la cuarta votaci\u00f3n. El corresponsal senior Benjamin Hall proporciona detalles sobre la pr\u00f3xima revelaci\u00f3n y los pr\u00f3ximos pasos.<\/p>\n<\/div>\n<\/div>\n<\/div>\n<\/div>\n<p class=\"speakable\">El Vaticano anunci\u00f3 la elecci\u00f3n del Papa Leo XIV, el primer papa estadounidense en la historia de la Iglesia Cat\u00f3lica, poco despu\u00e9s de que el humo blanco comenz\u00f3 a vertiendo la chimenea de la Capilla Sixtina el jueves.<\/p>\n<p class=\"speakable\">El protodea del cardenal Dominique Mamberti anunci\u00f3 la elecci\u00f3n del cardenal Robert Francis Prevost como Papa para los miles de fieles que descendieron a la Plaza de San Pedro despu\u00e9s de que los 133 Cardenales de votaci\u00f3n deliberaron en la Capilla Sistine durante aproximadamente 24 horas.<\/p>\n<p>Prevost apareci\u00f3 en el balc\u00f3n de la Bas\u00edlica de San Pedro con la tradicional capa roja del papado, un Cabo que el Papa Francisco hab\u00eda elegido no usar despu\u00e9s de su elecci\u00f3n en 2013.<\/p>\n<p>Prevost, de 69 a\u00f1os, sucede al difunto Papa Francisco, quien muri\u00f3 a los 88 a\u00f1os el 21 de abril despu\u00e9s de los desaf\u00edos de salud.<\/p>\n<p><strong>Actualizaciones en vivo: el cardenal Robert Prevost anunci\u00f3 como primer papa estadounidense, tomando el nombre Leo XIV<\/strong><\/p>\n<div class=\"image-ct inline\">\n<div class=\"m\"><picture><source media=\"(max-width: 767px)\" srcset=\"https:\/\/a57.foxnews.com\/static.foxnews.com\/foxnews.com\/content\/uploads\/2025\/05\/343\/192\/new-pope-robert-francis-5.jpg?ve=1&amp;tl=1, https:\/\/a57.foxnews.com\/static.foxnews.com\/foxnews.com\/content\/uploads\/2025\/05\/686\/384\/new-pope-robert-francis-5.jpg?ve=1&amp;tl=1 2x\" height=\"192\" width=\"343\"><source media=\"(min-width: 768px) and (max-width: 1023px)\" srcset=\"https:\/\/a57.foxnews.com\/static.foxnews.com\/foxnews.com\/content\/uploads\/2025\/05\/672\/378\/new-pope-robert-francis-5.jpg?ve=1&amp;tl=1, https:\/\/a57.foxnews.com\/static.foxnews.com\/foxnews.com\/content\/uploads\/2025\/05\/1344\/756\/new-pope-robert-francis-5.jpg?ve=1&amp;tl=1 2x\" height=\"378\" width=\"672\"><source media=\"(min-width: 1024px) and (max-width: 1279px)\" srcset=\"https:\/\/a57.foxnews.com\/static.foxnews.com\/foxnews.com\/content\/uploads\/2025\/05\/931\/523\/new-pope-robert-francis-5.jpg?ve=1&amp;tl=1, https:\/\/a57.foxnews.com\/static.foxnews.com\/foxnews.com\/content\/uploads\/2025\/05\/1862\/1046\/new-pope-robert-francis-5.jpg?ve=1&amp;tl=1 2x\" height=\"523\" width=\"931\"><source media=\"(min-width: 1280px)\" srcset=\"https:\/\/a57.foxnews.com\/static.foxnews.com\/foxnews.com\/content\/uploads\/2025\/05\/720\/405\/new-pope-robert-francis-5.jpg?ve=1&amp;tl=1, https:\/\/a57.foxnews.com\/static.foxnews.com\/foxnews.com\/content\/uploads\/2025\/05\/1440\/810\/new-pope-robert-francis-5.jpg?ve=1&amp;tl=1 2x\" height=\"405\" width=\"720\"><img loading=\"lazy\" decoding=\"async\" src=\"https:\/\/a57.foxnews.com\/static.foxnews.com\/foxnews.com\/content\/uploads\/2025\/05\/1200\/675\/new-pope-robert-francis-5.jpg?ve=1&amp;tl=1\" alt=\"El c\u00f3nclave elige al nuevo Papa Robert Francis Prevost.\" width=\"1200\" height=\"675\"\/><\/source><\/source><\/source><\/source><\/picture><\/div>\n<div class=\"info\">\n<div class=\"caption\">\n<p><span>El reci\u00e9n elegido Papa Leo XIV, el cardenal Robert Prevost de los Estados Unidos aparece en el balc\u00f3n de la Bas\u00edlica de San Pedro, en el Vaticano, 8 de mayo de 2025. Reuters\/Guglielmo Mangiapane TPX Im\u00e1genes del d\u00eda del d\u00eda<\/span> <span>(Guglielmo Mangiapane\/Reuters)<\/span><\/p>\n<\/div>\n<\/div>\n<\/div>\n<p>Francis trajo Prevost al Vaticano en 2023 para servir como el poderoso jefe de la oficina que examina las nominaciones de Bishop de todo el mundo, uno de los trabajos m\u00e1s importantes en la Iglesia Cat\u00f3lica. Como resultado, Prevost tuvo una prominencia en el c\u00f3nclave que tienen pocos cardenales.<\/p>\n<div class=\"image-ct inline\">\n<div class=\"m\"><picture><source media=\"(max-width: 767px)\" srcset=\"https:\/\/a57.foxnews.com\/static.foxnews.com\/foxnews.com\/content\/uploads\/2025\/05\/343\/192\/pope-leo-xiv.jpg?ve=1&amp;tl=1, https:\/\/a57.foxnews.com\/static.foxnews.com\/foxnews.com\/content\/uploads\/2025\/05\/686\/384\/pope-leo-xiv.jpg?ve=1&amp;tl=1 2x\" height=\"192\" width=\"343\"><source media=\"(min-width: 768px) and (max-width: 1023px)\" srcset=\"https:\/\/a57.foxnews.com\/static.foxnews.com\/foxnews.com\/content\/uploads\/2025\/05\/672\/378\/pope-leo-xiv.jpg?ve=1&amp;tl=1, https:\/\/a57.foxnews.com\/static.foxnews.com\/foxnews.com\/content\/uploads\/2025\/05\/1344\/756\/pope-leo-xiv.jpg?ve=1&amp;tl=1 2x\" height=\"378\" width=\"672\"><source media=\"(min-width: 1024px) and (max-width: 1279px)\" srcset=\"https:\/\/a57.foxnews.com\/static.foxnews.com\/foxnews.com\/content\/uploads\/2025\/05\/931\/523\/pope-leo-xiv.jpg?ve=1&amp;tl=1, https:\/\/a57.foxnews.com\/static.foxnews.com\/foxnews.com\/content\/uploads\/2025\/05\/1862\/1046\/pope-leo-xiv.jpg?ve=1&amp;tl=1 2x\" height=\"523\" width=\"931\"><source media=\"(min-width: 1280px)\" srcset=\"https:\/\/a57.foxnews.com\/static.foxnews.com\/foxnews.com\/content\/uploads\/2025\/05\/720\/405\/pope-leo-xiv.jpg?ve=1&amp;tl=1, https:\/\/a57.foxnews.com\/static.foxnews.com\/foxnews.com\/content\/uploads\/2025\/05\/1440\/810\/pope-leo-xiv.jpg?ve=1&amp;tl=1 2x\" height=\"405\" width=\"720\"><img loading=\"lazy\" decoding=\"async\" src=\"https:\/\/a57.foxnews.com\/static.foxnews.com\/foxnews.com\/content\/uploads\/2025\/05\/1200\/675\/pope-leo-xiv.jpg?ve=1&amp;tl=1\" alt=\"Papa Leone XIV\" width=\"1200\" height=\"675\"\/><\/source><\/source><\/source><\/source><\/picture><\/div>\n<div class=\"info\">\n<div class=\"caption\">\n<p><span>El reci\u00e9n elegido Papa Leone XIV aparece en el balc\u00f3n de la Bas\u00edlica de San Pedro en el Vaticano, el jueves 8 de mayo de 2025.<\/span> <span>(AP Photo\/Andrew Medichini)<\/span><\/p>\n<\/div>\n<\/div>\n<\/div>\n<p>Prevost naci\u00f3 el 14 de septiembre de 1955 en Chicago, Illinois. Tambi\u00e9n es ciudadano de Per\u00fa, donde vivi\u00f3 durante a\u00f1os como misionero y luego como arzobispo.<\/p>\n<p><strong><u>Haga clic aqu\u00ed para obtener la aplicaci\u00f3n Fox News<\/u><\/strong><\/p>\n<p><i>Esta es una noticia de \u00faltima hora; Vuelva a consultar las actualizaciones.<\/i><\/p>\n<p> <!----> <\/p>\n<div class=\"article-meta\">\n<div class=\"author-bio\">\n<p>Anders Hagstrom es un reportero de Fox News Digital que cubre la pol\u00edtica nacional y los principales eventos de noticias de \u00faltima hora. Env\u00ede consejos a Anders.hagstrom@fox.com, o en Twitter: @hagstrom_anders.<\/p>\n<\/div>\n<\/div>\n<\/div>\n\n","protected":false},"excerpt":{"rendered":"<p>Se\u00f1ales de humo blanco que se ha elegido el nuevo papa Los panelistas &#8216;superados&#8217; reaccionan ante las \u00faltimas noticias de que se eligi\u00f3 un nuevo Papa en la cuarta votaci\u00f3n. El corresponsal senior Benjamin Hall proporciona detalles sobre la pr\u00f3xima revelaci\u00f3n y los pr\u00f3ximos pasos. El Vaticano anunci\u00f3 la elecci\u00f3n del Papa Leo XIV, el &hellip;<\/p>\n","protected":false},"author":1,"featured_media":26378,"comment_status":"open","ping_status":"open","sticky":false,"template":"","format":"standard","meta":{"fifu_image_url":"https:\/\/static.foxnews.com\/foxnews.com\/content\/uploads\/2025\/05\/new-pope-robert-francis-5.jpg","fifu_image_alt":"","footnotes":""},"categories":[13],"tags":[],"class_list":["post-26376","post","type-post","status-publish","format-standard","has-post-thumbnail","","category-mundo"],"_links":{"self":[{"href":"https:\/\/noticiasveraces.com\/index.php?rest_route=\/wp\/v2\/posts\/26376","targetHints":{"allow":["GET"]}}],"collection":[{"href":"https:\/\/noticiasveraces.com\/index.php?rest_route=\/wp\/v2\/posts"}],"about":[{"href":"https:\/\/noticiasveraces.com\/index.php?rest_route=\/wp\/v2\/types\/post"}],"author":[{"embeddable":true,"href":"https:\/\/noticiasveraces.com\/index.php?rest_route=\/wp\/v2\/users\/1"}],"replies":[{"embeddable":true,"href":"https:\/\/noticiasveraces.com\/index.php?rest_route=%2Fwp%2Fv2%2Fcomments&post=26376"}],"version-history":[{"count":0,"href":"https:\/\/noticiasveraces.com\/index.php?rest_route=\/wp\/v2\/posts\/26376\/revisions"}],"wp:featuredmedia":[{"embeddable":true,"href":"https:\/\/noticiasveraces.com\/index.php?rest_route=\/wp\/v2\/media\/26378"}],"wp:attachment":[{"href":"https:\/\/noticiasveraces.com\/index.php?rest_route=%2Fwp%2Fv2%2Fmedia&parent=26376"}],"wp:term":[{"taxonomy":"category","embeddable":true,"href":"https:\/\/noticiasveraces.com\/index.php?rest_route=%2Fwp%2Fv2%2Fcategories&post=26376"},{"taxonomy":"post_tag","embeddable":true,"href":"https:\/\/noticiasveraces.com\/index.php?rest_route=%2Fwp%2Fv2%2Ftags&post=26376"}],"curies":[{"name":"wp","href":"https:\/\/api.w.org\/{rel}","templated":true}]}}