{"id":26371,"date":"2025-05-08T12:47:54","date_gmt":"2025-05-08T16:47:54","guid":{"rendered":"https:\/\/noticiasveraces.com\/?p=26371"},"modified":"2025-05-08T12:47:54","modified_gmt":"2025-05-08T16:47:54","slug":"nuevo-papa-elegido-por-la-facultad-de-cardenales-white-smoke-oblews-de-la-capilla-sixtina","status":"publish","type":"post","link":"https:\/\/noticiasveraces.com\/?p=26371","title":{"rendered":"Nuevo Papa elegido por la Facultad de Cardenales: White Smoke Oblews de la Capilla Sixtina"},"content":{"rendered":"<p> \n<\/p>\n<div>\n<p class=\"speakable\">Se vio humo blanco que sali\u00f3 de la chimenea de la Capilla Sixtina el jueves, en una se\u00f1al directa de que un nuevo Papa ya ha sido elegido. <\/p>\n<p class=\"speakable\">El nombre del Papa a\u00fan no ha sido anunciado por el C\u00f3nclave Papal, quien se reuni\u00f3 por primera vez el mi\u00e9rcoles para deliberar sobre qui\u00e9n ocupar\u00eda el asiento como l\u00edder de la Iglesia Cat\u00f3lica. <\/p>\n<div class=\"image-ct inline\">\n<div class=\"m\"><picture><source media=\"(max-width: 767px)\" srcset=\"https:\/\/a57.foxnews.com\/static.foxnews.com\/foxnews.com\/content\/uploads\/2025\/05\/343\/192\/white-smoke-pope-chosen.jpg?ve=1&amp;tl=1, https:\/\/a57.foxnews.com\/static.foxnews.com\/foxnews.com\/content\/uploads\/2025\/05\/686\/384\/white-smoke-pope-chosen.jpg?ve=1&amp;tl=1 2x\" height=\"192\" width=\"343\"><source media=\"(min-width: 768px) and (max-width: 1023px)\" srcset=\"https:\/\/a57.foxnews.com\/static.foxnews.com\/foxnews.com\/content\/uploads\/2025\/05\/672\/378\/white-smoke-pope-chosen.jpg?ve=1&amp;tl=1, https:\/\/a57.foxnews.com\/static.foxnews.com\/foxnews.com\/content\/uploads\/2025\/05\/1344\/756\/white-smoke-pope-chosen.jpg?ve=1&amp;tl=1 2x\" height=\"378\" width=\"672\"><source media=\"(min-width: 1024px) and (max-width: 1279px)\" srcset=\"https:\/\/a57.foxnews.com\/static.foxnews.com\/foxnews.com\/content\/uploads\/2025\/05\/931\/523\/white-smoke-pope-chosen.jpg?ve=1&amp;tl=1, https:\/\/a57.foxnews.com\/static.foxnews.com\/foxnews.com\/content\/uploads\/2025\/05\/1862\/1046\/white-smoke-pope-chosen.jpg?ve=1&amp;tl=1 2x\" height=\"523\" width=\"931\"><source media=\"(min-width: 1280px)\" srcset=\"https:\/\/a57.foxnews.com\/static.foxnews.com\/foxnews.com\/content\/uploads\/2025\/05\/720\/405\/white-smoke-pope-chosen.jpg?ve=1&amp;tl=1, https:\/\/a57.foxnews.com\/static.foxnews.com\/foxnews.com\/content\/uploads\/2025\/05\/1440\/810\/white-smoke-pope-chosen.jpg?ve=1&amp;tl=1 2x\" height=\"405\" width=\"720\"><img loading=\"lazy\" decoding=\"async\" src=\"https:\/\/a57.foxnews.com\/static.foxnews.com\/foxnews.com\/content\/uploads\/2025\/05\/1200\/675\/white-smoke-pope-chosen.jpg?ve=1&amp;tl=1\" alt=\"El humo blanco sopla de la chimenea que indica que un nuevo papa ha sido elegido por el c\u00f3nclave del Vaticano\" width=\"1200\" height=\"675\"\/><\/source><\/source><\/source><\/source><\/picture><\/div>\n<div class=\"info\">\n<div class=\"caption\">\n<p><span>White Smoke silla de la Chimenea de la Capilla Sixtina durante el C\u00f3nclave para elegir un nuevo Papa, en el Vaticano, el jueves 8 de mayo de 2025.<\/span> <span>(Andrew Medichini\/AP)<\/span><\/p>\n<\/div>\n<\/div>\n<\/div>\n<p><strong>El Colegio de Cardenales se re\u00fane para elegir al pr\u00f3ximo Papa. \u00bfQui\u00e9n ser\u00e1?<\/strong><\/p>\n<p>Solo se pretend\u00eda que se celebrara un voto el primer d\u00eda de la reuni\u00f3n del c\u00f3nclave, mientras que hasta cuatro votos se pod\u00edan celebrar en los d\u00edas siguientes, con dos boletas recolectadas en la ma\u00f1ana seguidas de hasta dos en la tarde.<\/p>\n<p>El anuncio del jueves significa que el cuerpo sagrado concluy\u00f3 su votaci\u00f3n el segundo d\u00eda; Tanto el Papa Francisco como el Papa Benedicto fueron elegidos el segundo d\u00eda del c\u00f3nclave.<\/p>\n<p>La \u00faltima vez que un c\u00f3nclave acord\u00f3 a un Papa el primer d\u00eda, solo unas horas despu\u00e9s de la convocatoria, fue en 1503 con la elecci\u00f3n del Papa Julio II, seg\u00fan Associated Press. <\/p>\n<div class=\"image-ct inline\">\n<div class=\"m\"><picture><source media=\"(max-width: 767px)\" srcset=\"https:\/\/a57.foxnews.com\/static.foxnews.com\/foxnews.com\/content\/uploads\/2025\/05\/343\/192\/pope-succession5.jpg?ve=1&amp;tl=1, https:\/\/a57.foxnews.com\/static.foxnews.com\/foxnews.com\/content\/uploads\/2025\/05\/686\/384\/pope-succession5.jpg?ve=1&amp;tl=1 2x\" height=\"192\" width=\"343\"><source media=\"(min-width: 768px) and (max-width: 1023px)\" srcset=\"https:\/\/a57.foxnews.com\/static.foxnews.com\/foxnews.com\/content\/uploads\/2025\/05\/672\/378\/pope-succession5.jpg?ve=1&amp;tl=1, https:\/\/a57.foxnews.com\/static.foxnews.com\/foxnews.com\/content\/uploads\/2025\/05\/1344\/756\/pope-succession5.jpg?ve=1&amp;tl=1 2x\" height=\"378\" width=\"672\"><source media=\"(min-width: 1024px) and (max-width: 1279px)\" srcset=\"https:\/\/a57.foxnews.com\/static.foxnews.com\/foxnews.com\/content\/uploads\/2025\/05\/931\/523\/pope-succession5.jpg?ve=1&amp;tl=1, https:\/\/a57.foxnews.com\/static.foxnews.com\/foxnews.com\/content\/uploads\/2025\/05\/1862\/1046\/pope-succession5.jpg?ve=1&amp;tl=1 2x\" height=\"523\" width=\"931\"><source media=\"(min-width: 1280px)\" srcset=\"https:\/\/a57.foxnews.com\/static.foxnews.com\/foxnews.com\/content\/uploads\/2025\/05\/720\/405\/pope-succession5.jpg?ve=1&amp;tl=1, https:\/\/a57.foxnews.com\/static.foxnews.com\/foxnews.com\/content\/uploads\/2025\/05\/1440\/810\/pope-succession5.jpg?ve=1&amp;tl=1 2x\" height=\"405\" width=\"720\"><img loading=\"lazy\" decoding=\"async\" src=\"https:\/\/a57.foxnews.com\/static.foxnews.com\/foxnews.com\/content\/uploads\/2025\/05\/1200\/675\/pope-succession5.jpg?ve=1&amp;tl=1\" alt=\"Colegio de Cardenales\" width=\"1200\" height=\"675\"\/><\/source><\/source><\/source><\/source><\/picture><\/div>\n<div class=\"info\">\n<div class=\"caption\">\n<p><span>Los cardenales asisten a la Santa Misa, celebrada para la elecci\u00f3n del nuevo Papa, presidido por el Decano del Colegio de Cardenales, Cardenal Giovanni Battista RE, en la Bas\u00edlica de San Pedro, en el Vaticano, el 7 de mayo de 2025. Reuters\/Murad Sezer<\/span> <span>(Reuters\/Murad Sezer)<\/span><\/p>\n<\/div>\n<\/div>\n<\/div>\n<p><strong>Papal Pulse: los cat\u00f3licos cotidianos revelan sus esperanzas para el pr\u00f3ximo Papa<\/strong><\/p>\n<p>En los \u00faltimos a\u00f1os, el c\u00f3nclave todav\u00eda se ha considerado relativamente r\u00e1pido en su decisi\u00f3n, ya que llegaron a una conclusi\u00f3n sobre el papado en solo una cuesti\u00f3n de d\u00edas. <\/p>\n<p>El Papa Francisco fue elegido en 2013 en la quinta votaci\u00f3n, mientras que el Papa Benedicto XVI gan\u00f3 en 2005 en la cuarta votaci\u00f3n, y el Papa P\u00edo XII, elegido en 1939 gan\u00f3 en la tercera votaci\u00f3n. <\/p>\n<p>Un Papa se decide despu\u00e9s de que un hombre recibe una mayor\u00eda de dos tercios por el organismo de votaci\u00f3n, que comprende votantes elegibles en la Facultad de Cardenales que tienen menos de 80 a\u00f1os en el momento de la aprobaci\u00f3n del Papa.<\/p>\n<p>De los 252 miembros del cuerpo, votaron 133 de los Cardenales.<\/p>\n<p><strong>Haga clic aqu\u00ed para obtener la aplicaci\u00f3n Fox News<\/strong><\/p>\n<p>Una vez que el individuo, que tradicionalmente se selecciona del Colegio de Cardenales, es elegido como el pr\u00f3ximo Papa, debe aceptar el papel con el decano de la universidad.<\/p>\n<p>Luego se le preguntar\u00e1 por qu\u00e9 nombre le gustar\u00eda que le llamen, y el C\u00f3nclave concluye. <\/p>\n<p><i>Vuelve a consultar esta historia en desarrollo.<\/i><\/p>\n<div class=\"article-meta\">\n<div class=\"author-bio\">\n<p>Caitlin McFall es reportero de Fox News Digital Cubting Politics, US y World News.<\/p>\n<\/div>\n<\/div>\n<\/div>\n\n","protected":false},"excerpt":{"rendered":"<p>Se vio humo blanco que sali\u00f3 de la chimenea de la Capilla Sixtina el jueves, en una se\u00f1al directa de que un nuevo Papa ya ha sido elegido. El nombre del Papa a\u00fan no ha sido anunciado por el C\u00f3nclave Papal, quien se reuni\u00f3 por primera vez el mi\u00e9rcoles para deliberar sobre qui\u00e9n ocupar\u00eda el &hellip;<\/p>\n","protected":false},"author":1,"featured_media":26373,"comment_status":"open","ping_status":"open","sticky":false,"template":"","format":"standard","meta":{"fifu_image_url":"https:\/\/static.foxnews.com\/foxnews.com\/content\/uploads\/2025\/05\/white-smoke-pope-chosen-scaled.jpg","fifu_image_alt":"","footnotes":""},"categories":[13],"tags":[],"class_list":["post-26371","post","type-post","status-publish","format-standard","has-post-thumbnail","","category-mundo"],"_links":{"self":[{"href":"https:\/\/noticiasveraces.com\/index.php?rest_route=\/wp\/v2\/posts\/26371","targetHints":{"allow":["GET"]}}],"collection":[{"href":"https:\/\/noticiasveraces.com\/index.php?rest_route=\/wp\/v2\/posts"}],"about":[{"href":"https:\/\/noticiasveraces.com\/index.php?rest_route=\/wp\/v2\/types\/post"}],"author":[{"embeddable":true,"href":"https:\/\/noticiasveraces.com\/index.php?rest_route=\/wp\/v2\/users\/1"}],"replies":[{"embeddable":true,"href":"https:\/\/noticiasveraces.com\/index.php?rest_route=%2Fwp%2Fv2%2Fcomments&post=26371"}],"version-history":[{"count":0,"href":"https:\/\/noticiasveraces.com\/index.php?rest_route=\/wp\/v2\/posts\/26371\/revisions"}],"wp:featuredmedia":[{"embeddable":true,"href":"https:\/\/noticiasveraces.com\/index.php?rest_route=\/wp\/v2\/media\/26373"}],"wp:attachment":[{"href":"https:\/\/noticiasveraces.com\/index.php?rest_route=%2Fwp%2Fv2%2Fmedia&parent=26371"}],"wp:term":[{"taxonomy":"category","embeddable":true,"href":"https:\/\/noticiasveraces.com\/index.php?rest_route=%2Fwp%2Fv2%2Fcategories&post=26371"},{"taxonomy":"post_tag","embeddable":true,"href":"https:\/\/noticiasveraces.com\/index.php?rest_route=%2Fwp%2Fv2%2Ftags&post=26371"}],"curies":[{"name":"wp","href":"https:\/\/api.w.org\/{rel}","templated":true}]}}