{"id":26311,"date":"2025-05-08T02:33:26","date_gmt":"2025-05-08T06:33:26","guid":{"rendered":"https:\/\/noticiasveraces.com\/?p=26311"},"modified":"2025-05-08T02:33:26","modified_gmt":"2025-05-08T06:33:26","slug":"netanyahu-reconoce-que-3-rehenes-mas-habrian-muerto-en-gaza-dw-08-05-2025","status":"publish","type":"post","link":"https:\/\/noticiasveraces.com\/?p=26311","title":{"rendered":"Netanyahu reconoce que 3 rehenes m\u00e1s habr\u00edan muerto en Gaza \u2013 DW \u2013 08\/05\/2025"},"content":{"rendered":"<p> \n<\/p>\n<div>\n<p>El primer ministro israel\u00ed, Benjam\u00edn Netanyahu, reconoci\u00f3 este mi\u00e9rcoles (07.05.2025) que tres rehenes m\u00e1s, pueden haber muerto en la Franja de Gaza.<\/p>\n<p>Lo anterior, despu\u00e9s de que el presidente estadounidense, Donald Trump, dijera anoche que solo quedan 21 rehenes vivos en la Franja.<\/p>\n<p>De confirmarse la informaci\u00f3n, la cifra aumentar\u00eda de 38 a 59 rehenes fallecidos.<\/p>\n<p>\u00abHay otros tres que, desafortunadamente, existe la duda de si est\u00e1n vivos\u00bb, dijo este mi\u00e9rcoles Netanyahu, en un v\u00eddeo en hebreo en su cuenta en la red social X.<\/p>\n<p>El martes, Trump afirm\u00f3 que solo hab\u00eda 21 cautivos vivos en Gaza, y no 24, como hab\u00eda afirmado previamente el estamento de defensa israel\u00ed, y causando un gran revuelo entre los familiares de los retenidos.<\/p>\n<p>\u00abAl d\u00eda de hoy son 21. Tres han muerto\u00bb, anunci\u00f3 Trump ayer sin dar m\u00e1s detalles. \u00abHay 21, adem\u00e1s de muchos cad\u00e1veres\u00bb, declar\u00f3.<\/p>\n<p>Sus comentarios se produjeron un d\u00eda despu\u00e9s de que el Gobierno israel\u00ed aprobara el lunes la \u00abconquista\u00bb de la Franja de Gaza y permanecer en territorio palestino por un tiempo indeterminado; una iniciativa que incluir\u00e1, seg\u00fan una fuente oficial, el desplazamiento forzoso de la poblaci\u00f3n gazat\u00ed hacia el sur.<\/p>\n<p>Israel tambi\u00e9n pretende reanudar la entrada de ayuda humanitaria, que ha bloqueado desde el 2 de marzo, pero controlando y restringiendo su acceso y la forma en la que es distribuida, algo que ha rechazado Naciones Unidas.<\/p>\n<p>MG (EFE, DPA)<\/p>\n<\/p>\n<\/div>\n\n","protected":false},"excerpt":{"rendered":"<p>El primer ministro israel\u00ed, Benjam\u00edn Netanyahu, reconoci\u00f3 este mi\u00e9rcoles (07.05.2025) que tres rehenes m\u00e1s, pueden haber muerto en la Franja de Gaza. Lo anterior, despu\u00e9s de que el presidente estadounidense, Donald Trump, dijera anoche que solo quedan 21 rehenes vivos en la Franja. De confirmarse la informaci\u00f3n, la cifra aumentar\u00eda de 38 a 59 rehenes &hellip;<\/p>\n","protected":false},"author":1,"featured_media":26312,"comment_status":"open","ping_status":"open","sticky":false,"template":"","format":"standard","meta":{"fifu_image_url":"https:\/\/static.dw.com\/image\/71573431_6.jpg","fifu_image_alt":"","footnotes":""},"categories":[13],"tags":[],"class_list":["post-26311","post","type-post","status-publish","format-standard","has-post-thumbnail","","category-mundo"],"_links":{"self":[{"href":"https:\/\/noticiasveraces.com\/index.php?rest_route=\/wp\/v2\/posts\/26311","targetHints":{"allow":["GET"]}}],"collection":[{"href":"https:\/\/noticiasveraces.com\/index.php?rest_route=\/wp\/v2\/posts"}],"about":[{"href":"https:\/\/noticiasveraces.com\/index.php?rest_route=\/wp\/v2\/types\/post"}],"author":[{"embeddable":true,"href":"https:\/\/noticiasveraces.com\/index.php?rest_route=\/wp\/v2\/users\/1"}],"replies":[{"embeddable":true,"href":"https:\/\/noticiasveraces.com\/index.php?rest_route=%2Fwp%2Fv2%2Fcomments&post=26311"}],"version-history":[{"count":0,"href":"https:\/\/noticiasveraces.com\/index.php?rest_route=\/wp\/v2\/posts\/26311\/revisions"}],"wp:featuredmedia":[{"embeddable":true,"href":"https:\/\/noticiasveraces.com\/index.php?rest_route=\/wp\/v2\/media\/26312"}],"wp:attachment":[{"href":"https:\/\/noticiasveraces.com\/index.php?rest_route=%2Fwp%2Fv2%2Fmedia&parent=26311"}],"wp:term":[{"taxonomy":"category","embeddable":true,"href":"https:\/\/noticiasveraces.com\/index.php?rest_route=%2Fwp%2Fv2%2Fcategories&post=26311"},{"taxonomy":"post_tag","embeddable":true,"href":"https:\/\/noticiasveraces.com\/index.php?rest_route=%2Fwp%2Fv2%2Ftags&post=26311"}],"curies":[{"name":"wp","href":"https:\/\/api.w.org\/{rel}","templated":true}]}}