{"id":26309,"date":"2025-05-08T01:32:51","date_gmt":"2025-05-08T05:32:51","guid":{"rendered":"https:\/\/noticiasveraces.com\/?p=26309"},"modified":"2025-05-08T01:32:51","modified_gmt":"2025-05-08T05:32:51","slug":"inicia-segundo-dia-del-conclave-en-el-vaticano-dw-08-05-2025","status":"publish","type":"post","link":"https:\/\/noticiasveraces.com\/?p=26309","title":{"rendered":"Inicia segundo d\u00eda del c\u00f3nclave en el Vaticano \u2013 DW \u2013 08\/05\/2025"},"content":{"rendered":"<p> \n<\/p>\n<div>\n<p>Los 133 cardenales electores vuelven este jueves (08.05.2025) a la Capilla Sixtina para el segundo cap\u00edtulo del incierto c\u00f3nclave que elegir\u00e1 al sucesor del papa Francisco en medio de profundas fracturas en la Iglesia cat\u00f3lica.<\/p>\n<p>En la primera y \u00fanica votaci\u00f3n del mi\u00e9rcoles inaugural, ning\u00fan nombre alcanz\u00f3 la mayor\u00eda de dos tercios necesaria para conseguir la fumata blanca que anuncia el \u00abHabemus papam\u00bb.<\/p>\n<p>El humo fue negro, sin sorpresas. \u00abBergoglistas\u00bb y conservadores deben llegar a un acuerdo sobre el nuevo l\u00edder espiritual de 1.400 millones de cat\u00f3licos.<\/p>\n<p>Francisco fue un pont\u00edfice pastor, enfocado en los pobres, migrantes y marginados, y lleg\u00f3 a regiones normalmente ignoradas por la Iglesia. Pero su pontificado gener\u00f3 resistencias entre quienes ahora apuestan por un cambio m\u00e1s enfocado en la doctrina.<\/p>\n<p>Los cardenales votan ahora cuatro veces al d\u00eda: dos en la ma\u00f1ana y dos en la tarde. Salvo que haya consenso sobre el papa, las papeletas se queman en una estufa al final de las dos votaciones. Con ayuda de qu\u00edmicos, se da el color al humo.<\/p>\n<p>\u00abMe alegra que se hayan tomado tanto tiempo porque eso quiere decir que est\u00e1n pensando bien qui\u00e9n ser\u00e1 el papa\u00bb, dijo a la AFP Barbara Mason, una canadiense que estuvo entre las 50.000 personas que acudieron a la plaza San Pedro el primer d\u00eda del c\u00f3nclave.<\/p>\n<p>Las elecciones de Benedicto XVI y Francisco tomaron dos d\u00edas. La mayor\u00eda de los cardenales estima un m\u00e1ximo de tres en esta ocasi\u00f3n; los m\u00e1s pesimistas, cinco.<\/p>\n<p>Los detalles de la primera votaci\u00f3n no se conocer\u00e1n, tampoco del resto del c\u00f3nclave, salvo si el futuro papa lo autoriza.<\/p>\n<p>Mg (AFP, AP)<\/p>\n<\/p>\n<\/div>\n\n","protected":false},"excerpt":{"rendered":"<p>Los 133 cardenales electores vuelven este jueves (08.05.2025) a la Capilla Sixtina para el segundo cap\u00edtulo del incierto c\u00f3nclave que elegir\u00e1 al sucesor del papa Francisco en medio de profundas fracturas en la Iglesia cat\u00f3lica. En la primera y \u00fanica votaci\u00f3n del mi\u00e9rcoles inaugural, ning\u00fan nombre alcanz\u00f3 la mayor\u00eda de dos tercios necesaria para conseguir &hellip;<\/p>\n","protected":false},"author":1,"featured_media":26310,"comment_status":"open","ping_status":"open","sticky":false,"template":"","format":"standard","meta":{"fifu_image_url":"https:\/\/static.dw.com\/image\/72462730_6.jpg","fifu_image_alt":"","footnotes":""},"categories":[13],"tags":[],"class_list":["post-26309","post","type-post","status-publish","format-standard","has-post-thumbnail","","category-mundo"],"_links":{"self":[{"href":"https:\/\/noticiasveraces.com\/index.php?rest_route=\/wp\/v2\/posts\/26309","targetHints":{"allow":["GET"]}}],"collection":[{"href":"https:\/\/noticiasveraces.com\/index.php?rest_route=\/wp\/v2\/posts"}],"about":[{"href":"https:\/\/noticiasveraces.com\/index.php?rest_route=\/wp\/v2\/types\/post"}],"author":[{"embeddable":true,"href":"https:\/\/noticiasveraces.com\/index.php?rest_route=\/wp\/v2\/users\/1"}],"replies":[{"embeddable":true,"href":"https:\/\/noticiasveraces.com\/index.php?rest_route=%2Fwp%2Fv2%2Fcomments&post=26309"}],"version-history":[{"count":0,"href":"https:\/\/noticiasveraces.com\/index.php?rest_route=\/wp\/v2\/posts\/26309\/revisions"}],"wp:featuredmedia":[{"embeddable":true,"href":"https:\/\/noticiasveraces.com\/index.php?rest_route=\/wp\/v2\/media\/26310"}],"wp:attachment":[{"href":"https:\/\/noticiasveraces.com\/index.php?rest_route=%2Fwp%2Fv2%2Fmedia&parent=26309"}],"wp:term":[{"taxonomy":"category","embeddable":true,"href":"https:\/\/noticiasveraces.com\/index.php?rest_route=%2Fwp%2Fv2%2Fcategories&post=26309"},{"taxonomy":"post_tag","embeddable":true,"href":"https:\/\/noticiasveraces.com\/index.php?rest_route=%2Fwp%2Fv2%2Ftags&post=26309"}],"curies":[{"name":"wp","href":"https:\/\/api.w.org\/{rel}","templated":true}]}}