{"id":26305,"date":"2025-05-08T00:30:16","date_gmt":"2025-05-08T04:30:16","guid":{"rendered":"https:\/\/noticiasveraces.com\/?p=26305"},"modified":"2025-05-08T00:30:16","modified_gmt":"2025-05-08T04:30:16","slug":"macron-a-favor-de-levantar-sanciones-de-ue-y-ee-uu-a-siria-dw-08-05-2025","status":"publish","type":"post","link":"https:\/\/noticiasveraces.com\/?p=26305","title":{"rendered":"Macron a favor de levantar sanciones de UE y EE.UU. a Siria \u2013 DW \u2013 08\/05\/2025"},"content":{"rendered":"<p> \n<\/p>\n<div>\n<p>El presidente franc\u00e9s, Emmanuel Macron, se mostr\u00f3 el mi\u00e9rcoles (07.05.2025) a favor del levantamiento \u00abprogresivo\u00bb de las sanciones europeas sobre Siria y tambi\u00e9n de las que Estados Unidos mantiene sobre ese pa\u00eds.<\/p>\n<p>Macron, en rueda de prensa junto con el presidente sirio de transici\u00f3n, Ahmed al Sharaa, pidi\u00f3 a este que haga \u00abtodo lo posible\u00bb para \u00abasegurar la protecci\u00f3n de todos los sirios, sin excepci\u00f3n\u00bb, tras los episodios de violencia comunitaria ocurridos en ese pa\u00eds en los \u00faltimos meses.<\/p>\n<p>Al Sharaa afirm\u00f3 que las sanciones europeas \u00abconstituyen un obst\u00e1culo\u00bb para la reconstrucci\u00f3n de su pa\u00eds y que \u00abno hay justificaci\u00f3n\u00bb para su continuaci\u00f3n.<\/p>\n<blockquote class=\"tweet embed\" data-id=\"1920143209151238649\"\/>\n<p>Ambos presidentes se reunieron\u00a0en el El\u00edseo, en la primera salida al exterior del islamista Al Sharaa, desde que encabez\u00f3 el derrocamiento del r\u00e9gimen de Bashar al Asad en diciembre pasado.<\/p>\n<h2>Apoyo sujeto a \u00abtransici\u00f3n inclusiva\u00bb<\/h2>\n<p>Macron reiter\u00f3\u00a0el apoyo de Francia a las nuevas autoridades de Damasco, aunque con exigencias en cuanto a la inclusi\u00f3n de todas las comunidades del pa\u00eds en la transici\u00f3n, la continuaci\u00f3n de la lucha contra el terrorismo isl\u00e1mico o que Siria deje finalmente de ser el canal de cooperaci\u00f3n entre Ir\u00e1n y el grupo chi\u00ed liban\u00e9s Hezbol\u00e1.<\/p>\n<p><span data-slot-id=\"Article_InContent-1\" class=\"rich-text-ad\"\/><\/p>\n<p>Macron apost\u00f3 por \u00abel levantamiento progresivo\u00bb de las sanciones econ\u00f3micas europeas si la coalici\u00f3n que encabeza Al Sharaa estabiliza el pa\u00eds, respetando a todos los grupos de poblaci\u00f3n.<\/p>\n<blockquote class=\"tweet embed\" data-id=\"1920175222969229601\"\/>\n<p>Tambi\u00e9n dijo que Par\u00eds mantiene contactos con Washington para que EE.UU. levante tambi\u00e9n sus sanciones contra Siria, aunque sea \u00abcon exigencias\u00bb, y que adem\u00e1s contin\u00fae sus operaciones militares en ese pa\u00eds, porque D\u00e1esh y otros grupos terroristas \u00absiguen presentes\u00bb en suelo sirio.<\/p>\n<p>Macron se\u00f1al\u00f3 que el dirigente sirio \u00abse comprometi\u00f3\u00bb a que los responsables de las matanzas ser\u00e1n perseguidos y juzgados \u00abde manera independiente\u00bb.<\/p>\n<p>Adem\u00e1s, dej\u00f3 claro que Francia mantendr\u00e1 su colaboraci\u00f3n con las fuerzas democr\u00e1ticas sirias y las organizaciones kurdas de Siria. \u00abNunca les hemos fallado (&#8230;) porque ellos tampoco nos han fallado\u00bb, recalc\u00f3.<\/p>\n<p>Al Sharaa afirm\u00f3 que, desde la llegada al poder de las nuevas autoridades, \u00abhemos demostrado que somos un socio fiable en la lucha contra el terrorismo\u00bb.<\/p>\n<p>Macron tambi\u00e9n se mostr\u00f3 favorable a favor del final de los bombardeos que Israel realiza de forma habitual en suelo sirio. \u00abNo aseguras la seguridad de tu pa\u00eds si violas la integridad territorial de los vecinos\u00bb, asever\u00f3.<\/p>\n<p>GS (EFE, AFP, AP, Reuters)<\/p>\n<\/div>\n\n","protected":false},"excerpt":{"rendered":"<p>El presidente franc\u00e9s, Emmanuel Macron, se mostr\u00f3 el mi\u00e9rcoles (07.05.2025) a favor del levantamiento \u00abprogresivo\u00bb de las sanciones europeas sobre Siria y tambi\u00e9n de las que Estados Unidos mantiene sobre ese pa\u00eds. Macron, en rueda de prensa junto con el presidente sirio de transici\u00f3n, Ahmed al Sharaa, pidi\u00f3 a este que haga \u00abtodo lo posible\u00bb &hellip;<\/p>\n","protected":false},"author":1,"featured_media":26306,"comment_status":"open","ping_status":"open","sticky":false,"template":"","format":"standard","meta":{"fifu_image_url":"https:\/\/static.dw.com\/image\/72469456_6.jpg","fifu_image_alt":"","footnotes":""},"categories":[13],"tags":[],"class_list":["post-26305","post","type-post","status-publish","format-standard","has-post-thumbnail","","category-mundo"],"_links":{"self":[{"href":"https:\/\/noticiasveraces.com\/index.php?rest_route=\/wp\/v2\/posts\/26305","targetHints":{"allow":["GET"]}}],"collection":[{"href":"https:\/\/noticiasveraces.com\/index.php?rest_route=\/wp\/v2\/posts"}],"about":[{"href":"https:\/\/noticiasveraces.com\/index.php?rest_route=\/wp\/v2\/types\/post"}],"author":[{"embeddable":true,"href":"https:\/\/noticiasveraces.com\/index.php?rest_route=\/wp\/v2\/users\/1"}],"replies":[{"embeddable":true,"href":"https:\/\/noticiasveraces.com\/index.php?rest_route=%2Fwp%2Fv2%2Fcomments&post=26305"}],"version-history":[{"count":0,"href":"https:\/\/noticiasveraces.com\/index.php?rest_route=\/wp\/v2\/posts\/26305\/revisions"}],"wp:featuredmedia":[{"embeddable":true,"href":"https:\/\/noticiasveraces.com\/index.php?rest_route=\/wp\/v2\/media\/26306"}],"wp:attachment":[{"href":"https:\/\/noticiasveraces.com\/index.php?rest_route=%2Fwp%2Fv2%2Fmedia&parent=26305"}],"wp:term":[{"taxonomy":"category","embeddable":true,"href":"https:\/\/noticiasveraces.com\/index.php?rest_route=%2Fwp%2Fv2%2Fcategories&post=26305"},{"taxonomy":"post_tag","embeddable":true,"href":"https:\/\/noticiasveraces.com\/index.php?rest_route=%2Fwp%2Fv2%2Ftags&post=26305"}],"curies":[{"name":"wp","href":"https:\/\/api.w.org\/{rel}","templated":true}]}}