{"id":26294,"date":"2025-05-07T23:29:14","date_gmt":"2025-05-08T03:29:14","guid":{"rendered":"https:\/\/noticiasveraces.com\/?p=26294"},"modified":"2025-05-07T23:29:14","modified_gmt":"2025-05-08T03:29:14","slug":"ue-ofrece-a-israel-repartir-ayuda-humanitaria-en-gaza-dw-08-05-2025","status":"publish","type":"post","link":"https:\/\/noticiasveraces.com\/?p=26294","title":{"rendered":"UE ofrece a Israel repartir ayuda humanitaria en Gaza \u2013 DW \u2013 08\/05\/2025"},"content":{"rendered":"<p> \n<\/p>\n<div>\n<p>La Uni\u00f3n Europea le ofreci\u00f3 a Israel distribuir ayuda humanitaria en Gaza tras dos meses de bloqueo por parte de las autoridades israel\u00edes, \u00absi no conf\u00eda\u201d en otras organizaciones sobre el terreno, dijo el mi\u00e9rcoles (07.05.2025) la alta representante de la UE para Asuntos Exteriores y Seguridad, Kaja Kallas.<\/p>\n<p>\u00abEs un gran problema que la ayuda humanitaria no llegue a la poblaci\u00f3n. Habl\u00e9 ayer con el ministro (israel\u00ed de Exteriores, Gideon) Saar, ofrec\u00ed tambi\u00e9n ayuda de la Uni\u00f3n Europea para distribuir la ayuda humanitaria si no conf\u00edan en los otros actores all\u00ed\u201d, afirm\u00f3 Kallas ante la prensa a su llegada a una reuni\u00f3n informal de titulares comunitarios de Exteriores.<\/p>\n<p>\u00abEstamos intentando hacer lo que est\u00e1 en nuestras manos para ayudar\u201d, agreg\u00f3.<\/p>\n<p>Horas antes, Kallas public\u00f3 una declaraci\u00f3n conjunta con las comisarias europeas de Preparaci\u00f3n y Gesti\u00f3n de Crisis e Igualdad, Hadja Lahbib, y del Mediterr\u00e1neo, Dubravka Suika, en la que reiteraron su \u00abllamamiento urgente a Israel para que levante inmediatamente el bloqueo de Gaza\u201d, el m\u00e1s prolongado al que se ha enfrentado nunca la Franja, recordaron.<\/p>\n<p>En el comunicado, tambi\u00e9n expresaron la preocupaci\u00f3n de la UE por el nuevo \u00abmecanismo de entrega de ayuda a Gaza, aprobado al parecer por el gabinete de seguridad israel\u00ed el 4 de mayo, que va en contra de los principios humanitarios, como subrayan las agencias de la ONU y los socios humanitarios\u201d.<\/p>\n<p>Ese mecanismo, dijeron, transferir\u00eda la responsabilidad de la distribuci\u00f3n de la ayuda a agentes internacionales no humanitarios y a contratistas privados de seguridad.<\/p>\n<p>Kallas insisti\u00f3 en que la UE defiende una soluci\u00f3n de dos Estados y que sobre la \u00abinsostenible\u201d p\u00e9rdida de vidas humanas en Gaza la UE \u00abse ha hecho o\u00edr\u201d ante Israel.<\/p>\n<p>GS (EFE, DPA)<\/p>\n<\/div>\n\n","protected":false},"excerpt":{"rendered":"<p>La Uni\u00f3n Europea le ofreci\u00f3 a Israel distribuir ayuda humanitaria en Gaza tras dos meses de bloqueo por parte de las autoridades israel\u00edes, \u00absi no conf\u00eda\u201d en otras organizaciones sobre el terreno, dijo el mi\u00e9rcoles (07.05.2025) la alta representante de la UE para Asuntos Exteriores y Seguridad, Kaja Kallas. \u00abEs un gran problema que la &hellip;<\/p>\n","protected":false},"author":1,"featured_media":26295,"comment_status":"open","ping_status":"open","sticky":false,"template":"","format":"standard","meta":{"fifu_image_url":"https:\/\/static.dw.com\/image\/72468927_6.jpg","fifu_image_alt":"","footnotes":""},"categories":[13],"tags":[],"class_list":["post-26294","post","type-post","status-publish","format-standard","has-post-thumbnail","","category-mundo"],"_links":{"self":[{"href":"https:\/\/noticiasveraces.com\/index.php?rest_route=\/wp\/v2\/posts\/26294","targetHints":{"allow":["GET"]}}],"collection":[{"href":"https:\/\/noticiasveraces.com\/index.php?rest_route=\/wp\/v2\/posts"}],"about":[{"href":"https:\/\/noticiasveraces.com\/index.php?rest_route=\/wp\/v2\/types\/post"}],"author":[{"embeddable":true,"href":"https:\/\/noticiasveraces.com\/index.php?rest_route=\/wp\/v2\/users\/1"}],"replies":[{"embeddable":true,"href":"https:\/\/noticiasveraces.com\/index.php?rest_route=%2Fwp%2Fv2%2Fcomments&post=26294"}],"version-history":[{"count":0,"href":"https:\/\/noticiasveraces.com\/index.php?rest_route=\/wp\/v2\/posts\/26294\/revisions"}],"wp:featuredmedia":[{"embeddable":true,"href":"https:\/\/noticiasveraces.com\/index.php?rest_route=\/wp\/v2\/media\/26295"}],"wp:attachment":[{"href":"https:\/\/noticiasveraces.com\/index.php?rest_route=%2Fwp%2Fv2%2Fmedia&parent=26294"}],"wp:term":[{"taxonomy":"category","embeddable":true,"href":"https:\/\/noticiasveraces.com\/index.php?rest_route=%2Fwp%2Fv2%2Fcategories&post=26294"},{"taxonomy":"post_tag","embeddable":true,"href":"https:\/\/noticiasveraces.com\/index.php?rest_route=%2Fwp%2Fv2%2Ftags&post=26294"}],"curies":[{"name":"wp","href":"https:\/\/api.w.org\/{rel}","templated":true}]}}