{"id":26292,"date":"2025-05-07T23:25:12","date_gmt":"2025-05-08T03:25:12","guid":{"rendered":"https:\/\/noticiasveraces.com\/?p=26292"},"modified":"2025-05-07T23:25:12","modified_gmt":"2025-05-08T03:25:12","slug":"los-fanaticos-de-pearl-jam-simplemente-descubren-que-nombre-significa-el-nombre-de-la-banda-despues-de-35-anos-musica-entretenimiento","status":"publish","type":"post","link":"https:\/\/noticiasveraces.com\/?p=26292","title":{"rendered":"Los fan\u00e1ticos de Pearl Jam simplemente descubren qu\u00e9 nombre significa el nombre de la banda despu\u00e9s de 35 a\u00f1os | M\u00fasica | Entretenimiento"},"content":{"rendered":"<p> \n<\/p>\n<div>\n<p>Los fan\u00e1ticos de la m\u00fasica siempre est\u00e1n ansiosos por profundizar en los hechos menos conocidos sobre sus bandas favoritas, y uno de esos detalles intrigantes rodea al legendario grupo de rock Pearl Jam. Saliendo de Seattle en 1990, Pearl Jam se convirti\u00f3 en una fuerza fundamental en el movimiento grunge que defini\u00f3 a principios de los 90. Pearl Jam no solo super\u00f3 a muchos de sus contempor\u00e1neos en t\u00e9rminos de ventas y longevidad, sino que tambi\u00e9n se consideran ampliamente considerados como una de las bandas m\u00e1s seminales de la \u00e9poca.<\/p>\n<p>Desde 1998, la alineaci\u00f3n estable de la banda ha incluido al bajista Jeff Ament, los guitarristas Stone Gossard y Mike McCready, el vocalista\/guitarrista Eddie Vedder y el baterista Matt Cameron. Adem\u00e1s, el tecladista Boom Gaspar ha sido una sesi\u00f3n integral y miembro de gira desde 2002.<\/p>\n<p>La historia de la banda tambi\u00e9n presenta a los ex bateristas Dave Krusen, Matt Chamberlain, Dave Abbruzzese y Jack Irons. Si bien muchos fan\u00e1ticos pueden cantar con \u00e9xitos como \u00abBlack\u00bb, \u00abEven Flow\u00bb y \u00abJust Breathe\u00bb, hay una trivia musical que podr\u00eda no ser tan conocida: el origen del nombre de la banda.<\/p>\n<p>Este tema provoc\u00f3 curiosidad en plataformas como Reddit y Quora, con un usuario que plantea la pregunta: \u00ab\u00bfDe d\u00f3nde recibi\u00f3 Pearl Jam?\u00bb Esto provoc\u00f3 una gran cantidad de respuestas, incluida una persona que se\u00f1al\u00f3: \u00abEddie desde que la infancia fue un surfista.<\/p>\n<p>\u00abPearl es un t\u00e9rmino en el surf que se refiere a sumergir la parte delantera o la nariz de su tabla. Tambi\u00e9n ten\u00eda una bisabuela con el mismo nombre\u00bb.<\/p>\n<\/div>\n<div>\n<p>Agregaron: \u00abLa banda en s\u00ed misma a menudo alimenta la informaci\u00f3n falsa que rodea su nombre. La parte de JAM se inspir\u00f3 en Neil Young y sus legendarias mermeladas, aunque la banda tiene la misma t\u00e9cnica en los espect\u00e1culos en vivo.<\/p>\n<p>\u00abEn \u00faltima instancia, no pudieron usar su nombre elegido de Mookie Blaylock despu\u00e9s del armador debido a los derechos\/problemas legales. Esto provoc\u00f3 la b\u00fasqueda de un nuevo nombre\u00bb.<\/p>\n<p>Otro comentario dec\u00eda: \u00abPearl Jam obtuvo su nombre de una combinaci\u00f3n de influencias. La banda fue inicialmente conocida como &#8216;Mookie Blaylock&#8217;, despu\u00e9s del jugador de la NBA. Sin embargo, antes de su \u00e1lbum debut, cambiaron su nombre a Pearl Jam.<\/p>\n<p>\u00abEl nombre &#8216;Pearl&#8217; se inspir\u00f3 en el nombre de la madre del guitarrista Stone Gossard, quien ten\u00eda una receta de atasco por la que era conocida. La adici\u00f3n de &#8216;Jam&#8217; refleja el estilo de improvisaci\u00f3n de la banda en su m\u00fasica. El nombre tambi\u00e9n fue influenciado por la idea de una &#8216;perla&#8217; que representa algo precioso y \u00fanico, que se alinea con la identidad art\u00edstica de la banda\u00bb.<\/p>\n<\/div>\n<div>\n<h3>\u00bfQu\u00e9 significa Pearl Jam?<\/h3>\n<p>Antes de convertirse en Pearl Jam, la banda era conocida como Mookie Blaylock, que era una referencia al jugador de baloncesto de la d\u00e9cada de 1990 que era un armador para varios equipos como los New Jersey Nets.<\/p>\n<p>Bajo este apodo, realizaron varios conciertos en Seattle. Meses despu\u00e9s, la banda se calent\u00f3 para Alice in Chains en el Teatro Moore y firm\u00f3 un acuerdo con Epic Records; Sin embargo, se vieron obligados a elegir un nuevo nombre.<\/p>\n<p>Con respecto al origen de Pearl Jam, inicialmente, se afirm\u00f3 que era bastante sentimental. En una entrevista temprana, el l\u00edder Eddie Vedder sugiri\u00f3 que el nombre era un homenaje sincero para su bisabuela, Pearl.<\/p>\n<p>La historia era que se cas\u00f3 con una nativa americana famosa por inventar una receta de mermelada \u00fanica con infusi\u00f3n de peyote. Sin embargo, en una entrevista de 2006, Vedder admiti\u00f3 que esta historia de fondo era \u00abTotal Bull ****\u00bb. No obstante, ten\u00eda una bisabuela llamada Pearl.<\/p>\n<p>Posteriormente, los miembros de la banda Jeff Ament y Mike McCready buscaron aclarar los or\u00edgenes, afirmando que AMent se le ocurri\u00f3 \u00abPearl\u00bb para la banda, y el nombre completo de Pearl Jam surgi\u00f3 despu\u00e9s de asistir a un concierto de Neil Young. En este evento, las actuaciones extendidas de Young, o \u00abmermeladas\u00bb, supuestamente duraron m\u00e1s de 20 minutos cada una.<\/p>\n<\/div>\n\n","protected":false},"excerpt":{"rendered":"<p>Los fan\u00e1ticos de la m\u00fasica siempre est\u00e1n ansiosos por profundizar en los hechos menos conocidos sobre sus bandas favoritas, y uno de esos detalles intrigantes rodea al legendario grupo de rock Pearl Jam. Saliendo de Seattle en 1990, Pearl Jam se convirti\u00f3 en una fuerza fundamental en el movimiento grunge que defini\u00f3 a principios de &hellip;<\/p>\n","protected":false},"author":1,"featured_media":26293,"comment_status":"open","ping_status":"open","sticky":false,"template":"","format":"standard","meta":{"fifu_image_url":"https:\/\/cdn.images.express.co.uk\/img\/dynamic\/35\/1200x630\/6145724.jpg","fifu_image_alt":"","footnotes":""},"categories":[766],"tags":[],"class_list":["post-26292","post","type-post","status-publish","format-standard","has-post-thumbnail","","category-musica"],"_links":{"self":[{"href":"https:\/\/noticiasveraces.com\/index.php?rest_route=\/wp\/v2\/posts\/26292","targetHints":{"allow":["GET"]}}],"collection":[{"href":"https:\/\/noticiasveraces.com\/index.php?rest_route=\/wp\/v2\/posts"}],"about":[{"href":"https:\/\/noticiasveraces.com\/index.php?rest_route=\/wp\/v2\/types\/post"}],"author":[{"embeddable":true,"href":"https:\/\/noticiasveraces.com\/index.php?rest_route=\/wp\/v2\/users\/1"}],"replies":[{"embeddable":true,"href":"https:\/\/noticiasveraces.com\/index.php?rest_route=%2Fwp%2Fv2%2Fcomments&post=26292"}],"version-history":[{"count":0,"href":"https:\/\/noticiasveraces.com\/index.php?rest_route=\/wp\/v2\/posts\/26292\/revisions"}],"wp:featuredmedia":[{"embeddable":true,"href":"https:\/\/noticiasveraces.com\/index.php?rest_route=\/wp\/v2\/media\/26293"}],"wp:attachment":[{"href":"https:\/\/noticiasveraces.com\/index.php?rest_route=%2Fwp%2Fv2%2Fmedia&parent=26292"}],"wp:term":[{"taxonomy":"category","embeddable":true,"href":"https:\/\/noticiasveraces.com\/index.php?rest_route=%2Fwp%2Fv2%2Fcategories&post=26292"},{"taxonomy":"post_tag","embeddable":true,"href":"https:\/\/noticiasveraces.com\/index.php?rest_route=%2Fwp%2Fv2%2Ftags&post=26292"}],"curies":[{"name":"wp","href":"https:\/\/api.w.org\/{rel}","templated":true}]}}