{"id":26269,"date":"2025-05-07T19:19:49","date_gmt":"2025-05-07T23:19:49","guid":{"rendered":"https:\/\/noticiasveraces.com\/?p=26269"},"modified":"2025-05-07T19:19:49","modified_gmt":"2025-05-07T23:19:49","slug":"conclave-papal-eventual-el-nombre-elegido-del-nuevo-pope-puede-indicar-lo-que-esta-por-delante","status":"publish","type":"post","link":"https:\/\/noticiasveraces.com\/?p=26269","title":{"rendered":"C\u00f3nclave papal: eventual el nombre elegido del nuevo Pope puede indicar lo que est\u00e1 por delante"},"content":{"rendered":"<p> \n<\/p>\n<div>\n<p class=\"speakable\">Una vez que se vota un nuevo Papa, el nombre que elige podr\u00eda indicar la direcci\u00f3n que la Iglesia Cat\u00f3lica se mueve en los pr\u00f3ximos a\u00f1os.<\/p>\n<p class=\"speakable\">El anuncio \u00abHabemus pap\u00e1\u00bb, o \u00abTenemos un Papa\u00bb, estar\u00e1 hecho desde el balc\u00f3n de la Bas\u00edlica de San Pedro. Luego ser\u00e1 seguido por el nombre bautismal del pont\u00edfice en lat\u00edn, junto con su nombre y significado papal elegido.<\/p>\n<p>Si el Papa elige ir con el Papa Francisco II, podr\u00eda significar la continuidad con el legado pastoral del Pontiff, aunque el propio Francisco brome\u00f3 que quien lo suceda ser\u00eda John XXIV, que lleva el nombre del Papa del Vaticano I-I-Era.<\/p>\n<p>En el siglo XX, el nombre m\u00e1s popular para los papas era P\u00edo, y si se eligi\u00f3, eso podr\u00eda indicar que un tradicionalista est\u00e1 recuperando el trono de San Pedro.<\/p>\n<p><strong>El salario del Papa: \u00bfC\u00f3mo se paga al pont\u00edfice?<\/strong><\/p>\n<div class=\"image-ct inline\">\n<div class=\"m\"><picture><source media=\"(max-width: 767px)\" srcset=\"https:\/\/a57.foxnews.com\/static.foxnews.com\/foxnews.com\/content\/uploads\/2020\/01\/343\/192\/Popes.jpg?ve=1&amp;tl=1, https:\/\/a57.foxnews.com\/static.foxnews.com\/foxnews.com\/content\/uploads\/2020\/01\/686\/384\/Popes.jpg?ve=1&amp;tl=1 2x\" height=\"192\" width=\"343\"><source media=\"(min-width: 768px) and (max-width: 1023px)\" srcset=\"https:\/\/a57.foxnews.com\/static.foxnews.com\/foxnews.com\/content\/uploads\/2020\/01\/672\/378\/Popes.jpg?ve=1&amp;tl=1, https:\/\/a57.foxnews.com\/static.foxnews.com\/foxnews.com\/content\/uploads\/2020\/01\/1344\/756\/Popes.jpg?ve=1&amp;tl=1 2x\" height=\"378\" width=\"672\"><source media=\"(min-width: 1024px) and (max-width: 1279px)\" srcset=\"https:\/\/a57.foxnews.com\/static.foxnews.com\/foxnews.com\/content\/uploads\/2020\/01\/931\/523\/Popes.jpg?ve=1&amp;tl=1, https:\/\/a57.foxnews.com\/static.foxnews.com\/foxnews.com\/content\/uploads\/2020\/01\/1862\/1046\/Popes.jpg?ve=1&amp;tl=1 2x\" height=\"523\" width=\"931\"><source media=\"(min-width: 1280px)\" srcset=\"https:\/\/a57.foxnews.com\/static.foxnews.com\/foxnews.com\/content\/uploads\/2020\/01\/720\/405\/Popes.jpg?ve=1&amp;tl=1, https:\/\/a57.foxnews.com\/static.foxnews.com\/foxnews.com\/content\/uploads\/2020\/01\/1440\/810\/Popes.jpg?ve=1&amp;tl=1 2x\" height=\"405\" width=\"720\"><img loading=\"lazy\" decoding=\"async\" src=\"https:\/\/a57.foxnews.com\/static.foxnews.com\/foxnews.com\/content\/uploads\/2020\/01\/1200\/675\/Popes.jpg?ve=1&amp;tl=1\" alt=\"Papa Francisco y Papa Em\u00e9rito Benedicto XVI\" width=\"1200\" height=\"675\"\/><\/source><\/source><\/source><\/source><\/picture><\/div>\n<div class=\"info\">\n<div class=\"caption\">\n<p><span>El Papa Francisco, a la derecha, saluda al Papa Benedicto XVI antes del comienzo de una reuni\u00f3n con los fieles de ancianos en la Plaza de San Pedro en el Vaticano el 28 de septiembre de 2014.<\/span> <span>(AP Photo\/Gregorio Borgia\/File)<\/span><\/p>\n<\/div>\n<\/div>\n<\/div>\n<p>\u00abEn los recovecos m\u00e1s profundos de su mente, cuando comienzan el c\u00f3nclave, todos entrar\u00e1n all\u00ed con un nombre en la cabeza\u00bb, dijo Natalia Imperatori-Lee, presidenta de estudios religiosos en la Universidad de Manhattan, a The Associated Press.<\/p>\n<p>Durante la mayor\u00eda de los primeros 1,000 a\u00f1os de la iglesia, los papas usaron sus nombres de pila, aunque la primera excepci\u00f3n fue Roman Mercurius en el siglo VI, quien fue nombrado por un Dios pagano y eligi\u00f3 el nombre de Juan II.<\/p>\n<p>Adoptar un nombre se convirti\u00f3 en una pr\u00e1ctica com\u00fan durante el siglo XI, un per\u00edodo de papas alemanes que eligi\u00f3 los nombres de los primeros obispos de un \u00abdeseo de significar continuidad\u00bb, dijo el Rev. Roberto Regoli, historiador de la Pontificio Gregorian de Roma, a The Wire Service.<\/p>\n<p><strong>Los cardenales se re\u00fanen en st. Bas\u00edlica de Peter para la masa final antes del c\u00f3nclave para elegir el nuevo Papa<\/strong><\/p>\n<div class=\"image-ct inline\">\n<div class=\"m\"><picture><source media=\"(max-width: 767px)\" srcset=\"https:\/\/a57.foxnews.com\/static.foxnews.com\/foxnews.com\/content\/uploads\/2025\/04\/343\/192\/pope6.png?ve=1&amp;tl=1, https:\/\/a57.foxnews.com\/static.foxnews.com\/foxnews.com\/content\/uploads\/2025\/04\/686\/384\/pope6.png?ve=1&amp;tl=1 2x\" height=\"192\" width=\"343\"><source media=\"(min-width: 768px) and (max-width: 1023px)\" srcset=\"https:\/\/a57.foxnews.com\/static.foxnews.com\/foxnews.com\/content\/uploads\/2025\/04\/672\/378\/pope6.png?ve=1&amp;tl=1, https:\/\/a57.foxnews.com\/static.foxnews.com\/foxnews.com\/content\/uploads\/2025\/04\/1344\/756\/pope6.png?ve=1&amp;tl=1 2x\" height=\"378\" width=\"672\"><source media=\"(min-width: 1024px) and (max-width: 1279px)\" srcset=\"https:\/\/a57.foxnews.com\/static.foxnews.com\/foxnews.com\/content\/uploads\/2025\/04\/931\/523\/pope6.png?ve=1&amp;tl=1, https:\/\/a57.foxnews.com\/static.foxnews.com\/foxnews.com\/content\/uploads\/2025\/04\/1862\/1046\/pope6.png?ve=1&amp;tl=1 2x\" height=\"523\" width=\"931\"><source media=\"(min-width: 1280px)\" srcset=\"https:\/\/a57.foxnews.com\/static.foxnews.com\/foxnews.com\/content\/uploads\/2025\/04\/720\/405\/pope6.png?ve=1&amp;tl=1, https:\/\/a57.foxnews.com\/static.foxnews.com\/foxnews.com\/content\/uploads\/2025\/04\/1440\/810\/pope6.png?ve=1&amp;tl=1 2x\" height=\"405\" width=\"720\"><img loading=\"lazy\" decoding=\"async\" src=\"https:\/\/a57.foxnews.com\/static.foxnews.com\/foxnews.com\/content\/uploads\/2025\/04\/1200\/675\/pope6.png?ve=1&amp;tl=1\" alt=\"Ronald Reagan y el Papa Juan Pablo II\" width=\"1200\" height=\"675\"\/><\/source><\/source><\/source><\/source><\/picture><\/div>\n<div class=\"info\">\n<div class=\"caption\">\n<p><span>El presidente Ronald Reagan se sienta con el Papa Juan Pablo II en la mansi\u00f3n de Vizcaya el 10 de septiembre de 1987.<\/span> <span>(Getty Images)<\/span><\/p>\n<\/div>\n<\/div>\n<\/div>\n<p>No fue sino hasta mediados del siglo XX que los nuevos papas comenzaron a elegir nombres que indiquen la direcci\u00f3n de su papado, agreg\u00f3 Regoli.<\/p>\n<p>\u00abIncluso ahora, mientras estamos esperando al nuevo Papa, el nombre con el que se presentar\u00e1 a s\u00ed mismo nos ayudar\u00e1 a comprender el horizonte hacia el cual quiere continuar\u00bb, dijo Regoli.<\/p>\n<p>Nombres como Urban e Innocent no se han utilizado durante siglos, y Imperatori-Lee dijo que no cre\u00eda que nadie elegir\u00eda a este \u00faltimo, dados el abuso y los esc\u00e1ndalos que han sacudido la iglesia.<\/p>\n<p><strong><u>El Colegio de Cardenales se re\u00fane para elegir al pr\u00f3ximo Papa. \u00bfQui\u00e9n ser\u00e1?<\/u><\/strong><\/p>\n<div class=\"image-ct inline\">\n<div class=\"m\"><picture><source media=\"(max-width: 767px)\" srcset=\"https:\/\/a57.foxnews.com\/static.foxnews.com\/foxnews.com\/content\/uploads\/2023\/03\/343\/192\/Pope-benedict-XVI.jpg?ve=1&amp;tl=1, https:\/\/a57.foxnews.com\/static.foxnews.com\/foxnews.com\/content\/uploads\/2023\/03\/686\/384\/Pope-benedict-XVI.jpg?ve=1&amp;tl=1 2x\" height=\"192\" width=\"343\"><source media=\"(min-width: 768px) and (max-width: 1023px)\" srcset=\"https:\/\/a57.foxnews.com\/static.foxnews.com\/foxnews.com\/content\/uploads\/2023\/03\/672\/378\/Pope-benedict-XVI.jpg?ve=1&amp;tl=1, https:\/\/a57.foxnews.com\/static.foxnews.com\/foxnews.com\/content\/uploads\/2023\/03\/1344\/756\/Pope-benedict-XVI.jpg?ve=1&amp;tl=1 2x\" height=\"378\" width=\"672\"><source media=\"(min-width: 1024px) and (max-width: 1279px)\" srcset=\"https:\/\/a57.foxnews.com\/static.foxnews.com\/foxnews.com\/content\/uploads\/2023\/03\/931\/523\/Pope-benedict-XVI.jpg?ve=1&amp;tl=1, https:\/\/a57.foxnews.com\/static.foxnews.com\/foxnews.com\/content\/uploads\/2023\/03\/1862\/1046\/Pope-benedict-XVI.jpg?ve=1&amp;tl=1 2x\" height=\"523\" width=\"931\"><source media=\"(min-width: 1280px)\" srcset=\"https:\/\/a57.foxnews.com\/static.foxnews.com\/foxnews.com\/content\/uploads\/2023\/03\/720\/405\/Pope-benedict-XVI.jpg?ve=1&amp;tl=1, https:\/\/a57.foxnews.com\/static.foxnews.com\/foxnews.com\/content\/uploads\/2023\/03\/1440\/810\/Pope-benedict-XVI.jpg?ve=1&amp;tl=1 2x\" height=\"405\" width=\"720\"><img loading=\"lazy\" decoding=\"async\" src=\"https:\/\/a57.foxnews.com\/static.foxnews.com\/foxnews.com\/content\/uploads\/2023\/03\/1200\/675\/Pope-benedict-XVI.jpg?ve=1&amp;tl=1\" alt=\"Papa Benedicto XVI\" width=\"1200\" height=\"675\"\/><\/source><\/source><\/source><\/source><\/picture><\/div>\n<div class=\"info\">\n<div class=\"caption\">\n<p><span>El Papa Benedicto XVI saluda a la multitud reunida en la Plaza de San Marcos en Venecia mientras cruzaba la plaza en un carro el\u00e9ctrico el 7 de mayo de 2011.<\/span> <span>(Marco Secchi\/Getty Images)<\/span><\/p>\n<\/div>\n<\/div>\n<\/div>\n<p>\u00abNo creo que esa sea la elecci\u00f3n correcta\u00bb, dijo.<\/p>\n<p>Los nombres m\u00e1s recientes elegidos incluyen Francis, Benedicto y John Paul.<\/p>\n<p>El AP dijo que Francis se\u00f1al\u00f3 un papado centrado en aquellos que a menudo son vistos como extra\u00f1os, incluidos los pobres, los prisioneros y la comunidad LGBTQ+, al tiempo que promueven la paz, la hermandad y el cuidado del medio ambiente.<\/p>\n<p><strong><u>Papal Pulse: los cat\u00f3licos cotidianos revelan sus esperanzas para el pr\u00f3ximo Papa<\/u><\/strong><\/p>\n<div class=\"image-ct inline\">\n<div class=\"m\"><picture><source media=\"(max-width: 767px)\" srcset=\"https:\/\/a57.foxnews.com\/static.foxnews.com\/foxnews.com\/content\/uploads\/2023\/06\/343\/192\/francis25-1.jpg?ve=1&amp;tl=1, https:\/\/a57.foxnews.com\/static.foxnews.com\/foxnews.com\/content\/uploads\/2023\/06\/686\/384\/francis25-1.jpg?ve=1&amp;tl=1 2x\" height=\"192\" width=\"343\"><source media=\"(min-width: 768px) and (max-width: 1023px)\" srcset=\"https:\/\/a57.foxnews.com\/static.foxnews.com\/foxnews.com\/content\/uploads\/2023\/06\/672\/378\/francis25-1.jpg?ve=1&amp;tl=1, https:\/\/a57.foxnews.com\/static.foxnews.com\/foxnews.com\/content\/uploads\/2023\/06\/1344\/756\/francis25-1.jpg?ve=1&amp;tl=1 2x\" height=\"378\" width=\"672\"><source media=\"(min-width: 1024px) and (max-width: 1279px)\" srcset=\"https:\/\/a57.foxnews.com\/static.foxnews.com\/foxnews.com\/content\/uploads\/2023\/06\/931\/523\/francis25-1.jpg?ve=1&amp;tl=1, https:\/\/a57.foxnews.com\/static.foxnews.com\/foxnews.com\/content\/uploads\/2023\/06\/1862\/1046\/francis25-1.jpg?ve=1&amp;tl=1 2x\" height=\"523\" width=\"931\"><source media=\"(min-width: 1280px)\" srcset=\"https:\/\/a57.foxnews.com\/static.foxnews.com\/foxnews.com\/content\/uploads\/2023\/06\/720\/405\/francis25-1.jpg?ve=1&amp;tl=1, https:\/\/a57.foxnews.com\/static.foxnews.com\/foxnews.com\/content\/uploads\/2023\/06\/1440\/810\/francis25-1.jpg?ve=1&amp;tl=1 2x\" height=\"405\" width=\"720\"><img loading=\"lazy\" decoding=\"async\" src=\"https:\/\/a57.foxnews.com\/static.foxnews.com\/foxnews.com\/content\/uploads\/2023\/06\/1200\/675\/francis25-1.jpg?ve=1&amp;tl=1\" alt=\"El Papa Francisco libera una paloma\" width=\"1200\" height=\"675\"\/><\/source><\/source><\/source><\/source><\/picture><\/div>\n<div class=\"info\">\n<div class=\"caption\">\n<p><span>El Papa Francisco libera una paloma despu\u00e9s de una reuni\u00f3n con otros l\u00edderes religiosos en la Bas\u00edlica Pontificia de San Nicol\u00e1s en Bari en la regi\u00f3n de Apulia en el sur de Italia el 7 de julio de 2018.<\/span> <span>(Alberto Pizzoli\/AFP a trav\u00e9s de Getty Images)<\/span><\/p>\n<\/div>\n<\/div>\n<\/div>\n<p>Benedict, quien fue elegido en 2005, fue elegido porque quer\u00eda rendir homenaje a Benedicto XV, quien dirigi\u00f3 la Iglesia Cat\u00f3lica durante la Primera Guerra Mundial y se dedic\u00f3 a curar las grietas de la guerra.<\/p>\n<p>John Paul eligi\u00f3 su nombre, se\u00f1alando un compromiso con las reformas, incluido el margen de la masa latina a favor de los idiomas locales y otras religiones, m\u00e1s significativamente juda\u00edsmo.<\/p>\n<p>Pero sigue siendo una nueva opci\u00f3n de Pope para elegir un nombre nunca antes usado.<\/p>\n<p>\u00abEsto abrir\u00eda una nueva temporada y podr\u00eda significar que su programa no est\u00e1 en l\u00ednea con ninguno de sus predecesores, por lo que un programa a\u00fan m\u00e1s personalizado\u00bb, dijo Regoli.<\/p>\n<p><strong><u>Haga clic aqu\u00ed para llegar a la aplicaci\u00f3n Fox News<\/u><\/strong><\/p>\n<p>Imperatori-Lee sugiri\u00f3 otro nombre que podr\u00eda indicar una continuaci\u00f3n del legado de Francis: Ignacio, para el fundador de la orden jesuita de Francis.<\/p>\n<p>\u00abSer\u00eda interesante\u00bb, dijo. \u00abNunca hemos tenido uno de esos\u00bb.<\/p>\n<p><i>Associated Press contribuy\u00f3 a este informe.<\/i><\/p>\n<p> <!----> <\/p>\n<div class=\"article-meta\">\n<div class=\"author-bio\">\n<p>Greg Wehner es un reportero de noticias de Fox News Digital.<\/p>\n<p>Los consejos e ideas de la historia se pueden enviar a greg.wehner@fox.com y en Twitter @Gregwehner.<\/p>\n<\/div>\n<\/div>\n<\/div>\n\n","protected":false},"excerpt":{"rendered":"<p>Una vez que se vota un nuevo Papa, el nombre que elige podr\u00eda indicar la direcci\u00f3n que la Iglesia Cat\u00f3lica se mueve en los pr\u00f3ximos a\u00f1os. El anuncio \u00abHabemus pap\u00e1\u00bb, o \u00abTenemos un Papa\u00bb, estar\u00e1 hecho desde el balc\u00f3n de la Bas\u00edlica de San Pedro. Luego ser\u00e1 seguido por el nombre bautismal del pont\u00edfice en &hellip;<\/p>\n","protected":false},"author":1,"featured_media":26271,"comment_status":"open","ping_status":"open","sticky":false,"template":"","format":"standard","meta":{"fifu_image_url":"https:\/\/static.foxnews.com\/foxnews.com\/content\/uploads\/2020\/01\/Popes.jpg","fifu_image_alt":"","footnotes":""},"categories":[13],"tags":[],"class_list":["post-26269","post","type-post","status-publish","format-standard","has-post-thumbnail","","category-mundo"],"_links":{"self":[{"href":"https:\/\/noticiasveraces.com\/index.php?rest_route=\/wp\/v2\/posts\/26269","targetHints":{"allow":["GET"]}}],"collection":[{"href":"https:\/\/noticiasveraces.com\/index.php?rest_route=\/wp\/v2\/posts"}],"about":[{"href":"https:\/\/noticiasveraces.com\/index.php?rest_route=\/wp\/v2\/types\/post"}],"author":[{"embeddable":true,"href":"https:\/\/noticiasveraces.com\/index.php?rest_route=\/wp\/v2\/users\/1"}],"replies":[{"embeddable":true,"href":"https:\/\/noticiasveraces.com\/index.php?rest_route=%2Fwp%2Fv2%2Fcomments&post=26269"}],"version-history":[{"count":0,"href":"https:\/\/noticiasveraces.com\/index.php?rest_route=\/wp\/v2\/posts\/26269\/revisions"}],"wp:featuredmedia":[{"embeddable":true,"href":"https:\/\/noticiasveraces.com\/index.php?rest_route=\/wp\/v2\/media\/26271"}],"wp:attachment":[{"href":"https:\/\/noticiasveraces.com\/index.php?rest_route=%2Fwp%2Fv2%2Fmedia&parent=26269"}],"wp:term":[{"taxonomy":"category","embeddable":true,"href":"https:\/\/noticiasveraces.com\/index.php?rest_route=%2Fwp%2Fv2%2Fcategories&post=26269"},{"taxonomy":"post_tag","embeddable":true,"href":"https:\/\/noticiasveraces.com\/index.php?rest_route=%2Fwp%2Fv2%2Ftags&post=26269"}],"curies":[{"name":"wp","href":"https:\/\/api.w.org\/{rel}","templated":true}]}}