{"id":26267,"date":"2025-05-07T18:19:17","date_gmt":"2025-05-07T22:19:17","guid":{"rendered":"https:\/\/noticiasveraces.com\/?p=26267"},"modified":"2025-05-07T18:19:17","modified_gmt":"2025-05-07T22:19:17","slug":"moscu-instrumentaliza-la-victoria-en-la-ii-guerra-mundial-dw-07-05-2025","status":"publish","type":"post","link":"https:\/\/noticiasveraces.com\/?p=26267","title":{"rendered":"Mosc\u00fa instrumentaliza la victoria en la II Guerra Mundial \u2013 DW \u2013 07\/05\/2025"},"content":{"rendered":"<p> \n<\/p>\n<div>\n<p>Antes del gran desfile militar del 9 de mayo en la Plaza Roja de Mosc\u00fa, sobre todo los j\u00f3venes rusos\u00a0celebran\u00a0el 80 aniversario de la victoria sobre la Alemania nazi. La imaginaci\u00f3n de sus padres y de los organizadores estatales no parece tener l\u00edmites.<\/p>\n<p>En una cl\u00ednica de maternidad en la ciudad siberiana de Kemerovo, los reci\u00e9n nacidos son disfrazados de soldados de infanter\u00eda. Seg\u00fan la direcci\u00f3n de la cl\u00ednica, el \u00abconmovedor\u00bb\u00a0disfraz, con gorra de campa\u00f1a y un saco de dormir verde oliva, simboliza la \u00abconexi\u00f3n entre generaciones\u00bb.<\/p>\n<p>\u00abRecuerden que hasta el ciudadano m\u00e1s peque\u00f1o de Rusia forma parte de la gran historia\u00bb, afirma.\u00a0Al mismo tiempo, cientos de ni\u00f1os de guarder\u00eda desfilan por un barrio de la ciudad de Voronezh, en el centro de Rusia, con veh\u00edculos y aviones militares de fabricaci\u00f3n casera.<\/p>\n<h2>Ideolog\u00eda identitaria<\/h2>\n<p>En Vladivostok, en el Lejano Oriente, m\u00e1s de un millar y medio de ni\u00f1os de primaria desfilan por el centro de la ciudad como \u00abbisnietos de la victoria\u00bb. El gobernador Oleg Kozhemyako dirige personalmente el \u00abprimer desfile infantil de la regi\u00f3n\u00bb, y anuncia que las columnas de ni\u00f1os est\u00e1n encabezadas por combatientes en la guerra en Ucrania: \u00abHoy desfilan ni\u00f1os cuyos padres luchan en el frente. Estamos orgullosos del coraje y la valent\u00eda de nuestros combatientes y sabemos con certeza que el enemigo ser\u00e1 derrotado, como en el lejano 1945\u00bb.<\/p>\n<p>Desde hace ochenta a\u00f1os, el 9 de mayo se celebra de forma aut\u00e9ntica e \u00edntima en las familias rusas. No obstante, el D\u00eda de la Victoria\u00a0ha sido utilizado cada vez m\u00e1s por el Estado como ideolog\u00eda de creaci\u00f3n identitaria, afirma el ruso Alex Yusupov, polit\u00f3logo de la Fundaci\u00f3n Friedrich Ebert, en entrevista con DW.<\/p>\n<p>En las dos \u00faltimas d\u00e9cadas, el Kremlin ha aprendido a \u00abmilitarizar este d\u00eda, o m\u00e1s bien a activarlo, porque ha quedado grabado en la memoria colectiva de muchos rusos como algo que realmente ha unido al pa\u00eds. Se ha convertido en un instrumento de movilizaci\u00f3n para el r\u00e9gimen\u00bb, a\u00f1ade el experto.<\/p>\n<figure class=\"placeholder-image master_landscape right\"><img data-format=\"MASTER_LANDSCAPE\" data-id=\"72466591\" data-url=\"https:\/\/static.dw.com\/image\/72466591_${formatId}.jpg\" data-aspect-ratio=\"16\/9\" alt=\"Colonas de soldados en el desfile del D\u00eda de la Victoria, en 2024.\" style=\"padding-bottom: 56.25%; height: 0; max-height: 0;\"\/><figcaption class=\"img-caption\">Desde hace dos d\u00e9cadas, el Estado ruso se ha esforzado en instrumentalizar la victoria sobre la Alemania nazi con fines identitarios. <small class=\"copyright\">Im\u00e1genes: Alexander Ryumin\/Tass\/DPA\/Picture Alliance<\/small><\/figcaption><\/figure>\n<h2>\u00abCelebraci\u00f3n con l\u00e1grimas en los ojos\u00bb<\/h2>\n<p>El Kremlin utiliza sobre todo aniversarios simb\u00f3licos, como el de los 80 a\u00f1os del fin de la guerra, para establecer paralelismos hist\u00f3ricos entre la Uni\u00f3n Sovi\u00e9tica, como vencedora de la Segunda Guerra Mundial, y la Rusia y el Gobierno ruso actuales, se\u00f1ala Yusupov. As\u00ed el Estado pretende demostrar su fuerza y legitimidad, explica.<\/p>\n<p>Asimismo, el polit\u00f3logo moscovita Ilya Grashenkov, del Centro para el Desarrollo de la Pol\u00edtica Regional, subraya la importancia del D\u00eda de la Victoria para Mosc\u00fa: \u00abEn los \u00faltimos veinte a\u00f1os, el Estado ha hecho todo lo posible por formar parte de esta celebraci\u00f3n. Para Putin, la victoria en la Segunda Guerra Mundial es una constante en la que se basa todo el Estado ruso y de la\u00a0que \u00e9l mismo forma parte como presidente\u00bb.<\/p>\n<p>En declaraciones a DW, Grashenkov agrega que, para millones de ciudadanos de a pie, el 9 de mayo \u00absigue siendo una celebraci\u00f3n con l\u00e1grimas en los ojos\u00bb, y recuerda que, durante a\u00f1os, despu\u00e9s de la guerra, la celebraci\u00f3n fue un d\u00eda de luto sin desfile militar.<\/p>\n<p>Para el experto pol\u00edtico independiente Abbas Galyamov, que vive en Israel, el desfile es \u00absuperfluo\u00bb\u00a0en tiempos de guerra con Ucrania. \u00abEl desfile es un sustituto de la guerra. Es necesario en tiempos de paz, cuando el ej\u00e9rcito no est\u00e1 combatiendo, pero quiere demostrar su poder\u00bb, dice a DW. Sin embargo, dado que el ej\u00e9rcito ruso a\u00fan no ha logrado sus principales objetivos b\u00e9licos en tres a\u00f1os, el desfile de Mosc\u00fa es \u00abproblem\u00e1tico\u00bb, opina.<\/p>\n<p><span data-slot-id=\"Article_InContent-1\" class=\"rich-text-ad\"\/><\/p>\n<h2>Desfile internacional<\/h2>\n<p>Para el presidente,\u00a0Vladimir Putin, es importante que la celebraci\u00f3n \u00abtenga el mayor car\u00e1cter internacional posible\u00bb, cree Ilya Grashenkov.<\/p>\n<p>Y es que los invitados extranjeros vendr\u00e1n sobre todo a celebrar la hist\u00f3rica victoria de 1945: \u00abEl mensaje del D\u00eda de la Victoria es que Rusia ha pagado un precio muy alto por la paz en Europa\u00bb.\u00a0\u00abPutin proyectar\u00e1 sin duda la victoria de 1945 sobre los combates actuales en Ucrania. Pero no har\u00e1 mucho hincapi\u00e9 en ello\u00bb, sostiene el experto independiente.<\/p>\n<p>(VT\/MS)<\/p>\n<\/p>\n<\/div>\n\n","protected":false},"excerpt":{"rendered":"<p>Antes del gran desfile militar del 9 de mayo en la Plaza Roja de Mosc\u00fa, sobre todo los j\u00f3venes rusos\u00a0celebran\u00a0el 80 aniversario de la victoria sobre la Alemania nazi. La imaginaci\u00f3n de sus padres y de los organizadores estatales no parece tener l\u00edmites. En una cl\u00ednica de maternidad en la ciudad siberiana de Kemerovo, los &hellip;<\/p>\n","protected":false},"author":1,"featured_media":26268,"comment_status":"open","ping_status":"open","sticky":false,"template":"","format":"standard","meta":{"fifu_image_url":"https:\/\/static.dw.com\/image\/72466617_6.jpg","fifu_image_alt":"","footnotes":""},"categories":[13],"tags":[],"class_list":["post-26267","post","type-post","status-publish","format-standard","has-post-thumbnail","","category-mundo"],"_links":{"self":[{"href":"https:\/\/noticiasveraces.com\/index.php?rest_route=\/wp\/v2\/posts\/26267","targetHints":{"allow":["GET"]}}],"collection":[{"href":"https:\/\/noticiasveraces.com\/index.php?rest_route=\/wp\/v2\/posts"}],"about":[{"href":"https:\/\/noticiasveraces.com\/index.php?rest_route=\/wp\/v2\/types\/post"}],"author":[{"embeddable":true,"href":"https:\/\/noticiasveraces.com\/index.php?rest_route=\/wp\/v2\/users\/1"}],"replies":[{"embeddable":true,"href":"https:\/\/noticiasveraces.com\/index.php?rest_route=%2Fwp%2Fv2%2Fcomments&post=26267"}],"version-history":[{"count":0,"href":"https:\/\/noticiasveraces.com\/index.php?rest_route=\/wp\/v2\/posts\/26267\/revisions"}],"wp:featuredmedia":[{"embeddable":true,"href":"https:\/\/noticiasveraces.com\/index.php?rest_route=\/wp\/v2\/media\/26268"}],"wp:attachment":[{"href":"https:\/\/noticiasveraces.com\/index.php?rest_route=%2Fwp%2Fv2%2Fmedia&parent=26267"}],"wp:term":[{"taxonomy":"category","embeddable":true,"href":"https:\/\/noticiasveraces.com\/index.php?rest_route=%2Fwp%2Fv2%2Fcategories&post=26267"},{"taxonomy":"post_tag","embeddable":true,"href":"https:\/\/noticiasveraces.com\/index.php?rest_route=%2Fwp%2Fv2%2Ftags&post=26267"}],"curies":[{"name":"wp","href":"https:\/\/api.w.org\/{rel}","templated":true}]}}