{"id":26265,"date":"2025-05-07T17:16:16","date_gmt":"2025-05-07T21:16:16","guid":{"rendered":"https:\/\/noticiasveraces.com\/?p=26265"},"modified":"2025-05-07T17:16:16","modified_gmt":"2025-05-07T21:16:16","slug":"alemania-rechazara-a-solicitantes-de-asilo-en-las-fronteras-dw-07-05-2025","status":"publish","type":"post","link":"https:\/\/noticiasveraces.com\/?p=26265","title":{"rendered":"Alemania rechazar\u00e1 a solicitantes de asilo en las fronteras \u2013 DW \u2013 07\/05\/2025"},"content":{"rendered":"<p> \n<\/p>\n<div>\n<p>El nuevo ministro alem\u00e1n de Interior anunci\u00f3 este mi\u00e9rcoles (07.05.2025) que hab\u00eda ordenado a la polic\u00eda de fronteras expulsar a los solicitantes de asilo sin papeles, \u00absalvo los grupos vulnerables, como los ni\u00f1os o las mujeres embarazadas\u00bb.<\/p>\n<p>El objetivo de esta medida es \u00abreducir la migraci\u00f3n clandestina\u00bb, declar\u00f3 Alexander Dobrindt, pocas horas despu\u00e9s de asumir el cargo.<\/p>\n<p>Para aplicar esta decisi\u00f3n , Dobrindt anul\u00f3 una directiva de uno de sus predecesores, de 2015 y emitida en plena crisis migratoria. Alemania acogi\u00f3 entonces a m\u00e1s de un mill\u00f3n de refugiados procedentes de Siria y Afganist\u00e1n principalmente.<\/p>\n<p>En esa \u00e9poca, el ministro pidi\u00f3 a la polic\u00eda federal \u00abautorizar la entrada de ciudadanos de pa\u00edses terceros sin documentos que legitimen su estancia y sin presentaci\u00f3n de un pedido de asilo\u00bb.<\/p>\n<p>Como lo hab\u00eda anunciado el conservador Friedrich Merz antes de ponerse al frente del pa\u00eds, la migraci\u00f3n, el tema que hab\u00eda monopolizado la campa\u00f1a electoral de las legislativas tras una serie de ataques cometidos por extranjeros, es el primer asunto ante el que ha actuado el gobierno, tras entrar en funciones el martes.<\/p>\n<p>Seg\u00fan declaraciones a principios de mayo de la socialdem\u00f3crata Nancy Faeser, que precedi\u00f3 a Dobrindt en el ministerio, m\u00e1s de 53.000 personas fueron expulsadas en las fronteras alemanas desde octubre de 2023.<\/p>\n<p>CT (AFP, Efe)<\/p>\n<\/div>\n\n","protected":false},"excerpt":{"rendered":"<p>El nuevo ministro alem\u00e1n de Interior anunci\u00f3 este mi\u00e9rcoles (07.05.2025) que hab\u00eda ordenado a la polic\u00eda de fronteras expulsar a los solicitantes de asilo sin papeles, \u00absalvo los grupos vulnerables, como los ni\u00f1os o las mujeres embarazadas\u00bb. El objetivo de esta medida es \u00abreducir la migraci\u00f3n clandestina\u00bb, declar\u00f3 Alexander Dobrindt, pocas horas despu\u00e9s de asumir &hellip;<\/p>\n","protected":false},"author":1,"featured_media":26266,"comment_status":"open","ping_status":"open","sticky":false,"template":"","format":"standard","meta":{"fifu_image_url":"https:\/\/static.dw.com\/image\/72466017_6.jpg","fifu_image_alt":"","footnotes":""},"categories":[13],"tags":[],"class_list":["post-26265","post","type-post","status-publish","format-standard","has-post-thumbnail","","category-mundo"],"_links":{"self":[{"href":"https:\/\/noticiasveraces.com\/index.php?rest_route=\/wp\/v2\/posts\/26265","targetHints":{"allow":["GET"]}}],"collection":[{"href":"https:\/\/noticiasveraces.com\/index.php?rest_route=\/wp\/v2\/posts"}],"about":[{"href":"https:\/\/noticiasveraces.com\/index.php?rest_route=\/wp\/v2\/types\/post"}],"author":[{"embeddable":true,"href":"https:\/\/noticiasveraces.com\/index.php?rest_route=\/wp\/v2\/users\/1"}],"replies":[{"embeddable":true,"href":"https:\/\/noticiasveraces.com\/index.php?rest_route=%2Fwp%2Fv2%2Fcomments&post=26265"}],"version-history":[{"count":0,"href":"https:\/\/noticiasveraces.com\/index.php?rest_route=\/wp\/v2\/posts\/26265\/revisions"}],"wp:featuredmedia":[{"embeddable":true,"href":"https:\/\/noticiasveraces.com\/index.php?rest_route=\/wp\/v2\/media\/26266"}],"wp:attachment":[{"href":"https:\/\/noticiasveraces.com\/index.php?rest_route=%2Fwp%2Fv2%2Fmedia&parent=26265"}],"wp:term":[{"taxonomy":"category","embeddable":true,"href":"https:\/\/noticiasveraces.com\/index.php?rest_route=%2Fwp%2Fv2%2Fcategories&post=26265"},{"taxonomy":"post_tag","embeddable":true,"href":"https:\/\/noticiasveraces.com\/index.php?rest_route=%2Fwp%2Fv2%2Ftags&post=26265"}],"curies":[{"name":"wp","href":"https:\/\/api.w.org\/{rel}","templated":true}]}}