{"id":26229,"date":"2025-05-07T14:08:46","date_gmt":"2025-05-07T18:08:46","guid":{"rendered":"https:\/\/noticiasveraces.com\/?p=26229"},"modified":"2025-05-07T14:08:46","modified_gmt":"2025-05-07T18:08:46","slug":"el-informe-de-adl-revela-un-aumento-global-alarmante-en-el-antisemitismo-en-siete-naciones","status":"publish","type":"post","link":"https:\/\/noticiasveraces.com\/?p=26229","title":{"rendered":"El informe de ADL revela un aumento global &#8216;alarmante&#8217; en el antisemitismo en siete naciones"},"content":{"rendered":"<p> \n<\/p>\n<div>\n<p class=\"speakable\">La Liga Anti-Defamaci\u00f3n (ADL) ha publicado su primer informe anual J7 sobre antisemitismo mientras el mundo se prepara para conmemorar el 80 aniversario de la victoria en Europa (VE).<\/p>\n<p class=\"speakable\">El informe detalla el aumento del antisemitismo observado en pa\u00edses que tienen las poblaciones jud\u00edas m\u00e1s grandes fuera de Israel, incluidos Estados Unidos, el Reino Unido, Argentina, Canad\u00e1, Francia, Alemania y Australia.<\/p>\n<p>La Fuerza de Tarea J7 se fund\u00f3 en julio de 2023, pocos meses antes de que Hamas lanzara sus ataques mortales contra Israel. A ra\u00edz de la masacre, la ADL ha notado un aumento en los incidentes y sentimientos antisemitas en todo el mundo. <\/p>\n<div class=\"image-ct inline\">\n<div class=\"m\"><picture><source media=\"(max-width: 767px)\" srcset=\"https:\/\/a57.foxnews.com\/static.foxnews.com\/foxnews.com\/content\/uploads\/2024\/07\/343\/192\/HAMAS-IS-COMING.jpg?ve=1&amp;tl=1, https:\/\/a57.foxnews.com\/static.foxnews.com\/foxnews.com\/content\/uploads\/2024\/07\/686\/384\/HAMAS-IS-COMING.jpg?ve=1&amp;tl=1 2x\" height=\"192\" width=\"343\"><source media=\"(min-width: 768px) and (max-width: 1023px)\" srcset=\"https:\/\/a57.foxnews.com\/static.foxnews.com\/foxnews.com\/content\/uploads\/2024\/07\/672\/378\/HAMAS-IS-COMING.jpg?ve=1&amp;tl=1, https:\/\/a57.foxnews.com\/static.foxnews.com\/foxnews.com\/content\/uploads\/2024\/07\/1344\/756\/HAMAS-IS-COMING.jpg?ve=1&amp;tl=1 2x\" height=\"378\" width=\"672\"><source media=\"(min-width: 1024px) and (max-width: 1279px)\" srcset=\"https:\/\/a57.foxnews.com\/static.foxnews.com\/foxnews.com\/content\/uploads\/2024\/07\/931\/523\/HAMAS-IS-COMING.jpg?ve=1&amp;tl=1, https:\/\/a57.foxnews.com\/static.foxnews.com\/foxnews.com\/content\/uploads\/2024\/07\/1862\/1046\/HAMAS-IS-COMING.jpg?ve=1&amp;tl=1 2x\" height=\"523\" width=\"931\"><source media=\"(min-width: 1280px)\" srcset=\"https:\/\/a57.foxnews.com\/static.foxnews.com\/foxnews.com\/content\/uploads\/2024\/07\/720\/405\/HAMAS-IS-COMING.jpg?ve=1&amp;tl=1, https:\/\/a57.foxnews.com\/static.foxnews.com\/foxnews.com\/content\/uploads\/2024\/07\/1440\/810\/HAMAS-IS-COMING.jpg?ve=1&amp;tl=1 2x\" height=\"405\" width=\"720\"><img loading=\"lazy\" decoding=\"async\" src=\"https:\/\/a57.foxnews.com\/static.foxnews.com\/foxnews.com\/content\/uploads\/2024\/07\/1200\/675\/HAMAS-IS-COMING.jpg?ve=1&amp;tl=1\" alt=\"Manifestantes antiisrael\u00ed\" width=\"1200\" height=\"675\"\/><\/source><\/source><\/source><\/source><\/picture><\/div>\n<div class=\"info\">\n<div class=\"caption\">\n<p><span>Los manifestantes anti-Israel desfiguran la propiedad el d\u00eda del discurso del primer ministro israel\u00ed Benjamin Netanyahu a una reuni\u00f3n conjunta del Congreso en Capitol Hill en Washington, DC, el 24 de julio de 2024.<\/span> <span>(Katie Pavlich)<\/span><\/p>\n<\/div>\n<\/div>\n<\/div>\n<p><strong>Los incidentes antisem\u00edticos rompen el r\u00e9cord del cuarto a\u00f1o consecutivo, ADL encuentra<\/strong><\/p>\n<p>De 2021 a 2023, los incidentes antisem\u00edticos aumentaron en un 11% en Australia, un 23% en Argentina, 75% en Alemania, 82% en el Reino Unido, 83% en Canad\u00e1, 185% en Francia y 227% en los Estados Unidos, seg\u00fan el informe de la ADL. Adem\u00e1s, la organizaci\u00f3n observ\u00f3 un patr\u00f3n \u00abpreocupante\u00bb en incidentes antisemitas por capita jud\u00eda en los pa\u00edses de J7, incluidos m\u00e1s de 38 incidentes por cada 1,000 residentes jud\u00edos en Alemania en 2023. Adem\u00e1s, en Australia, los incidentes por capita jud\u00eda se cuadruplicaron de 2023 a 2024.<\/p>\n<p>El informe del grupo de trabajo J7 revela temas comunes en todas las naciones, como aumentos en los ataques violentos, picos en la ret\u00f3rica antisemita en l\u00ednea y crecientes sentimientos de miedo e inseguridad entre los jud\u00edos.<\/p>\n<p>En el informe, el creciente antisemitismo en cada uno de los pa\u00edses J7 fue documentado por las comunidades jud\u00edas afectadas directamente.<\/p>\n<h3>Argentina<\/h3>\n<p>La delegaci\u00f3n de Asociaciones Israelitas Argentinas (DAIA) descubri\u00f3 que el antisemitismo se hab\u00eda integrado profundamente en las redes sociales e instituciones acad\u00e9micas. Seg\u00fan los informes, los estudiantes jud\u00edos argentinos est\u00e1n eligiendo escuelas \u00aben funci\u00f3n de si ser\u00e1n o no un objetivo de incidentes antisemitas, tanto de sus compa\u00f1eros como de sus profesores\u00bb, seg\u00fan Daia. La organizaci\u00f3n recomienda m\u00e1s \u00abtrabajo y compromiso\u00bb para combatir el antisemitismo en la academia.<\/p>\n<p>En 2023, Argentina vio un aumento del 44% en los incidentes antisemitas en comparaci\u00f3n con 2022. Al igual que muchos otros pa\u00edses incluidos en el informe, el pa\u00eds vio un aumento en el antisemitismo y el antisionismo despu\u00e9s de los ataques de Hamas el 7 de octubre.<\/p>\n<p>Adem\u00e1s, Daia se\u00f1al\u00f3 que el fuerte apoyo del presidente argentino Javier Milei a Israel y Estados Unidos ha llevado a \u00abun aumento en la ret\u00f3rica antisemita y otras ret\u00f3ricas conspiradoras\u00bb.<\/p>\n<p>Daia tambi\u00e9n encontr\u00f3 algunos puntos brillantes en Argentina, se\u00f1alando que el 60% de los argentinos, especialmente aquellos de 25 a 34 a\u00f1os, tienen una visi\u00f3n favorable de Israel y solo el 7% favorece boicotear productos y negocios israel\u00edes. Esto podr\u00eda deberse a que Argentina ha sentido el impacto de una organizaci\u00f3n terrorista que tambi\u00e9n ha atacado a Israel. Hezbol\u00e1 llev\u00f3 a cabo dos ataques de bombardeos mortales en Buenos Aires, uno en 1992 en la embajada israel\u00ed y otro en 1994 en el Centro Jud\u00edo de Amia-Daia.<\/p>\n<div class=\"image-ct inline\">\n<div class=\"m\"><picture><source media=\"(max-width: 767px)\" srcset=\"https:\/\/a57.foxnews.com\/static.foxnews.com\/foxnews.com\/content\/uploads\/2024\/12\/343\/192\/australia-antisemitism-4.jpg?ve=1&amp;tl=1, https:\/\/a57.foxnews.com\/static.foxnews.com\/foxnews.com\/content\/uploads\/2024\/12\/686\/384\/australia-antisemitism-4.jpg?ve=1&amp;tl=1 2x\" height=\"192\" width=\"343\"><source media=\"(min-width: 768px) and (max-width: 1023px)\" srcset=\"https:\/\/a57.foxnews.com\/static.foxnews.com\/foxnews.com\/content\/uploads\/2024\/12\/672\/378\/australia-antisemitism-4.jpg?ve=1&amp;tl=1, https:\/\/a57.foxnews.com\/static.foxnews.com\/foxnews.com\/content\/uploads\/2024\/12\/1344\/756\/australia-antisemitism-4.jpg?ve=1&amp;tl=1 2x\" height=\"378\" width=\"672\"><source media=\"(min-width: 1024px) and (max-width: 1279px)\" srcset=\"https:\/\/a57.foxnews.com\/static.foxnews.com\/foxnews.com\/content\/uploads\/2024\/12\/931\/523\/australia-antisemitism-4.jpg?ve=1&amp;tl=1, https:\/\/a57.foxnews.com\/static.foxnews.com\/foxnews.com\/content\/uploads\/2024\/12\/1862\/1046\/australia-antisemitism-4.jpg?ve=1&amp;tl=1 2x\" height=\"523\" width=\"931\"><source media=\"(min-width: 1280px)\" srcset=\"https:\/\/a57.foxnews.com\/static.foxnews.com\/foxnews.com\/content\/uploads\/2024\/12\/720\/405\/australia-antisemitism-4.jpg?ve=1&amp;tl=1, https:\/\/a57.foxnews.com\/static.foxnews.com\/foxnews.com\/content\/uploads\/2024\/12\/1440\/810\/australia-antisemitism-4.jpg?ve=1&amp;tl=1 2x\" height=\"405\" width=\"720\"><img loading=\"lazy\" decoding=\"async\" src=\"https:\/\/a57.foxnews.com\/static.foxnews.com\/foxnews.com\/content\/uploads\/2024\/12\/1200\/675\/australia-antisemitism-4.jpg?ve=1&amp;tl=1\" alt=\"Graffiti antisem\u00edtico vistado en Australia\" width=\"1200\" height=\"675\"\/><\/source><\/source><\/source><\/source><\/picture><\/div>\n<div class=\"info\">\n<div class=\"caption\">\n<p><span>El graffiti de \u00abPalestina libre\u00bb se ve en una cerca alabando la masacre de Hamas del 7 de octubre contra los israel\u00edes.<\/span> <span>(Consejo Ejecutivo de Jud\u00edas Australianas)<\/span><\/p>\n<\/div>\n<\/div>\n<\/div>\n<p><strong>La comunidad jud\u00eda de Australia alarmada por el creciente antisemitismo<\/strong><\/p>\n<h3>Australia<\/h3>\n<p>El informe del Consejo Ejecutivo de Jewry Australian (ECAJ), que cubre el 1 de octubre de 2023-septiembre. 30, 2024, mostr\u00f3 un aumento considerable del 316% en los incidentes antisemitas. En el per\u00edodo de 12 meses, el ECAJ estudi\u00f3, encontr\u00f3 2.062 incidentes antisemitas en comparaci\u00f3n con 495 incidentes en el a\u00f1o anterior. En la d\u00e9cada anterior, el n\u00famero de incidentes antisemitas cada a\u00f1o vari\u00f3 de 190 a 495.<\/p>\n<p>Ecaj cit\u00f3 a la Dra. Adina Bankier-Karp y la encuesta del Dr. David Graham, \u00abjud\u00edos australianos a la sombra de la guerra\u00bb, que descubri\u00f3 que el 64% de los jud\u00edos australianos sent\u00edan que el antisemitismo era \u00abmuy\u00bb un gran problema en el pa\u00eds. Esto, seg\u00fan el informe, es 10 veces mayor que la respuesta en 2017.<\/p>\n<p>El gobierno federal australiano en 2024, as\u00ed como muchos gobiernos estatales, prohibieron los s\u00edmbolos de odio como las esv\u00e1sticas y el saludo nazi. Los s\u00edmbolos de las organizaciones terroristas tambi\u00e9n fueron prohibidos. Sin embargo, Ecaj dijo que no cree que estas leyes hagan lo suficiente para combatir \u00abdespu\u00e9s de la octubre. 7 fuentes de antisemitismo\u00bb.<\/p>\n<p>\u00abSi bien estas leyes son bienvenidas, no se dirigen a las fuentes de antisemitismo despu\u00e9s del 7 de octubre en Australia, lo que constituye la mayor\u00eda de los incidentes, ni las leyes contrarrestan las actitudes e incidentes anti-jud\u00edas\u00bb, escribi\u00f3 Ecaj en el informe.<\/p>\n<h3>Canad\u00e1<\/h3>\n<p>El informe sobre Canad\u00e1 fue compilado por el Centro de Asuntos de Israel y Jud\u00edos (CIJA). La organizaci\u00f3n dijo que los principales desaf\u00edos de Canad\u00e1 incluyen mayores amenazas de violencia y \u00abacciones anti-Israel tomadas por el gobierno federal que muestran un doble est\u00e1ndar hacia el estado jud\u00edo, como la imposici\u00f3n de un embargo de armas\u00bb.<\/p>\n<p>Si bien los datos para 2024 a\u00fan no est\u00e1n disponibles, CIJA se\u00f1al\u00f3 que las estad\u00edsticas de 2023 muestran \u00abtendencias inquietantes\u00bb. Mientras que los jud\u00edos representan solo el 1% de la poblaci\u00f3n del pa\u00eds, el 19% de los delitos de odio reportados estaban motivados por el antisemitismo. Adem\u00e1s, los delitos de odio contra los jud\u00edos aumentaron en un 71% entre 2022 y 2023, seg\u00fan CIJA.<\/p>\n<p>En el informe, Cija llam\u00f3 a la \u00abinacci\u00f3n\u00bb del gobierno canadiense sobre el antisemitismo. La organizaci\u00f3n pidi\u00f3 acci\u00f3n y reforma legal para ayudar a combatir el creciente antisemitismo.<\/p>\n<p>Casi todos los jud\u00edos canadienses, 98%, dijo que el antisemitismo es un \u00abproblema grave o algo grave\u00bb, seg\u00fan CIJA. Adem\u00e1s, el 82% dijo que \u00abCanad\u00e1 se ha vuelto menos seguro para los jud\u00edos\u00bb desde la masacre del 7 de octubre de Hamas.<\/p>\n<div class=\"image-ct inline\">\n<div class=\"m\"><picture><source media=\"(max-width: 767px)\" srcset=\"https:\/\/a57.foxnews.com\/static.foxnews.com\/foxnews.com\/content\/uploads\/2024\/05\/343\/192\/anti-israel-signs-northwestern.jpg?ve=1&amp;tl=1, https:\/\/a57.foxnews.com\/static.foxnews.com\/foxnews.com\/content\/uploads\/2024\/05\/686\/384\/anti-israel-signs-northwestern.jpg?ve=1&amp;tl=1 2x\" height=\"192\" width=\"343\"><source media=\"(min-width: 768px) and (max-width: 1023px)\" srcset=\"https:\/\/a57.foxnews.com\/static.foxnews.com\/foxnews.com\/content\/uploads\/2024\/05\/672\/378\/anti-israel-signs-northwestern.jpg?ve=1&amp;tl=1, https:\/\/a57.foxnews.com\/static.foxnews.com\/foxnews.com\/content\/uploads\/2024\/05\/1344\/756\/anti-israel-signs-northwestern.jpg?ve=1&amp;tl=1 2x\" height=\"378\" width=\"672\"><source media=\"(min-width: 1024px) and (max-width: 1279px)\" srcset=\"https:\/\/a57.foxnews.com\/static.foxnews.com\/foxnews.com\/content\/uploads\/2024\/05\/931\/523\/anti-israel-signs-northwestern.jpg?ve=1&amp;tl=1, https:\/\/a57.foxnews.com\/static.foxnews.com\/foxnews.com\/content\/uploads\/2024\/05\/1862\/1046\/anti-israel-signs-northwestern.jpg?ve=1&amp;tl=1 2x\" height=\"523\" width=\"931\"><source media=\"(min-width: 1280px)\" srcset=\"https:\/\/a57.foxnews.com\/static.foxnews.com\/foxnews.com\/content\/uploads\/2024\/05\/720\/405\/anti-israel-signs-northwestern.jpg?ve=1&amp;tl=1, https:\/\/a57.foxnews.com\/static.foxnews.com\/foxnews.com\/content\/uploads\/2024\/05\/1440\/810\/anti-israel-signs-northwestern.jpg?ve=1&amp;tl=1 2x\" height=\"405\" width=\"720\"><img loading=\"lazy\" decoding=\"async\" src=\"https:\/\/a57.foxnews.com\/static.foxnews.com\/foxnews.com\/content\/uploads\/2024\/05\/1200\/675\/anti-israel-signs-northwestern.jpg?ve=1&amp;tl=1\" alt=\"Signos anti-Israel vistos en un campamento en la Universidad Northwestern\" width=\"1200\" height=\"675\"\/><\/source><\/source><\/source><\/source><\/picture><\/div>\n<div class=\"info\">\n<div class=\"caption\">\n<p><span>Los estudiantes y residentes acampan fuera de la Universidad Northwestern durante una protesta anti-Israel, expresando solidaridad con los palestinos con pancartas en Evanston, Illinois, el 27 de abril.<\/span> <span>(Jacek Boczarski\/Anadol a trav\u00e9s de Getty Images)<\/span><\/p>\n<\/div>\n<\/div>\n<\/div>\n<h3>Francia<\/h3>\n<p>Conseil Repr\u00e9sentatif des Institutions Juives de France (Crif) encontraron v\u00ednculos claros entre los incidentes antisem\u00edticos y la guerra en curso de Israel-Hamas. Seg\u00fan Crif, m\u00e1s del 30% de los incidentes antisemitas en 2024 incluyeron referencias a \u00abPalestina\u00bb. Las escuelas francesas tambi\u00e9n vieron incidentes antisem\u00edticos m\u00e1s que cu\u00e1druples, llegando a 1.670 en el a\u00f1o acad\u00e9mico 2023-2024, en comparaci\u00f3n con 400 el a\u00f1o anterior.<\/p>\n<p>Crif descubri\u00f3 que los incidentes antisem\u00edticos se volvieron m\u00e1s violentos en 2024. Estos incidentes incluyeron la violaci\u00f3n y el asalto de una ni\u00f1a jud\u00eda de 12 a\u00f1os debido a sus \u00abmalas palabras en Palestina\u00bb y el incendio provocado y el graffiti antisemita en la sinagoga Rouen. <\/p>\n<p>La organizaci\u00f3n dijo que agradeci\u00f3 la adopci\u00f3n del gobierno franc\u00e9s de un plan nacional para combatir el racismo, el antisemitismo y la discriminaci\u00f3n. El plan fue adoptado en 2023 y se implementar\u00e1 hasta 2026.<\/p>\n<p>Crif dijo en su informe que muchos jud\u00edos franceses han dejado de exhibir o hablar sobre su identidad religiosa por miedo. Incluso los ni\u00f1os se mantienen alejados del tema para evitar el acoso en la escuela.<\/p>\n<p><strong><u>El ascenso global en el antisemitismo deja aislados a la comunidad jud\u00eda, el rabino dice que el mundo en \u00abun punto de inflexi\u00f3n\u00bb<\/u><\/strong><\/p>\n<h3>Alemania<\/h3>\n<p>Zentralrat der Juden en Deutschland (ZJD) son\u00f3 la alarma por el creciente antisemitismo, se\u00f1alando que \u00abel 7 de octubre de 2023, ha acelerado masivamente un desarrollo que ya se avecinaba\u00bb. El antisemitismo en Alemania no es exclusivo de un lado del pasillo pol\u00edtico, aunque ZJD se\u00f1ala el aumento de la alternativa F\u00fcr Deutschland (AFD) \u00abplantea un desaf\u00edo importante\u00bb. <\/p>\n<p>AFD ocupa m\u00faltiples posiciones que, si se convierten en realidad, har\u00eda la vida extremadamente dif\u00edcil para los jud\u00edos alemanes observadores, incluida la prohibici\u00f3n de la matanza religiosa de animales, lo que podr\u00eda hacer que la carne kosher efectivamente sea ilegal.<\/p>\n<p>La polic\u00eda alemana encontr\u00f3 que 3.200 cr\u00edmenes del 1 de enero de 2024 al 7 de octubre de 2024 fueron motivados por el antisemitismo. Esto se produce despu\u00e9s de que la Oficina de Investigaci\u00f3n e Informaci\u00f3n sobre Antisemitismo en Hessen encontraron 3.000 incidentes antisemitas entre el 7 de octubre de 2023 y el final de ese mismo a\u00f1o.<\/p>\n<p>Un estudio de enero de 2025 realizado por la conferencia de reclamos encontr\u00f3 que aproximadamente el 40% de los j\u00f3venes de 18 a 29 a\u00f1os en Alemania no sab\u00edan que m\u00e1s de 6,000,000 jud\u00edos fueron asesinados en el Holocausto. Sin embargo, la encuesta Global 100 de 2024 de la ADL muestra que la distorsi\u00f3n y la negaci\u00f3n del Holocausto son m\u00e1s bajas en Alemania en comparaci\u00f3n con otras naciones de Europa occidental.<\/p>\n<p>ZJD concluy\u00f3 que los debates en curso en Alemania en torno a los problemas sociales tienen impactos directos en la comunidad jud\u00eda. <\/p>\n<div class=\"image-ct inline\">\n<div class=\"m\"><picture><source media=\"(max-width: 767px)\" srcset=\"https:\/\/a57.foxnews.com\/static.foxnews.com\/foxnews.com\/content\/uploads\/2024\/03\/343\/192\/London-antisemitism.jpeg?ve=1&amp;tl=1, https:\/\/a57.foxnews.com\/static.foxnews.com\/foxnews.com\/content\/uploads\/2024\/03\/686\/384\/London-antisemitism.jpeg?ve=1&amp;tl=1 2x\" height=\"192\" width=\"343\"><source media=\"(min-width: 768px) and (max-width: 1023px)\" srcset=\"https:\/\/a57.foxnews.com\/static.foxnews.com\/foxnews.com\/content\/uploads\/2024\/03\/672\/378\/London-antisemitism.jpeg?ve=1&amp;tl=1, https:\/\/a57.foxnews.com\/static.foxnews.com\/foxnews.com\/content\/uploads\/2024\/03\/1344\/756\/London-antisemitism.jpeg?ve=1&amp;tl=1 2x\" height=\"378\" width=\"672\"><source media=\"(min-width: 1024px) and (max-width: 1279px)\" srcset=\"https:\/\/a57.foxnews.com\/static.foxnews.com\/foxnews.com\/content\/uploads\/2024\/03\/931\/523\/London-antisemitism.jpeg?ve=1&amp;tl=1, https:\/\/a57.foxnews.com\/static.foxnews.com\/foxnews.com\/content\/uploads\/2024\/03\/1862\/1046\/London-antisemitism.jpeg?ve=1&amp;tl=1 2x\" height=\"523\" width=\"931\"><source media=\"(min-width: 1280px)\" srcset=\"https:\/\/a57.foxnews.com\/static.foxnews.com\/foxnews.com\/content\/uploads\/2024\/03\/720\/405\/London-antisemitism.jpeg?ve=1&amp;tl=1, https:\/\/a57.foxnews.com\/static.foxnews.com\/foxnews.com\/content\/uploads\/2024\/03\/1440\/810\/London-antisemitism.jpeg?ve=1&amp;tl=1 2x\" height=\"405\" width=\"720\"><img loading=\"lazy\" decoding=\"async\" src=\"https:\/\/a57.foxnews.com\/static.foxnews.com\/foxnews.com\/content\/uploads\/2024\/03\/1200\/675\/London-antisemitism.jpeg?ve=1&amp;tl=1\" alt=\"Antisemitismo del Reino Unido\" width=\"1200\" height=\"675\"\/><\/source><\/source><\/source><\/source><\/picture><\/div>\n<div class=\"info\">\n<div class=\"caption\">\n<p><span>Odio antisemita en exhibici\u00f3n en una protesta anti-Israel en Londres. El antisemitismo en el Reino Unido est\u00e1 alcanzando niveles r\u00e9cord desde que los ataques terroristas de Hamas el 7 de octubre.<\/span> <span>(Campa\u00f1a contra el antisemitismo en x)<\/span><\/p>\n<\/div>\n<\/div>\n<\/div>\n<h3><strong><u>ADL alega que los editores de Wikipedia participan en &#8216;campa\u00f1a coordinada&#8217; contra Israel<\/u><\/strong><\/h3>\n<h3>El Reino Unido<\/h3>\n<p>La Junta de Diputados de Judios Brit\u00e1nicos (la Junta) dijo en su secci\u00f3n del informe que el antisemitismo ha ca\u00eddo desde el cuarto trimestre de 2023, pero a\u00fan permanece por encima del pre-oct. 7 niveles. Mientras tanto, los jud\u00edos brit\u00e1nicos \u00abencuentran la vida cotidiana en el Reino Unido un desaf\u00edo creciente\u00bb con el 25% de los jud\u00edos brit\u00e1nicos que se sienten inseguros en el pa\u00eds.<\/p>\n<p>El informe de incidentes antisemitas de 2024 Fideicomiso de Seguridad Comunitaria mostr\u00f3 3.528 incidentes antisemitas en el Reino Unido, lo que representa una disminuci\u00f3n del 18% de los 4.296 incidentes reportados en 2023. <\/p>\n<p>\u00abLos carteles de rehenes israel\u00edes est\u00e1n regularmente destrozados, y en las principales ciudades el Reino Unido ha enfrentado marchas de odio semanales que piden la destrucci\u00f3n de Israel\u00bb, escribi\u00f3 la junta. Tambi\u00e9n declar\u00f3 que el Instituto de Investigaci\u00f3n de Pol\u00edticas Jud\u00edas llam\u00f3 a este fen\u00f3meno \u00abantisemitismo ambiental\u00bb.<\/p>\n<p>La junta reconoci\u00f3 las acciones del gobierno para combatir el antisemitismo, pero dijo que las estad\u00edsticas mostraron que se necesitaban m\u00e1s medidas. \u00abLa aplicaci\u00f3n de la ley mejorada, las regulaciones m\u00e1s estrictas sobre el discurso de odio en l\u00ednea y los programas educativos integrales son esenciales para combatir efectivamente las actitudes y comportamientos antisemitas\u00bb, escribi\u00f3 la junta.<\/p>\n<p>En general, la junta cree que las tres \u00e1reas principales de enfoque del Reino Unido deber\u00edan abordar los incidentes antisemitas, luchar contra el discurso de odio en l\u00ednea y restaurar una sensaci\u00f3n de seguridad entre los jud\u00edos brit\u00e1nicos.<\/p>\n<p><strong><u>Haga clic aqu\u00ed para obtener la aplicaci\u00f3n Fox News<\/u><\/strong><\/p>\n<h3>Estados Unidos<\/h3>\n<p>La ADL y la conferencia de presidentes de las principales organizaciones jud\u00edas estadounidenses trabajaron juntas para compilar un informe sobre el creciente antisemitismo en los Estados Unidos, se\u00f1alando el \u00abaumento alarmante\u00bb en incidentes y actitudes antisemitas.<\/p>\n<p>En su auditor\u00eda antisemitismo de 2024, que se lanz\u00f3 el mes pasado, el ADL identific\u00f3 9,354 incidentes antisem\u00edticos en 2024, un aumento del 5% de 2023 y un asombroso aumento del 926% desde que comenz\u00f3 a rastrear en 1979.<\/p>\n<p>\u00abSeamos claros, el antisemitismo es un odio irracional hacia las personas o las instituciones solo porque son jud\u00edos\u00bb, dijo el CEO de ADL, Jonathan Greenblatt, a Fox News Digital al publicar la auditor\u00eda. Tambi\u00e9n se\u00f1al\u00f3 que \u00abADL ha estado realizando una auditor\u00eda anual de incidentes antisem\u00edticos desde la d\u00e9cada de 1970. Y simplemente nunca hemos visto n\u00fameros como este\u00bb. <\/p>\n<p>La ADL y la conferencia de presidentes de las principales organizaciones jud\u00edas estadounidenses encontraron que \u00abla tierra del antisemitismo en los Estados Unidos no muestra signos de disminuci\u00f3n\u00bb. En el informe, ambas organizaciones dijeron que el entorno pol\u00edtico polarizado hace que sea dif\u00edcil predecir c\u00f3mo se desarrollar\u00e1 el antisemitismo.<\/p>\n<p> <!----> <\/p>\n<div class=\"article-meta\">\n<div class=\"author-bio\">\n<p>Rachel Wolf es una escritora de noticias de Fox News Digital y Fox Business.<\/p>\n<\/div>\n<\/div>\n<\/div>\n\n","protected":false},"excerpt":{"rendered":"<p>La Liga Anti-Defamaci\u00f3n (ADL) ha publicado su primer informe anual J7 sobre antisemitismo mientras el mundo se prepara para conmemorar el 80 aniversario de la victoria en Europa (VE). El informe detalla el aumento del antisemitismo observado en pa\u00edses que tienen las poblaciones jud\u00edas m\u00e1s grandes fuera de Israel, incluidos Estados Unidos, el Reino Unido, &hellip;<\/p>\n","protected":false},"author":1,"featured_media":26231,"comment_status":"open","ping_status":"open","sticky":false,"template":"","format":"standard","meta":{"fifu_image_url":"https:\/\/static.foxnews.com\/foxnews.com\/content\/uploads\/2024\/03\/London-antisemitism.jpeg","fifu_image_alt":"","footnotes":""},"categories":[13],"tags":[],"class_list":["post-26229","post","type-post","status-publish","format-standard","has-post-thumbnail","","category-mundo"],"_links":{"self":[{"href":"https:\/\/noticiasveraces.com\/index.php?rest_route=\/wp\/v2\/posts\/26229","targetHints":{"allow":["GET"]}}],"collection":[{"href":"https:\/\/noticiasveraces.com\/index.php?rest_route=\/wp\/v2\/posts"}],"about":[{"href":"https:\/\/noticiasveraces.com\/index.php?rest_route=\/wp\/v2\/types\/post"}],"author":[{"embeddable":true,"href":"https:\/\/noticiasveraces.com\/index.php?rest_route=\/wp\/v2\/users\/1"}],"replies":[{"embeddable":true,"href":"https:\/\/noticiasveraces.com\/index.php?rest_route=%2Fwp%2Fv2%2Fcomments&post=26229"}],"version-history":[{"count":0,"href":"https:\/\/noticiasveraces.com\/index.php?rest_route=\/wp\/v2\/posts\/26229\/revisions"}],"wp:featuredmedia":[{"embeddable":true,"href":"https:\/\/noticiasveraces.com\/index.php?rest_route=\/wp\/v2\/media\/26231"}],"wp:attachment":[{"href":"https:\/\/noticiasveraces.com\/index.php?rest_route=%2Fwp%2Fv2%2Fmedia&parent=26229"}],"wp:term":[{"taxonomy":"category","embeddable":true,"href":"https:\/\/noticiasveraces.com\/index.php?rest_route=%2Fwp%2Fv2%2Fcategories&post=26229"},{"taxonomy":"post_tag","embeddable":true,"href":"https:\/\/noticiasveraces.com\/index.php?rest_route=%2Fwp%2Fv2%2Ftags&post=26229"}],"curies":[{"name":"wp","href":"https:\/\/api.w.org\/{rel}","templated":true}]}}