{"id":26224,"date":"2025-05-07T13:08:13","date_gmt":"2025-05-07T17:08:13","guid":{"rendered":"https:\/\/noticiasveraces.com\/?p=26224"},"modified":"2025-05-07T13:08:13","modified_gmt":"2025-05-07T17:08:13","slug":"como-se-le-paga-al-papa-y-una-mirada-a-las-finanzas-del-vaticano","status":"publish","type":"post","link":"https:\/\/noticiasveraces.com\/?p=26224","title":{"rendered":"C\u00f3mo se le paga al Papa y una mirada a las finanzas del Vaticano"},"content":{"rendered":"<p> \n<\/p>\n<div>\n<p class=\"speakable\">Al l\u00edder de la Iglesia Cat\u00f3lica Romana no se le paga lo que muchos consideran un salario tradicional. En cambio, el Vaticano proporciona las necesidades del pont\u00edfice, desde viviendas, alimentos, transporte y otros gastos en forma de estipendios y asignaciones.<\/p>\n<p class=\"speakable\">El Vaticano, conocido como \u00abel pa\u00eds m\u00e1s peque\u00f1o del mundo\u00bb, se mantiene \u00abuna econom\u00eda que se basa en una combinaci\u00f3n de donaciones, empresas privadas e inversiones para generar ingresos\u00bb, seg\u00fan Investopedia.  <\/p>\n<p>El Papa Francisco rechaz\u00f3 cualquier tipo de salario cuando asumi\u00f3 el cargo en 2013, el Economic Times inform\u00f3 en febrero, y agreg\u00f3 que el pont\u00edfice en ese momento ten\u00eda un patrimonio neto de \u00abalrededor de $ 16 millones, que incluye varios activos que se le proporcionan como el Papa\u00bb.<\/p>\n<p>La situaci\u00f3n financiera del Vaticano ha estado en peligro durante a\u00f1os, con su d\u00e9ficit operativo anual creciendo a m\u00e1s de $ 90 millones en 2023, seg\u00fan los informes. En noviembre, el Papa Francisco advirti\u00f3 que el Fondo de Pensiones del Vaticano, que proporciona pensiones a los empleados de la Santa Sede y el Estado de la Ciudad del Vaticano, se ha enfrentado a un \u00abdesequilibrio prospectivo severo\u00bb que \u00abtiende a crecer con el tiempo en ausencia de intervenciones\u00bb, seg\u00fan las noticias del Vaticano.<\/p>\n<p><strong>Actualizaciones en vivo: orden de &#8216;Omnes extra&#8217; otorgada, oficialmente comenzando el c\u00f3nclave papal<\/strong><\/p>\n<div class=\"image-ct inline\">\n<div class=\"m\"><picture><source media=\"(max-width: 767px)\" srcset=\"https:\/\/a57.foxnews.com\/static.foxnews.com\/foxnews.com\/content\/uploads\/2025\/05\/343\/192\/vatican-tourism.jpg?ve=1&amp;tl=1, https:\/\/a57.foxnews.com\/static.foxnews.com\/foxnews.com\/content\/uploads\/2025\/05\/686\/384\/vatican-tourism.jpg?ve=1&amp;tl=1 2x\" height=\"192\" width=\"343\"><source media=\"(min-width: 768px) and (max-width: 1023px)\" srcset=\"https:\/\/a57.foxnews.com\/static.foxnews.com\/foxnews.com\/content\/uploads\/2025\/05\/672\/378\/vatican-tourism.jpg?ve=1&amp;tl=1, https:\/\/a57.foxnews.com\/static.foxnews.com\/foxnews.com\/content\/uploads\/2025\/05\/1344\/756\/vatican-tourism.jpg?ve=1&amp;tl=1 2x\" height=\"378\" width=\"672\"><source media=\"(min-width: 1024px) and (max-width: 1279px)\" srcset=\"https:\/\/a57.foxnews.com\/static.foxnews.com\/foxnews.com\/content\/uploads\/2025\/05\/931\/523\/vatican-tourism.jpg?ve=1&amp;tl=1, https:\/\/a57.foxnews.com\/static.foxnews.com\/foxnews.com\/content\/uploads\/2025\/05\/1862\/1046\/vatican-tourism.jpg?ve=1&amp;tl=1 2x\" height=\"523\" width=\"931\"><source media=\"(min-width: 1280px)\" srcset=\"https:\/\/a57.foxnews.com\/static.foxnews.com\/foxnews.com\/content\/uploads\/2025\/05\/720\/405\/vatican-tourism.jpg?ve=1&amp;tl=1, https:\/\/a57.foxnews.com\/static.foxnews.com\/foxnews.com\/content\/uploads\/2025\/05\/1440\/810\/vatican-tourism.jpg?ve=1&amp;tl=1 2x\" height=\"405\" width=\"720\"><img loading=\"lazy\" decoding=\"async\" src=\"https:\/\/a57.foxnews.com\/static.foxnews.com\/foxnews.com\/content\/uploads\/2025\/05\/1200\/675\/vatican-tourism.jpg?ve=1&amp;tl=1\" alt=\"Postales en venta en el Vaticano\" width=\"1200\" height=\"675\"\/><\/source><\/source><\/source><\/source><\/picture><\/div>\n<div class=\"info\">\n<div class=\"caption\">\n<p><span>Esta fotograf\u00eda muestra art\u00edculos tur\u00edsticos, incluidas las tarjetas postales (R) en los stands, con la bas\u00edlica de San Pedro del Vaticano en el fondo, en Roma el 5 de mayo de 2025.<\/span> <span>(Gabriel Bouys\/AFP)<\/span><\/p>\n<\/div>\n<\/div>\n<\/div>\n<p>El cuerpo gobernante del Vaticano, tambi\u00e9n conocido como Santa Sede, no proporciona n\u00fameros exactos con respecto a sus finanzas. Sin embargo, el World Factbook de la Agencia Central de Inteligencia Estim\u00f3 sus ingresos y gastos en 2013 anot\u00f3 $ 315 millones y $ 348 millones, respectivamente.  <\/p>\n<p>Genera este dinero a trav\u00e9s de varias v\u00edas. Seg\u00fan el Michigan Journal of Economics, la Santa Sede genera algunos de sus ingresos a trav\u00e9s de Peter&#8217;s Pence, que es un t\u00e9rmino que <u>descripci\u00f3n <\/u><u>donaciones<\/u> recolectado de cat\u00f3licos de todo el mundo y entregado al Papa anualmente. Esto representa $ 27 millones cada a\u00f1o, con las mayores contribuciones derivadas de los Estados Unidos, Alemania e Italia, seg\u00fan la revista American.<\/p>\n<p><strong>\u00bfCu\u00e1l es el c\u00f3nclave papal? Dentro del antiguo proceso de elecci\u00f3n del pr\u00f3ximo papa<\/strong><\/p>\n<div class=\"image-ct inline\">\n<div class=\"m\"><picture><source media=\"(max-width: 767px)\" srcset=\"https:\/\/a57.foxnews.com\/static.foxnews.com\/foxnews.com\/content\/uploads\/2025\/05\/343\/192\/vatican-rosary-offering.jpg?ve=1&amp;tl=1, https:\/\/a57.foxnews.com\/static.foxnews.com\/foxnews.com\/content\/uploads\/2025\/05\/686\/384\/vatican-rosary-offering.jpg?ve=1&amp;tl=1 2x\" height=\"192\" width=\"343\"><source media=\"(min-width: 768px) and (max-width: 1023px)\" srcset=\"https:\/\/a57.foxnews.com\/static.foxnews.com\/foxnews.com\/content\/uploads\/2025\/05\/672\/378\/vatican-rosary-offering.jpg?ve=1&amp;tl=1, https:\/\/a57.foxnews.com\/static.foxnews.com\/foxnews.com\/content\/uploads\/2025\/05\/1344\/756\/vatican-rosary-offering.jpg?ve=1&amp;tl=1 2x\" height=\"378\" width=\"672\"><source media=\"(min-width: 1024px) and (max-width: 1279px)\" srcset=\"https:\/\/a57.foxnews.com\/static.foxnews.com\/foxnews.com\/content\/uploads\/2025\/05\/931\/523\/vatican-rosary-offering.jpg?ve=1&amp;tl=1, https:\/\/a57.foxnews.com\/static.foxnews.com\/foxnews.com\/content\/uploads\/2025\/05\/1862\/1046\/vatican-rosary-offering.jpg?ve=1&amp;tl=1 2x\" height=\"523\" width=\"931\"><source media=\"(min-width: 1280px)\" srcset=\"https:\/\/a57.foxnews.com\/static.foxnews.com\/foxnews.com\/content\/uploads\/2025\/05\/720\/405\/vatican-rosary-offering.jpg?ve=1&amp;tl=1, https:\/\/a57.foxnews.com\/static.foxnews.com\/foxnews.com\/content\/uploads\/2025\/05\/1440\/810\/vatican-rosary-offering.jpg?ve=1&amp;tl=1 2x\" height=\"405\" width=\"720\"><img loading=\"lazy\" decoding=\"async\" src=\"https:\/\/a57.foxnews.com\/static.foxnews.com\/foxnews.com\/content\/uploads\/2025\/05\/1200\/675\/vatican-rosary-offering.jpg?ve=1&amp;tl=1\" alt=\"Rosarios ofrecidos en el Vaticano para una donaci\u00f3n\" width=\"1200\" height=\"675\"\/><\/source><\/source><\/source><\/source><\/picture><\/div>\n<div class=\"info\">\n<div class=\"caption\">\n<p><span>Se ofrecieron cuentas de rosario que representan al Papa Francisco por un euro el 17 de marzo de 2025 en la ciudad del Vaticano, Vaticano. <\/span> <span>(Christopher Furlong)<\/span><\/p>\n<\/div>\n<\/div>\n<\/div>\n<div class=\"image-ct inline\">\n<div class=\"m\"><picture><source media=\"(max-width: 767px)\" srcset=\"https:\/\/a57.foxnews.com\/static.foxnews.com\/foxnews.com\/content\/uploads\/2025\/05\/343\/192\/catholic-offering-basket.jpg?ve=1&amp;tl=1, https:\/\/a57.foxnews.com\/static.foxnews.com\/foxnews.com\/content\/uploads\/2025\/05\/686\/384\/catholic-offering-basket.jpg?ve=1&amp;tl=1 2x\" height=\"192\" width=\"343\"><source media=\"(min-width: 768px) and (max-width: 1023px)\" srcset=\"https:\/\/a57.foxnews.com\/static.foxnews.com\/foxnews.com\/content\/uploads\/2025\/05\/672\/378\/catholic-offering-basket.jpg?ve=1&amp;tl=1, https:\/\/a57.foxnews.com\/static.foxnews.com\/foxnews.com\/content\/uploads\/2025\/05\/1344\/756\/catholic-offering-basket.jpg?ve=1&amp;tl=1 2x\" height=\"378\" width=\"672\"><source media=\"(min-width: 1024px) and (max-width: 1279px)\" srcset=\"https:\/\/a57.foxnews.com\/static.foxnews.com\/foxnews.com\/content\/uploads\/2025\/05\/931\/523\/catholic-offering-basket.jpg?ve=1&amp;tl=1, https:\/\/a57.foxnews.com\/static.foxnews.com\/foxnews.com\/content\/uploads\/2025\/05\/1862\/1046\/catholic-offering-basket.jpg?ve=1&amp;tl=1 2x\" height=\"523\" width=\"931\"><source media=\"(min-width: 1280px)\" srcset=\"https:\/\/a57.foxnews.com\/static.foxnews.com\/foxnews.com\/content\/uploads\/2025\/05\/720\/405\/catholic-offering-basket.jpg?ve=1&amp;tl=1, https:\/\/a57.foxnews.com\/static.foxnews.com\/foxnews.com\/content\/uploads\/2025\/05\/1440\/810\/catholic-offering-basket.jpg?ve=1&amp;tl=1 2x\" height=\"405\" width=\"720\"><img loading=\"lazy\" decoding=\"async\" src=\"https:\/\/a57.foxnews.com\/static.foxnews.com\/foxnews.com\/content\/uploads\/2025\/05\/1200\/675\/catholic-offering-basket.jpg?ve=1&amp;tl=1\" alt=\"Cesta de recolecci\u00f3n cat\u00f3lica\" width=\"1200\" height=\"675\"\/><\/source><\/source><\/source><\/source><\/picture><\/div>\n<div class=\"info\">\n<div class=\"caption\">\n<p><span>Un joven visitante de un servicio de la Iglesia Cat\u00f3lica dona dinero en una canasta entregada en Baviera, Kaufbeuren, en julio de 2019. <\/span> <span>(Karl-Josef Hildenbrand\/Picture Alliance)<\/span><\/p>\n<\/div>\n<\/div>\n<\/div>\n<p><strong><u>Haga clic aqu\u00ed para obtener la aplicaci\u00f3n Fox News<\/u><\/strong><\/p>\n<p>Fox News Digital se comunic\u00f3 con la Conferencia de Obispos Cat\u00f3licos del Vaticano y los Estados Unidos para obtener m\u00e1s informaci\u00f3n sobre c\u00f3mo se le paga al Papa, pero no recibi\u00f3 respuesta de inmediato. <\/p>\n<p> <!----> <\/div>\n\n","protected":false},"excerpt":{"rendered":"<p>Al l\u00edder de la Iglesia Cat\u00f3lica Romana no se le paga lo que muchos consideran un salario tradicional. En cambio, el Vaticano proporciona las necesidades del pont\u00edfice, desde viviendas, alimentos, transporte y otros gastos en forma de estipendios y asignaciones. El Vaticano, conocido como \u00abel pa\u00eds m\u00e1s peque\u00f1o del mundo\u00bb, se mantiene \u00abuna econom\u00eda que &hellip;<\/p>\n","protected":false},"author":1,"featured_media":26226,"comment_status":"open","ping_status":"open","sticky":false,"template":"","format":"standard","meta":{"fifu_image_url":"https:\/\/static.foxnews.com\/foxnews.com\/content\/uploads\/2024\/09\/vatican-city.jpg","fifu_image_alt":"","footnotes":""},"categories":[13],"tags":[],"class_list":["post-26224","post","type-post","status-publish","format-standard","has-post-thumbnail","","category-mundo"],"_links":{"self":[{"href":"https:\/\/noticiasveraces.com\/index.php?rest_route=\/wp\/v2\/posts\/26224","targetHints":{"allow":["GET"]}}],"collection":[{"href":"https:\/\/noticiasveraces.com\/index.php?rest_route=\/wp\/v2\/posts"}],"about":[{"href":"https:\/\/noticiasveraces.com\/index.php?rest_route=\/wp\/v2\/types\/post"}],"author":[{"embeddable":true,"href":"https:\/\/noticiasveraces.com\/index.php?rest_route=\/wp\/v2\/users\/1"}],"replies":[{"embeddable":true,"href":"https:\/\/noticiasveraces.com\/index.php?rest_route=%2Fwp%2Fv2%2Fcomments&post=26224"}],"version-history":[{"count":0,"href":"https:\/\/noticiasveraces.com\/index.php?rest_route=\/wp\/v2\/posts\/26224\/revisions"}],"wp:featuredmedia":[{"embeddable":true,"href":"https:\/\/noticiasveraces.com\/index.php?rest_route=\/wp\/v2\/media\/26226"}],"wp:attachment":[{"href":"https:\/\/noticiasveraces.com\/index.php?rest_route=%2Fwp%2Fv2%2Fmedia&parent=26224"}],"wp:term":[{"taxonomy":"category","embeddable":true,"href":"https:\/\/noticiasveraces.com\/index.php?rest_route=%2Fwp%2Fv2%2Fcategories&post=26224"},{"taxonomy":"post_tag","embeddable":true,"href":"https:\/\/noticiasveraces.com\/index.php?rest_route=%2Fwp%2Fv2%2Ftags&post=26224"}],"curies":[{"name":"wp","href":"https:\/\/api.w.org\/{rel}","templated":true}]}}