{"id":26208,"date":"2025-05-07T10:03:27","date_gmt":"2025-05-07T14:03:27","guid":{"rendered":"https:\/\/noticiasveraces.com\/?p=26208"},"modified":"2025-05-07T10:03:27","modified_gmt":"2025-05-07T14:03:27","slug":"merz-aboga-por-acuerdo-con-mercosur-y-macron-le-revira-dw-07-05-2025","status":"publish","type":"post","link":"https:\/\/noticiasveraces.com\/?p=26208","title":{"rendered":"Merz aboga por acuerdo con Mercosur y Macron le revira \u2013 DW \u2013 07\/05\/2025"},"content":{"rendered":"<p> \n<\/p>\n<div>\n<p>El nuevo canciller alem\u00e1n, el conservador Friedrich Merz, abog\u00f3 este mi\u00e9rcoles en Par\u00eds por \u00abuna r\u00e1pida ratificaci\u00f3n\u00bb del acuerdo de libre comercio entre la UE y el Mercosur, frente a la ya conocida oposici\u00f3n del presidente franc\u00e9s, Emmanuel Macron.<\/p>\n<p>\u00abYa conocen mi opini\u00f3n personal: que el acuerdo con el Mercosur deber\u00eda ratificarse y ponerse en marcha r\u00e1pidamente, pero eso no quita que sigamos buscando otros socios comerciales. Apoyamos a la Comisi\u00f3n Europea (CE) en esa b\u00fasqueda, es el buen momento para firmar acuerdos de libre comercio\u00bb, declar\u00f3 Merz, en una rueda de prensa conjunta con Macron celebrada en el Palacio del El\u00edseo.<\/p>\n<h2><strong>La respuesta de Macron<\/strong><\/h2>\n<p>En su primer viaje internacional tras haber sido votado el martes canciller por el Parlamento alem\u00e1n en una in\u00e9dita segunda vuelta, el dirigente germano opin\u00f3 que las reticencias a ciertos aspectos de los acuerdos comerciales de Francia no ponen en causa la apuesta europea en esa materia.<\/p>\n<figure class=\"placeholder-image master_landscape big\"><img data-format=\"MASTER_LANDSCAPE\" data-id=\"72464673\" data-url=\"https:\/\/static.dw.com\/image\/72464673_${formatId}.jpg\" data-aspect-ratio=\"16\/9\" alt=\"Merz (izq.) y Macron se saludaron efusivamente en Par\u00eds, pero mantuvieron posiciones distintas en cuanto al acuerdo comercial con Mercosur.\" style=\"padding-bottom: 56.25%; height: 0; max-height: 0;\"\/><figcaption class=\"img-caption\">Merz (izq.) y Macron se saludaron efusivamente en Par\u00eds, pero mantuvieron posiciones distintas en cuanto al acuerdo comercial con Mercosur.<small class=\"copyright\">Imagen: Sean Gallup\/Getty Images<\/small><\/figcaption><\/figure>\n<p>Macron, por su parte, insisti\u00f3 en los mismos argumentos para frenar la ratificaci\u00f3n del acuerdo con Mercosur, firmado por la CE en diciembre de 2024 y que engloba a las potencias agr\u00edcolas de Brasil y Argentina, adem\u00e1s de Uruguay y Paraguay, m\u00e1s Bolivia, que est\u00e1 completando su proceso de adhesi\u00f3n. <\/p>\n<p>\u00abEstamos a favor de los acuerdos comerciales siempre y cuando respeten a los productores europeos y les proporcionen un tratamiento de igualdad de condiciones operativas\u00bb respecto a productores de pa\u00edses terceros, se\u00f1al\u00f3.<\/p>\n<p>Para Macron, \u00abno es posible que se exija cada vez m\u00e1s a nuestros productores, mientras nos abrimos a otros que no son tan estrictos\u00bb en \u00e1reas como el medio ambiente. El presidente franc\u00e9s puso como buen ejemplo de \u00abcondiciones igualitarias\u00bb el acuerdo comercial entre la UE y Canad\u00e1.<\/p>\n<p>(Efe, AFP\/El)<\/p>\n<\/div>\n\n","protected":false},"excerpt":{"rendered":"<p>El nuevo canciller alem\u00e1n, el conservador Friedrich Merz, abog\u00f3 este mi\u00e9rcoles en Par\u00eds por \u00abuna r\u00e1pida ratificaci\u00f3n\u00bb del acuerdo de libre comercio entre la UE y el Mercosur, frente a la ya conocida oposici\u00f3n del presidente franc\u00e9s, Emmanuel Macron. \u00abYa conocen mi opini\u00f3n personal: que el acuerdo con el Mercosur deber\u00eda ratificarse y ponerse en &hellip;<\/p>\n","protected":false},"author":1,"featured_media":26209,"comment_status":"open","ping_status":"open","sticky":false,"template":"","format":"standard","meta":{"fifu_image_url":"https:\/\/static.dw.com\/image\/72463679_6.jpg","fifu_image_alt":"","footnotes":""},"categories":[13],"tags":[],"class_list":["post-26208","post","type-post","status-publish","format-standard","has-post-thumbnail","","category-mundo"],"_links":{"self":[{"href":"https:\/\/noticiasveraces.com\/index.php?rest_route=\/wp\/v2\/posts\/26208","targetHints":{"allow":["GET"]}}],"collection":[{"href":"https:\/\/noticiasveraces.com\/index.php?rest_route=\/wp\/v2\/posts"}],"about":[{"href":"https:\/\/noticiasveraces.com\/index.php?rest_route=\/wp\/v2\/types\/post"}],"author":[{"embeddable":true,"href":"https:\/\/noticiasveraces.com\/index.php?rest_route=\/wp\/v2\/users\/1"}],"replies":[{"embeddable":true,"href":"https:\/\/noticiasveraces.com\/index.php?rest_route=%2Fwp%2Fv2%2Fcomments&post=26208"}],"version-history":[{"count":0,"href":"https:\/\/noticiasveraces.com\/index.php?rest_route=\/wp\/v2\/posts\/26208\/revisions"}],"wp:featuredmedia":[{"embeddable":true,"href":"https:\/\/noticiasveraces.com\/index.php?rest_route=\/wp\/v2\/media\/26209"}],"wp:attachment":[{"href":"https:\/\/noticiasveraces.com\/index.php?rest_route=%2Fwp%2Fv2%2Fmedia&parent=26208"}],"wp:term":[{"taxonomy":"category","embeddable":true,"href":"https:\/\/noticiasveraces.com\/index.php?rest_route=%2Fwp%2Fv2%2Fcategories&post=26208"},{"taxonomy":"post_tag","embeddable":true,"href":"https:\/\/noticiasveraces.com\/index.php?rest_route=%2Fwp%2Fv2%2Ftags&post=26208"}],"curies":[{"name":"wp","href":"https:\/\/api.w.org\/{rel}","templated":true}]}}