{"id":26206,"date":"2025-05-07T09:02:04","date_gmt":"2025-05-07T13:02:04","guid":{"rendered":"https:\/\/noticiasveraces.com\/?p=26206"},"modified":"2025-05-07T09:02:04","modified_gmt":"2025-05-07T13:02:04","slug":"paises-europeos-rechazan-plan-de-ocupacion-israeli-en-gaza-dw-07-05-2025","status":"publish","type":"post","link":"https:\/\/noticiasveraces.com\/?p=26206","title":{"rendered":"Pa\u00edses europeos rechazan plan de ocupaci\u00f3n israel\u00ed en Gaza \u2013 DW \u2013 07\/05\/2025"},"content":{"rendered":"<p> \n<\/p>\n<div>\n<p>Los ministros de Exteriores de Espa\u00f1a, Islandia, Irlanda, Noruega, Eslovenia y Luxemburgo rechazaron este mi\u00e9rcoles el plan israel\u00ed de ampliar sus operaciones en Gaza y retener la franja, lo que marcar\u00eda \u00abuna nueva y peligrosa escalada\u00bb que har\u00eda peligrar una soluci\u00f3n viable de dos Estados.<\/p>\n<p>En una declaraci\u00f3n conjunta en la que piden \u00abmoderaci\u00f3n\u00bb a Israel, los seis ministros europeos advirtieron de que una nueva escalada militar en Gaza \u00abno har\u00e1 sino agravar una situaci\u00f3n ya de por s\u00ed catastr\u00f3fica\u00bb para los civiles palestinos y pone en peligro la vida de los rehenes que permanecen cautivos.<\/p>\n<p>\u00abRechazamos firmemente cualquier cambio demogr\u00e1fico o territorial en Gaza, incluido cualquier plan que fuerce o facilite el desplazamiento permanente de su poblaci\u00f3n\u00bb, lo que supondr\u00eda una violaci\u00f3n del derecho internacional, alertaron.<\/p>\n<p>Tambi\u00e9n se oponen \u00abfirmemente\u00bb a cualquier sistema que no garantice que toda la poblaci\u00f3n tenga acceso a ayuda humanitaria, que sigue sin entrar desde hace m\u00e1s de dos meses por el bloqueo de Israel.<\/p>\n<p><span data-slot-id=\"Article_InContent-1\" class=\"rich-text-ad\"\/><\/p>\n<h2><strong>Denuncian \u00abendurecimiento\u00bb de Israel en Gaza<\/strong><\/h2>\n<p>Los firmantes de la declaraci\u00f3n recordaron que a pesar de los reiterados llamamientos para que se levanten estas medias de bloqueo, Israel, \u00aben lugar de suavizarlas, las ha endurecido a\u00fan m\u00e1s\u00bb.<\/p>\n<p>Al respecto, exigieron que se levanten inmediatamente las trabas para que pueda llegar la ayuda humanitaria, insistiendo en que \u00abes esencial\u00bb facilitar ayuda a todos los civiles que la necesitan, sin discriminaci\u00f3n, y seguir los dem\u00e1s principios humanitarios de imparcialidad, independencia y neutralidad.<\/p>\n<p>Adem\u00e1s, recalcaron que lo que se necesita \u00abcon m\u00e1s urgencia que nunca\u00bb es la reanudaci\u00f3n del alto el fuego y la liberaci\u00f3n incondicional de todos los rehenes.<\/p>\n<figure class=\"placeholder-image master_landscape big\"><img data-format=\"MASTER_LANDSCAPE\" data-id=\"72185643\" data-url=\"https:\/\/static.dw.com\/image\/72185643_${formatId}.jpg\" data-aspect-ratio=\"16\/9\" alt=\"Da\u00f1os a edificios residenciales en la Franja de Gaza, causados por un bombardeo a\u00e9reo del ej\u00e9rcito de Israel, el pasado mes de abril.\" style=\"padding-bottom: 56.25%; height: 0; max-height: 0;\"\/><figcaption class=\"img-caption\">Da\u00f1os a edificios residenciales en la Franja de Gaza, causados por un bombardeo a\u00e9reo del ej\u00e9rcito de Israel, el pasado mes de abril.<small class=\"copyright\">Imagen: Omar Al-Qattaa\/AFP\/Getty Images<\/small><\/figcaption><\/figure>\n<p>De la misma manera, reafirmaron su apoyo \u00abinquebrantable\u00bb a la soluci\u00f3n de los dos Estados, Israel y Palestina \u00abconviviendo en paz y seguridad\u00bb, y subrayaron que Gaza es parte integrante de Palestina.<\/p>\n<p>Los ministros que suscriben la declaraci\u00f3n en contra de los nuevos planes israel\u00edes son los de Espa\u00f1a, Jos\u00e9 Manuel Albares; Islandia, \u00deorger\u00f0ur Katr\u00edn Gunnarsd\u00f3ttir; Irlanda, Simon Harris; Luxemburgo, Xavier Bettel; Noruega, Espen Barth Eide; y Eslovenia, Tanja Fajon.<\/p>\n<p>El Gobierno israel\u00ed dio luz verde el lunes a implementar una nueva campa\u00f1a militar para \u00abocupar y retener los territorios\u00bb de la Franja de Gaza, golpeada por las bombas israel\u00edes desde hace m\u00e1s de a\u00f1o y medio, y a reanudar la entrada de ayuda a trav\u00e9s de empresas norteamericanas para privar a Ham\u00e1s de su acceso.<\/p>\n<p>(Efe, AFP\/El)<\/p>\n<\/div>\n\n","protected":false},"excerpt":{"rendered":"<p>Los ministros de Exteriores de Espa\u00f1a, Islandia, Irlanda, Noruega, Eslovenia y Luxemburgo rechazaron este mi\u00e9rcoles el plan israel\u00ed de ampliar sus operaciones en Gaza y retener la franja, lo que marcar\u00eda \u00abuna nueva y peligrosa escalada\u00bb que har\u00eda peligrar una soluci\u00f3n viable de dos Estados. En una declaraci\u00f3n conjunta en la que piden \u00abmoderaci\u00f3n\u00bb a &hellip;<\/p>\n","protected":false},"author":1,"featured_media":26207,"comment_status":"open","ping_status":"open","sticky":false,"template":"","format":"standard","meta":{"fifu_image_url":"https:\/\/static.dw.com\/image\/72294032_6.jpg","fifu_image_alt":"","footnotes":""},"categories":[13],"tags":[],"class_list":["post-26206","post","type-post","status-publish","format-standard","has-post-thumbnail","","category-mundo"],"_links":{"self":[{"href":"https:\/\/noticiasveraces.com\/index.php?rest_route=\/wp\/v2\/posts\/26206","targetHints":{"allow":["GET"]}}],"collection":[{"href":"https:\/\/noticiasveraces.com\/index.php?rest_route=\/wp\/v2\/posts"}],"about":[{"href":"https:\/\/noticiasveraces.com\/index.php?rest_route=\/wp\/v2\/types\/post"}],"author":[{"embeddable":true,"href":"https:\/\/noticiasveraces.com\/index.php?rest_route=\/wp\/v2\/users\/1"}],"replies":[{"embeddable":true,"href":"https:\/\/noticiasveraces.com\/index.php?rest_route=%2Fwp%2Fv2%2Fcomments&post=26206"}],"version-history":[{"count":0,"href":"https:\/\/noticiasveraces.com\/index.php?rest_route=\/wp\/v2\/posts\/26206\/revisions"}],"wp:featuredmedia":[{"embeddable":true,"href":"https:\/\/noticiasveraces.com\/index.php?rest_route=\/wp\/v2\/media\/26207"}],"wp:attachment":[{"href":"https:\/\/noticiasveraces.com\/index.php?rest_route=%2Fwp%2Fv2%2Fmedia&parent=26206"}],"wp:term":[{"taxonomy":"category","embeddable":true,"href":"https:\/\/noticiasveraces.com\/index.php?rest_route=%2Fwp%2Fv2%2Fcategories&post=26206"},{"taxonomy":"post_tag","embeddable":true,"href":"https:\/\/noticiasveraces.com\/index.php?rest_route=%2Fwp%2Fv2%2Ftags&post=26206"}],"curies":[{"name":"wp","href":"https:\/\/api.w.org\/{rel}","templated":true}]}}