{"id":26176,"date":"2025-05-07T04:55:55","date_gmt":"2025-05-07T08:55:55","guid":{"rendered":"https:\/\/noticiasveraces.com\/?p=26176"},"modified":"2025-05-07T04:55:55","modified_gmt":"2025-05-07T08:55:55","slug":"conclave-vaticano-comenzo-con-misa-solemne-dw-07-05-2025","status":"publish","type":"post","link":"https:\/\/noticiasveraces.com\/?p=26176","title":{"rendered":"C\u00f3nclave vaticano comenz\u00f3 con misa solemne \u2013 DW \u2013 07\/05\/2025"},"content":{"rendered":"<p> \n<\/p>\n<div>\n<p>Los 133 cardenales electores se trasladaron desde el martes pasado (06.05.2025) a la residencia de Santa Marta y otras dependencias en el Vaticano, donde se alojar\u00e1n durante todo el c\u00f3nclave. Formalmente, el c\u00f3nclave para elegir al sucesor del fallecido papa Francisco comenz\u00f3 este mi\u00e9rcoles. Los pasos del c\u00f3nclave son regidos por la constituci\u00f3n apost\u00f3lica <em>El universo dominio del reba\u00f1o<\/em>promulgada por Juan Pablo II en 1996.<\/p>\n<p>Los cardenales electores participan en una misa solemne en la bas\u00edlica de San Pedro.\u00a0El decano del colegio cardenalicio, Giovanni Battista Re, asegur\u00f3 que \u00abes fuerte la llamada a mantener la unidad de la Iglesia\u00bb en su homil\u00eda de la misa &#8216;Pro eligendo pontifice&#8217;, ante los 133 cardenales electores en la bas\u00edlica de San Pedro antes de comenzar el c\u00f3nclave para elegir al sucesor de Francisco.<\/p>\n<p>Pidi\u00f3 rezar \u00abpara que Dios conceda a la Iglesia el Papa que mejor sepa despertar las conciencias de todos y las fuerzas morales y espirituales en la sociedad actual, caracterizada por un gran progreso tecnol\u00f3gico, pero que tiende a olvidarse de Dios\u00bb, asegur\u00f3 Re. <\/p>\n<p>\u00abLa unidad de la Iglesia es querida por Cristo; una unidad que no significa uniformidad, sino una firme y profunda comuni\u00f3n en la diversidad\u00bb, dijo. <\/p>\n<p>Por la tarde, ataviados con el h\u00e1bito coral, los cardenales electores se reunir\u00e1n en la Capilla Paulina del Palacio Apost\u00f3lico y, en procesi\u00f3n hacia la Capilla Sixtina, invocar\u00e1n la asistencia del Esp\u00edritu Santo. Ante el fresco del Juicio Final pintado por Miguel \u00c1ngel, los cardenales prestar\u00e1n juramento con la mano sobre el Evangelio.<\/p>\n<h2><strong>La primera votaci\u00f3n ser\u00e1 hoy mismo<\/strong><\/h2>\n<p>Seg\u00fan un ritual heredado de la Edad Media, el maestro de ceremonias pronuncia la frase \u00abextra omnes\u00bb (todos fuera). Las personas que no participan en la elecci\u00f3n abandonan la sala y, a continuaci\u00f3n, se cierran las puertas. El objetivo es que los cardenales eviten las influencias exteriores.<\/p>\n<p>La primera votaci\u00f3n est\u00e1 programada para esta tarde, pero se considera improbable una decisi\u00f3n r\u00e1pida. Se requiere una mayor\u00eda de dos tercios para elegir un nuevo papa.<\/p>\n<p>(AFP, Efe \/El)<\/p>\n<\/div>\n\n","protected":false},"excerpt":{"rendered":"<p>Los 133 cardenales electores se trasladaron desde el martes pasado (06.05.2025) a la residencia de Santa Marta y otras dependencias en el Vaticano, donde se alojar\u00e1n durante todo el c\u00f3nclave. Formalmente, el c\u00f3nclave para elegir al sucesor del fallecido papa Francisco comenz\u00f3 este mi\u00e9rcoles. Los pasos del c\u00f3nclave son regidos por la constituci\u00f3n apost\u00f3lica El &hellip;<\/p>\n","protected":false},"author":1,"featured_media":26177,"comment_status":"open","ping_status":"open","sticky":false,"template":"","format":"standard","meta":{"fifu_image_url":"https:\/\/static.dw.com\/image\/71078202_6.jpg","fifu_image_alt":"","footnotes":""},"categories":[13],"tags":[],"class_list":["post-26176","post","type-post","status-publish","format-standard","has-post-thumbnail","","category-mundo"],"_links":{"self":[{"href":"https:\/\/noticiasveraces.com\/index.php?rest_route=\/wp\/v2\/posts\/26176","targetHints":{"allow":["GET"]}}],"collection":[{"href":"https:\/\/noticiasveraces.com\/index.php?rest_route=\/wp\/v2\/posts"}],"about":[{"href":"https:\/\/noticiasveraces.com\/index.php?rest_route=\/wp\/v2\/types\/post"}],"author":[{"embeddable":true,"href":"https:\/\/noticiasveraces.com\/index.php?rest_route=\/wp\/v2\/users\/1"}],"replies":[{"embeddable":true,"href":"https:\/\/noticiasveraces.com\/index.php?rest_route=%2Fwp%2Fv2%2Fcomments&post=26176"}],"version-history":[{"count":0,"href":"https:\/\/noticiasveraces.com\/index.php?rest_route=\/wp\/v2\/posts\/26176\/revisions"}],"wp:featuredmedia":[{"embeddable":true,"href":"https:\/\/noticiasveraces.com\/index.php?rest_route=\/wp\/v2\/media\/26177"}],"wp:attachment":[{"href":"https:\/\/noticiasveraces.com\/index.php?rest_route=%2Fwp%2Fv2%2Fmedia&parent=26176"}],"wp:term":[{"taxonomy":"category","embeddable":true,"href":"https:\/\/noticiasveraces.com\/index.php?rest_route=%2Fwp%2Fv2%2Fcategories&post=26176"},{"taxonomy":"post_tag","embeddable":true,"href":"https:\/\/noticiasveraces.com\/index.php?rest_route=%2Fwp%2Fv2%2Ftags&post=26176"}],"curies":[{"name":"wp","href":"https:\/\/api.w.org\/{rel}","templated":true}]}}