{"id":26130,"date":"2025-05-06T21:45:13","date_gmt":"2025-05-07T01:45:13","guid":{"rendered":"https:\/\/noticiasveraces.com\/?p=26130"},"modified":"2025-05-06T21:45:13","modified_gmt":"2025-05-07T01:45:13","slug":"todo-listo-para-conclave-que-elegira-al-sucesor-de-francisco-dw-07-05-2025","status":"publish","type":"post","link":"https:\/\/noticiasveraces.com\/?p=26130","title":{"rendered":"Todo listo para c\u00f3nclave que elegir\u00e1 al sucesor de Francisco \u2013 DW \u2013 07\/05\/2025"},"content":{"rendered":"<p> \n<\/p>\n<div>\n<p>Los cardenales que elegir\u00e1n al sucesor del papa Francisco comenzaron a instalarse este martes (06.05.2025) en el Vaticano, que ya dispuso los largos mesones y las sillas en la majestuosa Capilla Sixtina, escenario del esperado y crucial c\u00f3nclave.<\/p>\n<p>La identidad del futuro pont\u00edfice es la gran inc\u00f3gnita en un c\u00f3nclave que expertos anticipan abierto y sin claros favoritos, despu\u00e9s que el pontificado reformista del jesuita argentino despertara un fervor popular y una divisi\u00f3n en el seno de la Iglesia.<\/p>\n<p>\u00abQue no sea muy cerrado, que al contrario apoye a nuestra juventud que viene con unos valores tal vez diferentes a nosotros\u00bb, asegur\u00f3 a AFP la mexicana Ver\u00f3nica de Garc\u00eda, de turismo en el Vaticano.<\/p>\n<p>El cardenal y arzobispo de Argel, Jean-Paul Vesco, indic\u00f3 que existen \u00abal menos cinco o seis\u00bb personalidades que podr\u00edan ser elegidas, en una entrevista al diario italiano Corriere della Sera.<\/p>\n<p>\u00abPero no hay ninguno que &#8216;aplaste&#8217; a los dem\u00e1s, ninguno del que se pueda pensar: Ser\u00e1 \u00e9l\u00bb, dijo.<\/p>\n<p>El c\u00f3nclave empezar\u00e1 oficialmente el mi\u00e9rcoles. El Vaticano difundi\u00f3 la v\u00edspera im\u00e1genes de la Capilla Sixtina que dan muestra de la solemnidad: varias hileras de mesones aparecen engalanados con telas marrones y rojas, sobre las cuales aparecen los nombres de los cardenales.<\/p>\n<p>A partir de las 15H00 (13H00 GMT) del mi\u00e9rcoles, se cortar\u00e1n las se\u00f1ales telef\u00f3nicas en el interior del Vaticano para aislar a los purpurados de influencias externas.<\/p>\n<p>Durante el c\u00f3nclave, los \u00abpr\u00edncipes de la Iglesia\u00bb deben permanecer sin tel\u00e9fono ni acceso a internet ni a medios de comunicaci\u00f3n, y guardar secreto sobre todo lo relativo a la elecci\u00f3n del nuevo sumo pont\u00edfice.<\/p>\n<p>En la vecina plaza de San Pedro, miles de personas mirar\u00e1n la chimenea instalada en el tejado de la Capilla Sixtina a la espera de vislumbrar el humo blanco, primera se\u00f1al de la elecci\u00f3n del 267\u00ba papa.<\/p>\n<p>La elecci\u00f3n de Benedicto XVI en 2005 y la de Francisco en 2013 tomaron dos d\u00edas. Pero algunos esperan ahora que sea m\u00e1s largo, m\u00e1xime cuando es el c\u00f3nclave m\u00e1s internacional de la Historia con cardenales procedentes de 70 pa\u00edses. <\/p>\n<p><span data-slot-id=\"Article_InContent-1\" class=\"rich-text-ad\"\/><\/p>\n<h2>\u00daltima reuni\u00f3n preparatoria<\/h2>\n<p>El elevado n\u00famero de cardenales electores hizo que la residencia de Santa Marta, donde suelen alojarse desde el c\u00f3nclave de 2005, se quedara peque\u00f1a y se tuviera que habilitar un edificio vecino, que suele acoger a funcionarios vaticanos.<\/p>\n<p>Antes de 2005, los purpurados se alojaban en habitaciones improvisadas en el Palacio Apost\u00f3lico, m\u00e1s inc\u00f3modas y con pocos ba\u00f1os, por lo que el papa Juan Pablo II decidi\u00f3 construir la actual residencia.<\/p>\n<p>Santa Marta, donde decidi\u00f3 vivir adem\u00e1s Francisco, dispone de habitaciones con ba\u00f1o privado y servicios similares a los de un hotel. La asignaci\u00f3n de los cuartos a los cardenales se hizo por sorteo.<\/p>\n<p>Los purpurados pueden trasladarse all\u00ed hasta la misa del mi\u00e9rcoles en la bas\u00edlica de San Pedro que precede al c\u00f3nclave. Para entonces, deber\u00e1n haber dejado a buen recaudo sus celulares.<\/p>\n<p>El personal que les prestar\u00e1 apoyo durante la elecci\u00f3n &#8211;m\u00e9dicos, ascensoristas, personal de comedor y de limpieza, etc.&#8211; tambi\u00e9n jur\u00f3 el lunes guardar el secreto de lo que ocurra, so pena de excomuni\u00f3n.<\/p>\n<p>Este martes, los purpurados participaron en su \u00faltima reuni\u00f3n preparatoria que celebran casi a diario desde el deceso de Jorge Mario Bergoglio el 21 de abril y en las que abordan varias cuestiones sobre la Iglesia.<\/p>\n<p>A su t\u00e9rmino, realizaron un llamado a la paz \u00aben Ucrania, Oriente Medio y muchas otras partes del mundo\u00bb, en una declaraci\u00f3n escrita. La v\u00edspera antes de morir, Francisco hab\u00eda llamado una vez m\u00e1s a poner fin a los conflictos.<\/p>\n<p>En las reuniones, los cardenales tambi\u00e9n conversaron sobre las finanzas vaticanas, el esc\u00e1ndalo de las agresiones sexuales, la unidad de la Iglesia y el perfil del pr\u00f3ximo papa, al tiempo que muchos aprovecharon para conocerse.<\/p>\n<p>\u00abSe esboz\u00f3 el perfil de un papa pastor, maestro de humanidad, capaz de encarnar el rostro de una Iglesia samaritana, cercana a las necesidades y heridas de la humanidad\u00bb, indic\u00f3 este martes el servicio de prensa del Vaticano.<\/p>\n<p>Las discusiones alimentan as\u00ed la reflexi\u00f3n de cara al voto final en la Capilla Sixtina, ante el fresco del Juicio Final pintado por Miguel \u00c1ngel en el siglo XVI.<\/p>\n<p>Mg (AFP, Efe)<\/p>\n<\/p>\n<\/div>\n\n","protected":false},"excerpt":{"rendered":"<p>Los cardenales que elegir\u00e1n al sucesor del papa Francisco comenzaron a instalarse este martes (06.05.2025) en el Vaticano, que ya dispuso los largos mesones y las sillas en la majestuosa Capilla Sixtina, escenario del esperado y crucial c\u00f3nclave. La identidad del futuro pont\u00edfice es la gran inc\u00f3gnita en un c\u00f3nclave que expertos anticipan abierto y &hellip;<\/p>\n","protected":false},"author":1,"featured_media":26131,"comment_status":"open","ping_status":"open","sticky":false,"template":"","format":"standard","meta":{"fifu_image_url":"https:\/\/static.dw.com\/image\/72375764_6.jpg","fifu_image_alt":"","footnotes":""},"categories":[13],"tags":[],"class_list":["post-26130","post","type-post","status-publish","format-standard","has-post-thumbnail","","category-mundo"],"_links":{"self":[{"href":"https:\/\/noticiasveraces.com\/index.php?rest_route=\/wp\/v2\/posts\/26130","targetHints":{"allow":["GET"]}}],"collection":[{"href":"https:\/\/noticiasveraces.com\/index.php?rest_route=\/wp\/v2\/posts"}],"about":[{"href":"https:\/\/noticiasveraces.com\/index.php?rest_route=\/wp\/v2\/types\/post"}],"author":[{"embeddable":true,"href":"https:\/\/noticiasveraces.com\/index.php?rest_route=\/wp\/v2\/users\/1"}],"replies":[{"embeddable":true,"href":"https:\/\/noticiasveraces.com\/index.php?rest_route=%2Fwp%2Fv2%2Fcomments&post=26130"}],"version-history":[{"count":0,"href":"https:\/\/noticiasveraces.com\/index.php?rest_route=\/wp\/v2\/posts\/26130\/revisions"}],"wp:featuredmedia":[{"embeddable":true,"href":"https:\/\/noticiasveraces.com\/index.php?rest_route=\/wp\/v2\/media\/26131"}],"wp:attachment":[{"href":"https:\/\/noticiasveraces.com\/index.php?rest_route=%2Fwp%2Fv2%2Fmedia&parent=26130"}],"wp:term":[{"taxonomy":"category","embeddable":true,"href":"https:\/\/noticiasveraces.com\/index.php?rest_route=%2Fwp%2Fv2%2Fcategories&post=26130"},{"taxonomy":"post_tag","embeddable":true,"href":"https:\/\/noticiasveraces.com\/index.php?rest_route=%2Fwp%2Fv2%2Ftags&post=26130"}],"curies":[{"name":"wp","href":"https:\/\/api.w.org\/{rel}","templated":true}]}}