{"id":26114,"date":"2025-05-06T16:32:48","date_gmt":"2025-05-06T20:32:48","guid":{"rendered":"https:\/\/noticiasveraces.com\/?p=26114"},"modified":"2025-05-06T16:32:48","modified_gmt":"2025-05-06T20:32:48","slug":"por-que-friedrich-merz-es-tan-impopular-en-alemania-dw-06-05-2025","status":"publish","type":"post","link":"https:\/\/noticiasveraces.com\/?p=26114","title":{"rendered":"\u00bfPor qu\u00e9 Friedrich Merz es tan impopular en Alemania? \u2013 DW \u2013 06\/05\/2025"},"content":{"rendered":"<p> \n<\/p>\n<div>\n<p>Friedrich Merz\u00a0no ha podido celebrar a gusto su elecci\u00f3n como canciller de Alemania, este 6 de mayo de 2025. Demasiados sobresaltos hubo en la jornada, que comenz\u00f3 con una debacle en el Parlamento, ya que le fue necesaria una segunda votaci\u00f3n para obtener la mayor\u00eda absoluta.<\/p>\n<p>Al margen de lo ocurrido en el Bundestag, la popularidad del jefe de la Uni\u00f3n Cristianodem\u00f3crata (CDU) parece ir en permanente declive. Seg\u00fan una encuesta realizada en abril de 2025 por el instituto Forsa, por encargo de la revista <em>Popa<\/em>solo el 21 por ciento de los consultados lo considera fiable; un tres por ciento menos que en enero, y un nueve por ciento menos que en agosto del a\u00f1o pasado.<\/p>\n<p>La misma encuesta revel\u00f3 que solo un 40 por ciento estima que Merz es un l\u00edder fuerte, y \u00fanicamente el 27 por ciento piensa que \u00absabe lo que le preocupa a la gente\u201d.\u00a0Pero hay un aspecto en el\u00a0que una mayor\u00eda le da\u00a0el visto bueno: cerca del 60 por ciento de los entrevistados cree que \u00abhabla en forma comprensible\u201d.<\/p>\n<h2>P\u00e9rdida de representatividad<\/h2>\n<p>No es sorpresa que Merz no goce\u00a0de una gran popularidad. Pero no todo es culpa suya, a juicio de Ursula M\u00fcnch, directora de la Academia Tutzin de Educaci\u00f3n Pol\u00edtica, de Baviera. \u00abLas circunstancias son muy diferentes a las que hab\u00eda\u00a0antes\u201d, comenta M\u00fcnch\u00a0a DW.<\/p>\n<p>Y es que\u00a0a Merz no le ha tocado un momento pol\u00edtico muy afortunado. En lenguaje com\u00fan, se suele denominar \u00abgran coalici\u00f3n\u201d al tipo de\u00a0alianza que lidera, formada por los partidos CDU y los socialdem\u00f3cratas del SPD. Ambas formaciones\u00a0representaron durante d\u00e9cadas a la mayor\u00eda del electorado alem\u00e1n (a veces incluso a m\u00e1s del 80 por ciento).<\/p>\n<p>Pero, en el fragmentado escenario de 2025, en el que han surgido muchos nuevos actores, los dos grandes partidos de centro aglutinan, a lo sumo, a un 45 por ciento de los votantes.<\/p>\n<p><span data-slot-id=\"Article_InContent-1\" class=\"rich-text-ad\"\/><\/p>\n<h2>Los problemas de credibilidad de Merz<\/h2>\n<p>Hay dos razones por las que la percepci\u00f3n de la fiabilidad de Merz podr\u00eda haber ca\u00eddo en los \u00faltimos meses. En enero, Merz falt\u00f3 a su propia palabra cuando se convirti\u00f3 en el primer l\u00edder de la CDU en sacar adelante una moci\u00f3n en el Bundestag con el apoyo del partido Alternativa para Alemania (AfD),catalogado recientemente como de extrema derecha por el servicio de inteligencia alem\u00e1n.<\/p>\n<p>Sin embargo, a los partidarios de la CDU les pareci\u00f3 a\u00fan m\u00e1s grave el giro que Merz dio unas semanas despu\u00e9s: en marzo, el l\u00edder conservador acord\u00f3 con el SPD y los Verdes una reforma del tope de deuda fiscal, lo que allan\u00f3 el camino para contraer nuevos cr\u00e9ditos por hasta 1 bill\u00f3n de euros (1,14 billones de d\u00f3lares), algo que hab\u00eda descartado expresamente durante toda la campa\u00f1a electoral.<\/p>\n<p>Como era de esperar, muchos de sus votantes se sintieron traicionados. En una encuesta de la cadena p\u00fablica ZDF en aquel momento, alrededor del 73 por ciento\u00a0de los alemanes coincidieron en que hab\u00eda enga\u00f1ado a los votantes, incluido un 44 por ciento\u00a0de los partidarios de la CDU.<\/p>\n<h2>Impopular entre las mujeres j\u00f3venes<\/h2>\n<p>Los problemas de imagen de Merz son, sin embargo, de antigua data. Una encuesta de marzo de 2024 indic\u00f3 que era el candidato favorito de solo un nueve por ciento de las mujeres de entre 18 y 29 a\u00f1os.<\/p>\n<p>Las acusaciones de misoginia de que ha sido blanco podr\u00edan explicar su escasa popularidad entre el electorado femenino. En 1997,\u00a0Merz fue uno de los miembros del Bundestag que vot\u00f3 en contra de tipificar como delito la violaci\u00f3n dentro del matrimonio.<\/p>\n<p>Merz tambi\u00e9n es impopular en el este de Alemania, donde en las encuestas previas a las elecciones lo\u00a0situ\u00f3 por detr\u00e1s de Alice Weidel, de AfD, y de Olaf Scholz, del SPD, en parte, al parecer, por su actitud beligerante hacia Rusia.<\/p>\n<p>(ERS\/MS)<\/p>\n<\/p>\n<\/div>\n\n","protected":false},"excerpt":{"rendered":"<p>Friedrich Merz\u00a0no ha podido celebrar a gusto su elecci\u00f3n como canciller de Alemania, este 6 de mayo de 2025. Demasiados sobresaltos hubo en la jornada, que comenz\u00f3 con una debacle en el Parlamento, ya que le fue necesaria una segunda votaci\u00f3n para obtener la mayor\u00eda absoluta. Al margen de lo ocurrido en el Bundestag, la &hellip;<\/p>\n","protected":false},"author":1,"featured_media":26115,"comment_status":"open","ping_status":"open","sticky":false,"template":"","format":"standard","meta":{"fifu_image_url":"https:\/\/static.dw.com\/image\/72453341_6.jpg","fifu_image_alt":"","footnotes":""},"categories":[13],"tags":[],"class_list":["post-26114","post","type-post","status-publish","format-standard","has-post-thumbnail","","category-mundo"],"_links":{"self":[{"href":"https:\/\/noticiasveraces.com\/index.php?rest_route=\/wp\/v2\/posts\/26114","targetHints":{"allow":["GET"]}}],"collection":[{"href":"https:\/\/noticiasveraces.com\/index.php?rest_route=\/wp\/v2\/posts"}],"about":[{"href":"https:\/\/noticiasveraces.com\/index.php?rest_route=\/wp\/v2\/types\/post"}],"author":[{"embeddable":true,"href":"https:\/\/noticiasveraces.com\/index.php?rest_route=\/wp\/v2\/users\/1"}],"replies":[{"embeddable":true,"href":"https:\/\/noticiasveraces.com\/index.php?rest_route=%2Fwp%2Fv2%2Fcomments&post=26114"}],"version-history":[{"count":0,"href":"https:\/\/noticiasveraces.com\/index.php?rest_route=\/wp\/v2\/posts\/26114\/revisions"}],"wp:featuredmedia":[{"embeddable":true,"href":"https:\/\/noticiasveraces.com\/index.php?rest_route=\/wp\/v2\/media\/26115"}],"wp:attachment":[{"href":"https:\/\/noticiasveraces.com\/index.php?rest_route=%2Fwp%2Fv2%2Fmedia&parent=26114"}],"wp:term":[{"taxonomy":"category","embeddable":true,"href":"https:\/\/noticiasveraces.com\/index.php?rest_route=%2Fwp%2Fv2%2Fcategories&post=26114"},{"taxonomy":"post_tag","embeddable":true,"href":"https:\/\/noticiasveraces.com\/index.php?rest_route=%2Fwp%2Fv2%2Ftags&post=26114"}],"curies":[{"name":"wp","href":"https:\/\/api.w.org\/{rel}","templated":true}]}}