{"id":26088,"date":"2025-05-06T14:29:33","date_gmt":"2025-05-06T18:29:33","guid":{"rendered":"https:\/\/noticiasveraces.com\/?p=26088"},"modified":"2025-05-06T14:29:33","modified_gmt":"2025-05-06T18:29:33","slug":"la-turbulenta-eleccion-de-merz-el-nuevo-canciller-aleman-dw-06-05-2025","status":"publish","type":"post","link":"https:\/\/noticiasveraces.com\/?p=26088","title":{"rendered":"La turbulenta elecci\u00f3n de Merz, el nuevo canciller alem\u00e1n \u2013 DW \u2013 06\/05\/2025"},"content":{"rendered":"<p> \n<\/p>\n<div>\n<p>Al final, acab\u00f3 funcionando la cosa: tras un turbulento episodio y momentos de zozobra, Friedrich Merz logr\u00f3 en segunda votaci\u00f3n la mayor\u00eda absoluta en el Bundestag y fue elegido elegido canciller de Alemania.\u00a0Por Merz, l\u00edder del partido\u00a0Uni\u00f3n Cristianodem\u00f3crata (CDU), votaron 325 parlamentarios; 289 lo hicieron en contra. Visiblemente aliviado, y algo agotado, Merz agradeci\u00f3 y acept\u00f3 el cargo.<\/p>\n<h2>Debacle \u00abhist\u00f3rica\u00bb<\/h2>\n<p>Los presentes en el Bundestag dif\u00edcilmente podr\u00e1n olvidar este d\u00eda, calificado de \u00abhist\u00f3rico\u201d. Porque, en la primera votaci\u00f3n, Merz no consigui\u00f3 la mayor\u00eda necesaria y es es algo que\u00a0no hab\u00eda ocurrido jam\u00e1s en la historia de la Rep\u00fablica Federal de Alemania.<\/p>\n<p>Desde Konrad Adenauer hasta Olaf Scholz, todos los cancilleres han\u00a0sido elegidos\u00a0en primera votaci\u00f3n, sin necesidad de un segundo intento. Pero, en esta Alemania de 2025, ya nada es como antes.<\/p>\n<p>En la primera vuelta, Merz obtuvo 310 votos de los 316 que requer\u00eda para ser canciller. \u00bfC\u00f3mo pudo ocurrir eso? Los partidos que integran la nueva coalici\u00f3n de Gobierno (la CDU, su ala b\u00e1vara, CSU, y el SPD) suman 328 esca\u00f1os en el Bundestag, de modo que hubo 18 parlamentarios de ese bloque que le negaron su apoyo. Como la votaci\u00f3n es secreta, resulta dif\u00edcil identificarlos, pero, ciertamente, tienen que haber sido cristianodem\u00f3cratas o socialdem\u00f3cratas.<\/p>\n<p><span data-slot-id=\"Article_InContent-1\" class=\"rich-text-ad\"\/><\/p>\n<h2>Oposici\u00f3n: \u00abP\u00e9rdida de autoridad\u00bb<\/h2>\n<p>Todos quedaron petrificados cuando la presidenta del Parlamento, Julia Kl\u00f6ckner, anunci\u00f3 el resultado de la primera votaci\u00f3n. Merz abandon\u00f3 la sala de plenarios, que r\u00e1pidamente se vaci\u00f3. Las bancadas fueron convocadas a sesiones de urgencia.<\/p>\n<p>La exparlamentaria de Los Verdes Renate K\u00fcnast dijo ante las c\u00e1maras del canal de TV \u00abPhoenix\u00bb que lo ocurrido implicaba una \u00abgran p\u00e9rdida de autoridad\u201d para Merz, agregando que al nuevo canciller le ser\u00e1 dif\u00edcil desembarazarse del episodio vivido.<\/p>\n<figure class=\"placeholder-image master_landscape big\"><img data-format=\"MASTER_LANDSCAPE\" data-id=\"72450713\" data-url=\"https:\/\/static.dw.com\/image\/72450713_${formatId}.jpg\" data-aspect-ratio=\"16\/9\" alt=\"Friedrich Merz.\" style=\"padding-bottom: 56.25%; height: 0; max-height: 0;\"\/><figcaption class=\"img-caption\">Grande fue el desconcierto tras el resultado de la primera votaci\u00f3n.<small class=\"copyright\">Imagen: Fabrizio Bensch\/Reuters<\/small><\/figcaption><\/figure>\n<p>Naturalmente, hubo muchas especulaciones. Es un secreto a voces que no todos los parlamentarios del SPD simpatizan con Merz. Y muchos de sus propios correligionarios de la CDU le han tomado\u00a0a mal que haya abierto el camino acontraer m\u00e1s deuda fiscal, con la venia de socialdem\u00f3cratas y verdes. Tal vez\u00a0sus oponentes dentro de sus propias filas hayan querido enviar una se\u00f1al y, por eso, votaron en primera vuelta en su contra.<\/p>\n<p>El episodio fue agua para los molinos del partido Alternativa para Alemania (AfD), catalogado de \u00abextrema derecha\u201d por el servicio de inteligencia. Alice Weidel, su co-presidenta, declar\u00f3 este martes a DW: \u00abDado que Merz ni siquiera puede conseguir el apoyo de su propia gente, \u00bfqu\u00e9 tipo de Gobierno ser\u00e1 este?\u201d<\/p>\n<p>Finalmente, Merz logr\u00f3\u00a0los votos necesarios y asumir el cargo de canciller de Alemania. El\u00a0mi\u00e9rcoles, 7 de mayo de 2025, realizar\u00e1 su primer viaje como\u00a0tal\u00a0a Par\u00eds y Varsovia. Y tambi\u00e9n se propone visitar lo antes posible al presidente estadounidense, Donald Trump. Todo esto, con la esperanza de que este accidentado inicio de su Gobierno caiga pronto en el olvido, tambi\u00e9n a nivel internacional.<\/p>\n<p>(ERS\/MS)<\/p>\n<\/p>\n<\/div>\n\n","protected":false},"excerpt":{"rendered":"<p>Al final, acab\u00f3 funcionando la cosa: tras un turbulento episodio y momentos de zozobra, Friedrich Merz logr\u00f3 en segunda votaci\u00f3n la mayor\u00eda absoluta en el Bundestag y fue elegido elegido canciller de Alemania.\u00a0Por Merz, l\u00edder del partido\u00a0Uni\u00f3n Cristianodem\u00f3crata (CDU), votaron 325 parlamentarios; 289 lo hicieron en contra. Visiblemente aliviado, y algo agotado, Merz agradeci\u00f3 y &hellip;<\/p>\n","protected":false},"author":1,"featured_media":26089,"comment_status":"open","ping_status":"open","sticky":false,"template":"","format":"standard","meta":{"fifu_image_url":"https:\/\/static.dw.com\/image\/72452657_6.jpg","fifu_image_alt":"","footnotes":""},"categories":[13],"tags":[],"class_list":["post-26088","post","type-post","status-publish","format-standard","has-post-thumbnail","","category-mundo"],"_links":{"self":[{"href":"https:\/\/noticiasveraces.com\/index.php?rest_route=\/wp\/v2\/posts\/26088","targetHints":{"allow":["GET"]}}],"collection":[{"href":"https:\/\/noticiasveraces.com\/index.php?rest_route=\/wp\/v2\/posts"}],"about":[{"href":"https:\/\/noticiasveraces.com\/index.php?rest_route=\/wp\/v2\/types\/post"}],"author":[{"embeddable":true,"href":"https:\/\/noticiasveraces.com\/index.php?rest_route=\/wp\/v2\/users\/1"}],"replies":[{"embeddable":true,"href":"https:\/\/noticiasveraces.com\/index.php?rest_route=%2Fwp%2Fv2%2Fcomments&post=26088"}],"version-history":[{"count":0,"href":"https:\/\/noticiasveraces.com\/index.php?rest_route=\/wp\/v2\/posts\/26088\/revisions"}],"wp:featuredmedia":[{"embeddable":true,"href":"https:\/\/noticiasveraces.com\/index.php?rest_route=\/wp\/v2\/media\/26089"}],"wp:attachment":[{"href":"https:\/\/noticiasveraces.com\/index.php?rest_route=%2Fwp%2Fv2%2Fmedia&parent=26088"}],"wp:term":[{"taxonomy":"category","embeddable":true,"href":"https:\/\/noticiasveraces.com\/index.php?rest_route=%2Fwp%2Fv2%2Fcategories&post=26088"},{"taxonomy":"post_tag","embeddable":true,"href":"https:\/\/noticiasveraces.com\/index.php?rest_route=%2Fwp%2Fv2%2Ftags&post=26088"}],"curies":[{"name":"wp","href":"https:\/\/api.w.org\/{rel}","templated":true}]}}