{"id":26081,"date":"2025-05-06T12:25:20","date_gmt":"2025-05-06T16:25:20","guid":{"rendered":"https:\/\/noticiasveraces.com\/?p=26081"},"modified":"2025-05-06T12:25:20","modified_gmt":"2025-05-06T16:25:20","slug":"trump-dice-que-nos-dejara-de-bombardear-a-los-huties-no-quieren-pelear","status":"publish","type":"post","link":"https:\/\/noticiasveraces.com\/?p=26081","title":{"rendered":"Trump dice que nos dejar\u00e1 de bombardear a los hut\u00edes: \u00abno quieren pelear\u00bb"},"content":{"rendered":"<p> \n<\/p>\n<div>\n<p class=\"speakable\">El presidente Donald Trump anunci\u00f3 el martes que Estados Unidos detendr\u00e1 su campa\u00f1a de bombardeo contra los hut\u00edes en Yemen despu\u00e9s de que el grupo terrorista le dijo que \u00abno quieren pelear\u00bb.<\/p>\n<p class=\"speakable\">\u00abSimplemente no quieren pelear\u00bb, dijo Trump a periodistas de la Oficina Oval. \u00abSimplemente no quieren, y lo honraremos. Detendremos los bombardeos\u00bb.<\/p>\n<p><strong>Israel llama para evacuar el aeropuerto de Yemen en medio de la pelea con hut\u00edes<\/strong><\/p>\n<div class=\"image-ct inline\">\n<div class=\"m\"><picture><source media=\"(max-width: 767px)\" srcset=\"https:\/\/a57.foxnews.com\/static.foxnews.com\/foxnews.com\/content\/uploads\/2024\/02\/343\/192\/Yemen-Houthis.jpg?ve=1&amp;tl=1, https:\/\/a57.foxnews.com\/static.foxnews.com\/foxnews.com\/content\/uploads\/2024\/02\/686\/384\/Yemen-Houthis.jpg?ve=1&amp;tl=1 2x\" height=\"192\" width=\"343\"><source media=\"(min-width: 768px) and (max-width: 1023px)\" srcset=\"https:\/\/a57.foxnews.com\/static.foxnews.com\/foxnews.com\/content\/uploads\/2024\/02\/672\/378\/Yemen-Houthis.jpg?ve=1&amp;tl=1, https:\/\/a57.foxnews.com\/static.foxnews.com\/foxnews.com\/content\/uploads\/2024\/02\/1344\/756\/Yemen-Houthis.jpg?ve=1&amp;tl=1 2x\" height=\"378\" width=\"672\"><source media=\"(min-width: 1024px) and (max-width: 1279px)\" srcset=\"https:\/\/a57.foxnews.com\/static.foxnews.com\/foxnews.com\/content\/uploads\/2024\/02\/931\/523\/Yemen-Houthis.jpg?ve=1&amp;tl=1, https:\/\/a57.foxnews.com\/static.foxnews.com\/foxnews.com\/content\/uploads\/2024\/02\/1862\/1046\/Yemen-Houthis.jpg?ve=1&amp;tl=1 2x\" height=\"523\" width=\"931\"><source media=\"(min-width: 1280px)\" srcset=\"https:\/\/a57.foxnews.com\/static.foxnews.com\/foxnews.com\/content\/uploads\/2024\/02\/720\/405\/Yemen-Houthis.jpg?ve=1&amp;tl=1, https:\/\/a57.foxnews.com\/static.foxnews.com\/foxnews.com\/content\/uploads\/2024\/02\/1440\/810\/Yemen-Houthis.jpg?ve=1&amp;tl=1 2x\" height=\"405\" width=\"720\"><img loading=\"lazy\" decoding=\"async\" src=\"https:\/\/a57.foxnews.com\/static.foxnews.com\/foxnews.com\/content\/uploads\/2024\/02\/1200\/675\/Yemen-Houthis.jpg?ve=1&amp;tl=1\" alt=\"Marcha de protesta de Houthi en Yemen\" width=\"1200\" height=\"675\"\/><\/source><\/source><\/source><\/source><\/picture><\/div>\n<div class=\"info\">\n<div class=\"caption\">\n<p><span>Los combatientes hut\u00edes reci\u00e9n reclutados asisten a una marcha de protesta contra los ataques liderados por los Estados Unidos sobre Yemen y la Guerra Israel\u00ed en la Franja de Gaza, el mi\u00e9rcoles 21 de febrero en Sanaa, Yemen. <\/span> <span>(AP\/Osamah Abdulrahman)<\/span><\/p>\n<\/div>\n<\/div>\n<\/div>\n<p>Trump dijo que los bombardeos en los objetivos hut\u00edes se detendr\u00e1n \u00abefectivamente de inmediato\u00bb.<\/p>\n<p>El secretario de Estado, Marco Rubio, dijo que el \u00abtrabajo\u00bb era obtener ataques a los barcos en la regi\u00f3n para detenerse.<\/p>\n<p>\u00abSi eso se detendr\u00e1, nos detendremos\u00bb, agreg\u00f3.<\/p>\n<p><i>Esta es una noticia de \u00faltima hora. Vuelva a consultar las actualizaciones.<\/i><\/p>\n<div class=\"article-meta\">\n<div class=\"author-bio\">\n<p>Caitlin McFall es reportero de Fox News Digital Cubting Politics, US y World News.<\/p>\n<\/div>\n<\/div>\n<\/div>\n\n","protected":false},"excerpt":{"rendered":"<p>El presidente Donald Trump anunci\u00f3 el martes que Estados Unidos detendr\u00e1 su campa\u00f1a de bombardeo contra los hut\u00edes en Yemen despu\u00e9s de que el grupo terrorista le dijo que \u00abno quieren pelear\u00bb. \u00abSimplemente no quieren pelear\u00bb, dijo Trump a periodistas de la Oficina Oval. \u00abSimplemente no quieren, y lo honraremos. Detendremos los bombardeos\u00bb. Israel llama &hellip;<\/p>\n","protected":false},"author":1,"featured_media":26083,"comment_status":"open","ping_status":"open","sticky":false,"template":"","format":"standard","meta":{"fifu_image_url":"https:\/\/static.foxnews.com\/foxnews.com\/content\/uploads\/2025\/05\/carney-trump-oval-office-ap25126583312981.jpg","fifu_image_alt":"","footnotes":""},"categories":[13],"tags":[],"class_list":["post-26081","post","type-post","status-publish","format-standard","has-post-thumbnail","","category-mundo"],"_links":{"self":[{"href":"https:\/\/noticiasveraces.com\/index.php?rest_route=\/wp\/v2\/posts\/26081","targetHints":{"allow":["GET"]}}],"collection":[{"href":"https:\/\/noticiasveraces.com\/index.php?rest_route=\/wp\/v2\/posts"}],"about":[{"href":"https:\/\/noticiasveraces.com\/index.php?rest_route=\/wp\/v2\/types\/post"}],"author":[{"embeddable":true,"href":"https:\/\/noticiasveraces.com\/index.php?rest_route=\/wp\/v2\/users\/1"}],"replies":[{"embeddable":true,"href":"https:\/\/noticiasveraces.com\/index.php?rest_route=%2Fwp%2Fv2%2Fcomments&post=26081"}],"version-history":[{"count":0,"href":"https:\/\/noticiasveraces.com\/index.php?rest_route=\/wp\/v2\/posts\/26081\/revisions"}],"wp:featuredmedia":[{"embeddable":true,"href":"https:\/\/noticiasveraces.com\/index.php?rest_route=\/wp\/v2\/media\/26083"}],"wp:attachment":[{"href":"https:\/\/noticiasveraces.com\/index.php?rest_route=%2Fwp%2Fv2%2Fmedia&parent=26081"}],"wp:term":[{"taxonomy":"category","embeddable":true,"href":"https:\/\/noticiasveraces.com\/index.php?rest_route=%2Fwp%2Fv2%2Fcategories&post=26081"},{"taxonomy":"post_tag","embeddable":true,"href":"https:\/\/noticiasveraces.com\/index.php?rest_route=%2Fwp%2Fv2%2Ftags&post=26081"}],"curies":[{"name":"wp","href":"https:\/\/api.w.org\/{rel}","templated":true}]}}