{"id":26047,"date":"2025-05-06T07:17:36","date_gmt":"2025-05-06T11:17:36","guid":{"rendered":"https:\/\/noticiasveraces.com\/?p=26047"},"modified":"2025-05-06T07:17:36","modified_gmt":"2025-05-06T11:17:36","slug":"los-comentarios-de-la-anexion-de-canada-de-trump-ayudaron-a-los-liberales-a-ganar-las-elecciones-sobre-los-conservadores","status":"publish","type":"post","link":"https:\/\/noticiasveraces.com\/?p=26047","title":{"rendered":"Los comentarios de la anexi\u00f3n de Canad\u00e1 de Trump ayudaron a los liberales a ganar las elecciones sobre los conservadores"},"content":{"rendered":"<p> \n<\/p>\n<div>\n<p class=\"speakable\">OTTAWA &#8211; Mientras que el presidente Donald Trump fue ampliamente visto como el factor principal para asegurar un cuarto mandato consecutivo en el cargo de los liberales en las elecciones generales canadienses del lunes pasado, el l\u00edder conservador desempe\u00f1\u00f3 un papel en la derrota de su partido en las encuestas, seg\u00fan analistas pol\u00edticos canadienses.<\/p>\n<p class=\"speakable\">\u00abTrump prepar\u00f3 el escenario\u00bb para el primer ministro liberal Mark Carney \u00abcomo un l\u00edder sombr\u00edo para los liberales, que hizo que las personas se sintieran seguras de que las cosas podr\u00edan manejarse cuando hab\u00eda una sensaci\u00f3n de miedo a las personas al comienzo de la campa\u00f1a preocupada por\u00bb las amenazas del presidente de anexar a Canad\u00e1 como el 51\u00ba estado de la Universidad de Manitoba, el profesor de estudios pol\u00edticos de Manitoba, Christ Christopher Adams, dijo Fox News Digital.<\/p>\n<p>\u00abEs muy inusual que los presidentes estadounidenses se metan en la pol\u00edtica canadiense, especialmente durante las elecciones\u00bb, dijo Adams.<\/p>\n<p>Explic\u00f3 que la \u00faltima vez que sucedi\u00f3 fue durante la campa\u00f1a de elecciones generales canadienses de 1963, cuando la prensa inform\u00f3 sobre el presidente John F. Kennedy hablando favorablemente sobre el l\u00edder liberal canadiense Lester Pearson, cuyo partido derrib\u00f3 a los conservadores progresivos del primer ministro John Diefenbaker para ganar las elecciones y formar un gobierno minoritario.<\/p>\n<p><strong>El primer ministro canadiense, Mark Carney, dice que la &#8216;relaci\u00f3n antigua&#8217; con nosotros &#8216;ha terminado&#8217; en medio de la tensi\u00f3n sobre los aranceles de Trump<\/strong><\/p>\n<div class=\"image-ct inline\">\n<div class=\"m\"><picture><source media=\"(max-width: 767px)\" srcset=\"https:\/\/a57.foxnews.com\/static.foxnews.com\/foxnews.com\/content\/uploads\/2025\/04\/343\/192\/carney-victory-speech.jpg?ve=1&amp;tl=1, https:\/\/a57.foxnews.com\/static.foxnews.com\/foxnews.com\/content\/uploads\/2025\/04\/686\/384\/carney-victory-speech.jpg?ve=1&amp;tl=1 2x\" height=\"192\" width=\"343\"><source media=\"(min-width: 768px) and (max-width: 1023px)\" srcset=\"https:\/\/a57.foxnews.com\/static.foxnews.com\/foxnews.com\/content\/uploads\/2025\/04\/672\/378\/carney-victory-speech.jpg?ve=1&amp;tl=1, https:\/\/a57.foxnews.com\/static.foxnews.com\/foxnews.com\/content\/uploads\/2025\/04\/1344\/756\/carney-victory-speech.jpg?ve=1&amp;tl=1 2x\" height=\"378\" width=\"672\"><source media=\"(min-width: 1024px) and (max-width: 1279px)\" srcset=\"https:\/\/a57.foxnews.com\/static.foxnews.com\/foxnews.com\/content\/uploads\/2025\/04\/931\/523\/carney-victory-speech.jpg?ve=1&amp;tl=1, https:\/\/a57.foxnews.com\/static.foxnews.com\/foxnews.com\/content\/uploads\/2025\/04\/1862\/1046\/carney-victory-speech.jpg?ve=1&amp;tl=1 2x\" height=\"523\" width=\"931\"><source media=\"(min-width: 1280px)\" srcset=\"https:\/\/a57.foxnews.com\/static.foxnews.com\/foxnews.com\/content\/uploads\/2025\/04\/720\/405\/carney-victory-speech.jpg?ve=1&amp;tl=1, https:\/\/a57.foxnews.com\/static.foxnews.com\/foxnews.com\/content\/uploads\/2025\/04\/1440\/810\/carney-victory-speech.jpg?ve=1&amp;tl=1 2x\" height=\"405\" width=\"720\"><img loading=\"lazy\" decoding=\"async\" src=\"https:\/\/a57.foxnews.com\/static.foxnews.com\/foxnews.com\/content\/uploads\/2025\/04\/1200\/675\/carney-victory-speech.jpg?ve=1&amp;tl=1\" alt=\"Primer ministro canadiense Mark Carney aplausos\" width=\"1200\" height=\"675\"\/><\/source><\/source><\/source><\/source><\/picture><\/div>\n<div class=\"info\">\n<div class=\"caption\">\n<p><span>El primer ministro canadiense Mark Carney sonr\u00ede en el escenario en su sede de campa\u00f1a despu\u00e9s de que el Partido Liberal gan\u00f3 las elecciones canadienses en Ottawa, Ontario, el martes 29 de abril de 2025.<\/span> <span>(Frank Gunn\/The Canadian Press)<\/span><\/p>\n<\/div>\n<\/div>\n<\/div>\n<p>Trump se insert\u00f3 directamente en el d\u00eda de las elecciones de Canad\u00e1, 28 de abril, como cuasi candidato cuando public\u00f3 en las redes sociales que las \u00abgrandes personas de Canad\u00e1\u00bb deber\u00edan \u00abelegir al hombre que tiene la fuerza y \u200b\u200bla sabidur\u00eda para reducir sus impuestos, aumentar su poder militar, de forma gratuita, al m\u00e1s alto nivel del mundo &#8230; si Canad\u00e1 se convierte en el apreciado 51\u00ba Estado de los Estados Unidos de Estados Unidos\u00bb. <\/p>\n<p>Ya sea en broma o no, el tono del presidente para la anexi\u00f3n era una forma de \u00abinterferencia extranjera\u00bb, dijo Adams. <\/p>\n<p>En \u00abMeet the Press\u00bb de NBC el domingo, Trump dijo que era \u00abmuy poco probable\u00bb que Estados Unidos usara la fuerza militar contra Canad\u00e1 para adquirirla como el estado 51.<\/p>\n<p>El presidente se reunir\u00e1 con el primer ministro canadiense por primera vez en la Casa Blanca el martes.<\/p>\n<p>Despu\u00e9s de una llamada posterior a las elecciones con Carney la semana pasada, Trump dijo que el l\u00edder canadiense \u00abno podr\u00eda haber sido m\u00e1s amable\u00bb y es \u00abun caballero muy agradable\u00bb.<\/p>\n<p>Cuando se le pregunt\u00f3 sobre su pr\u00f3xima reuni\u00f3n con el Presidente, el primer ministro dijo a los periodistas en su primera conferencia de prensa posterior a las elecciones el viernes que Trump \u00abrespeta, como otros que son buenos negociadores, y \u00e9l es uno de los mejores negociadores, por eso estamos construyendo Canad\u00e1 fuerte\u00bb.<\/p>\n<p>Antes de que las elecciones canadienses fueran convocadas el 23 de marzo, el presidente le dijo a la anfitriona de \u00abThe Ingraham Angle\u00bb de Fox News, Laura Ingraham, que \u00abpreferir\u00eda lidiar con un liberal que un conservador\u00bb, y dijo que el l\u00edder conservador Pierre Poilievre no es \u00abest\u00fapidamente ning\u00fan amigo m\u00edo\u00bb.<\/p>\n<p>Anteriormente, Trump le dijo al espectador que el \u00abmayor problema del l\u00edder conservador es que no es un tipo MAGA\u00bb. <\/p>\n<p>\u00abNo es un tipo de Trump en absoluto\u00bb, dijo el presidente.<\/p>\n<p><strong>Las amenazas de Trump contra Canad\u00e1 impulsan el partido liberal de Trudeau en las encuestas a medida que comenzaron los nuevos aranceles.<\/strong><\/p>\n<div class=\"image-ct inline\">\n<div class=\"m\"><picture><source media=\"(max-width: 767px)\" srcset=\"https:\/\/a57.foxnews.com\/static.foxnews.com\/foxnews.com\/content\/uploads\/2025\/04\/343\/192\/april-2025-pierre-poilievre.jpg?ve=1&amp;tl=1, https:\/\/a57.foxnews.com\/static.foxnews.com\/foxnews.com\/content\/uploads\/2025\/04\/686\/384\/april-2025-pierre-poilievre.jpg?ve=1&amp;tl=1 2x\" height=\"192\" width=\"343\"><source media=\"(min-width: 768px) and (max-width: 1023px)\" srcset=\"https:\/\/a57.foxnews.com\/static.foxnews.com\/foxnews.com\/content\/uploads\/2025\/04\/672\/378\/april-2025-pierre-poilievre.jpg?ve=1&amp;tl=1, https:\/\/a57.foxnews.com\/static.foxnews.com\/foxnews.com\/content\/uploads\/2025\/04\/1344\/756\/april-2025-pierre-poilievre.jpg?ve=1&amp;tl=1 2x\" height=\"378\" width=\"672\"><source media=\"(min-width: 1024px) and (max-width: 1279px)\" srcset=\"https:\/\/a57.foxnews.com\/static.foxnews.com\/foxnews.com\/content\/uploads\/2025\/04\/931\/523\/april-2025-pierre-poilievre.jpg?ve=1&amp;tl=1, https:\/\/a57.foxnews.com\/static.foxnews.com\/foxnews.com\/content\/uploads\/2025\/04\/1862\/1046\/april-2025-pierre-poilievre.jpg?ve=1&amp;tl=1 2x\" height=\"523\" width=\"931\"><source media=\"(min-width: 1280px)\" srcset=\"https:\/\/a57.foxnews.com\/static.foxnews.com\/foxnews.com\/content\/uploads\/2025\/04\/720\/405\/april-2025-pierre-poilievre.jpg?ve=1&amp;tl=1, https:\/\/a57.foxnews.com\/static.foxnews.com\/foxnews.com\/content\/uploads\/2025\/04\/1440\/810\/april-2025-pierre-poilievre.jpg?ve=1&amp;tl=1 2x\" height=\"405\" width=\"720\"><img loading=\"lazy\" decoding=\"async\" src=\"https:\/\/a57.foxnews.com\/static.foxnews.com\/foxnews.com\/content\/uploads\/2025\/04\/1200\/675\/april-2025-pierre-poilievre.jpg?ve=1&amp;tl=1\" alt=\"L\u00edder conservador canadiense Pierre Poilievre\" width=\"1200\" height=\"675\"\/><\/source><\/source><\/source><\/source><\/picture><\/div>\n<div class=\"info\">\n<div class=\"caption\">\n<p><span>El l\u00edder del Partido Conservador de Canad\u00e1, Pierre Poilievre, analiza su sede de la noche electoral en Ottawa, Ontario, Canad\u00e1, el 29 de abril de 2025.<\/span> <span>(Reuters\/Amber Bracken)<\/span><\/p>\n<\/div>\n<\/div>\n<\/div>\n<p>Los liberales de Carney ganaron 169 de 343 esca\u00f1os en la C\u00e1mara de los Comunes para formar un gobierno minoritario en las 45 \u00b0 elecciones generales de Canad\u00e1 con el 44% del voto popular. Los conservadores ocuparon el segundo lugar, con el 41% de los votos populares y 144 esca\u00f1os de la C\u00e1mara.<\/p>\n<p>M\u00e1s de 19.5 millones de canadienses arrojan su voto en las elecciones.<\/p>\n<p>Poilievre perdi\u00f3 su posici\u00f3n como l\u00edder oficial de la oposici\u00f3n despu\u00e9s de ser derrotado en su conducci\u00f3n del \u00e1rea de Ottawa por el liberal Bruce Fanjoy. Carney, en su primera carrera en buscar un cargo electo electo, gan\u00f3 f\u00e1cilmente su asiento de Ottawa.<\/p>\n<p>Poilievre se ejecutar\u00e1 en una elecci\u00f3n que no ha llamado en un distrito de Alberta en el que el conservador diputado Damien Kurek, que fue reelegido, se har\u00e1 a un lado.<\/p>\n<p>A principios de a\u00f1o, las encuestas mostraron que Poilievre estaba listo para convertirse en primer ministro y llevar a sus conservadores a un gobierno mayoritario. Simplemente no gir\u00f3 lo suficientemente r\u00e1pido a una nueva realidad que se desarroll\u00f3 en Canad\u00e1 desde entonces, seg\u00fan Adams, quien est\u00e1 escribiendo un libro sobre la industria de la investigaci\u00f3n de opini\u00f3n p\u00fablica de Canad\u00e1.<\/p>\n<p>Justin Trudeau, cuya profunda impopularidad como l\u00edder liberal y primer ministro, renunci\u00f3 en marzo y fue reemplazado por Carney, quien desech\u00f3 un impuesto sobre el carbono del consumidor igualmente impopular, dos objetivos en los que Poilievre continu\u00f3 enfoc\u00e1ndose.<\/p>\n<p>\u00abY Poilievre segu\u00eda diciendo que el pa\u00eds est\u00e1 roto, lo cual fue lo \u00faltimo que los canadienses quer\u00edan escuchar cuando Trump estaba roto a nuestro pa\u00eds\u00bb, dijo Adams, quien agreg\u00f3 que el l\u00edder conservador nunca encuest\u00f3 en la simpat\u00eda.<\/p>\n<p>\u00abLos canadienses no se dieron cuenta de cu\u00e1nto le desagradaron hasta que Trudeau se fue\u00bb.<\/p>\n<div class=\"image-ct inline\">\n<div class=\"m\"><picture><source media=\"(max-width: 767px)\" srcset=\"https:\/\/a57.foxnews.com\/static.foxnews.com\/foxnews.com\/content\/uploads\/2024\/12\/343\/192\/trump-84u7.jpg?ve=1&amp;tl=1, https:\/\/a57.foxnews.com\/static.foxnews.com\/foxnews.com\/content\/uploads\/2024\/12\/686\/384\/trump-84u7.jpg?ve=1&amp;tl=1 2x\" height=\"192\" width=\"343\"><source media=\"(min-width: 768px) and (max-width: 1023px)\" srcset=\"https:\/\/a57.foxnews.com\/static.foxnews.com\/foxnews.com\/content\/uploads\/2024\/12\/672\/378\/trump-84u7.jpg?ve=1&amp;tl=1, https:\/\/a57.foxnews.com\/static.foxnews.com\/foxnews.com\/content\/uploads\/2024\/12\/1344\/756\/trump-84u7.jpg?ve=1&amp;tl=1 2x\" height=\"378\" width=\"672\"><source media=\"(min-width: 1024px) and (max-width: 1279px)\" srcset=\"https:\/\/a57.foxnews.com\/static.foxnews.com\/foxnews.com\/content\/uploads\/2024\/12\/931\/523\/trump-84u7.jpg?ve=1&amp;tl=1, https:\/\/a57.foxnews.com\/static.foxnews.com\/foxnews.com\/content\/uploads\/2024\/12\/1862\/1046\/trump-84u7.jpg?ve=1&amp;tl=1 2x\" height=\"523\" width=\"931\"><source media=\"(min-width: 1280px)\" srcset=\"https:\/\/a57.foxnews.com\/static.foxnews.com\/foxnews.com\/content\/uploads\/2024\/12\/720\/405\/trump-84u7.jpg?ve=1&amp;tl=1, https:\/\/a57.foxnews.com\/static.foxnews.com\/foxnews.com\/content\/uploads\/2024\/12\/1440\/810\/trump-84u7.jpg?ve=1&amp;tl=1 2x\" height=\"405\" width=\"720\"><img loading=\"lazy\" decoding=\"async\" src=\"https:\/\/a57.foxnews.com\/static.foxnews.com\/foxnews.com\/content\/uploads\/2024\/12\/1200\/675\/trump-84u7.jpg?ve=1&amp;tl=1\" alt=\"Donald Trump hablando\" width=\"1200\" height=\"675\"\/><\/source><\/source><\/source><\/source><\/picture><\/div>\n<div class=\"info\">\n<div class=\"caption\">\n<p><span>El entonces presidente electo Donald Trump habla en una conferencia de prensa en el resort Mar-a-Lago de Trump el 16 de diciembre de 2024 en Palm Beach, Florida.<\/span> <span>(Andrew Harnik\/Getty Images)<\/span><\/p>\n<\/div>\n<\/div>\n<\/div>\n<p>Poilievre se reunir\u00e1 en Ottawa el martes con miembros del Caucus conservador que ganaron sus cables en las elecciones de la semana pasada. Podr\u00edan decidir si \u00e9l se queda o va como l\u00edder a trav\u00e9s de la Ley de Reforma: una ley de 10 a\u00f1os introducida en el Parlamento por un miembro conservador reelegido del Parlamento (MP) Michael Chong que permite a los parlamentarios a celebrar revisiones de liderazgo despu\u00e9s de las elecciones.<\/p>\n<p>Los parlamentarios conservadores tambi\u00e9n necesitar\u00e1n elegir un l\u00edder oficial de la oposici\u00f3n oficial.<\/p>\n<p>Adams cree que el trabajo de Poilievre como l\u00edder del partido es seguro dado el desempe\u00f1o electoral general de los conservadores que los llev\u00f3 a ganar 16 esca\u00f1os m\u00e1s comunes en la provincia canadiense m\u00e1s poblada de Ontario, a expensas de los liberales y otros nuevos dem\u00f3cratas progresistas, y forman la mayor oposici\u00f3n oficial en la historia canadiense.<\/p>\n<p><strong>Las amenazas de Trump aumentaron el Carney de Canad\u00e1, lastimaron a los conservadores a medida que el pa\u00eds vota por el nuevo l\u00edder<\/strong><\/p>\n<p>Nelson Wiseman, profesor em\u00e9rito en el Departamento de Ciencias Pol\u00edticas de la Universidad de Toronto, dijo a Fox News Digital que la carrera entre los liberales y los conservadores se redujo cuando Trump retir\u00f3 sus ataques contra Canad\u00e1 en la segunda mitad de la campa\u00f1a.<\/p>\n<p>El enfoque se centr\u00f3 en \u00abproblemas conservadores (costo de vida, asequibilidad, vivienda, tiempo para un cambio, mientras que Carney estaba pronunciando discursos sobre Trump, porque sab\u00eda que esa era su tarjeta Trump, sin juego de palabras, y estaba desapareciendo\u00bb, dijo Wiseman.<\/p>\n<div class=\"image-ct inline\">\n<div class=\"m\"><picture><source media=\"(max-width: 767px)\" srcset=\"https:\/\/a57.foxnews.com\/static.foxnews.com\/foxnews.com\/content\/uploads\/2025\/04\/343\/192\/canadavote.png?ve=1&amp;tl=1, https:\/\/a57.foxnews.com\/static.foxnews.com\/foxnews.com\/content\/uploads\/2025\/04\/686\/384\/canadavote.png?ve=1&amp;tl=1 2x\" height=\"192\" width=\"343\"><source media=\"(min-width: 768px) and (max-width: 1023px)\" srcset=\"https:\/\/a57.foxnews.com\/static.foxnews.com\/foxnews.com\/content\/uploads\/2025\/04\/672\/378\/canadavote.png?ve=1&amp;tl=1, https:\/\/a57.foxnews.com\/static.foxnews.com\/foxnews.com\/content\/uploads\/2025\/04\/1344\/756\/canadavote.png?ve=1&amp;tl=1 2x\" height=\"378\" width=\"672\"><source media=\"(min-width: 1024px) and (max-width: 1279px)\" srcset=\"https:\/\/a57.foxnews.com\/static.foxnews.com\/foxnews.com\/content\/uploads\/2025\/04\/931\/523\/canadavote.png?ve=1&amp;tl=1, https:\/\/a57.foxnews.com\/static.foxnews.com\/foxnews.com\/content\/uploads\/2025\/04\/1862\/1046\/canadavote.png?ve=1&amp;tl=1 2x\" height=\"523\" width=\"931\"><source media=\"(min-width: 1280px)\" srcset=\"https:\/\/a57.foxnews.com\/static.foxnews.com\/foxnews.com\/content\/uploads\/2025\/04\/720\/405\/canadavote.png?ve=1&amp;tl=1, https:\/\/a57.foxnews.com\/static.foxnews.com\/foxnews.com\/content\/uploads\/2025\/04\/1440\/810\/canadavote.png?ve=1&amp;tl=1 2x\" height=\"405\" width=\"720\"><img loading=\"lazy\" decoding=\"async\" src=\"https:\/\/a57.foxnews.com\/static.foxnews.com\/foxnews.com\/content\/uploads\/2025\/04\/1200\/675\/canadavote.png?ve=1&amp;tl=1\" alt=\"Se\u00f1ales de votaci\u00f3n\" width=\"1200\" height=\"675\"\/><\/source><\/source><\/source><\/source><\/picture><\/div>\n<div class=\"info\">\n<div class=\"caption\">\n<p><span>Las elecciones de la se\u00f1alizaci\u00f3n de Canad\u00e1 se ve cuando los votantes llegan a una mesa electoral el d\u00eda de las elecciones en Halifax, Canad\u00e1, el lunes 28 de abril de 2025.<\/span> <span>(AP)<\/span><\/p>\n<\/div>\n<\/div>\n<\/div>\n<p>May ser\u00e1 un mes ocupado para Carney. La pr\u00f3xima semana, presentar\u00e1 su gabinete y, el 27 de mayo, dar\u00e1 la bienvenida al rey Carlos III para leer el discurso del trono para abrir la pr\u00f3xima sesi\u00f3n del Parlamento como jefe de estado de Canad\u00e1, la primera vez que el monarca brit\u00e1nico ha venido a Ottawa para realizar ese papel ceremonial desde la reina Isabel II en 1977, 20 a\u00f1os despu\u00e9s de que ella lo hizo durante su primera visita a Canad\u00e1.<\/p>\n<p>Wiseman dijo que la visita real est\u00e1 destinada a mostrar la unidad nacional en respuesta a las amenazas de Trump contra la soberan\u00eda canadiense. <\/p>\n<p><strong><u>Haga clic aqu\u00ed para obtener la aplicaci\u00f3n Fox News<\/u><\/strong><\/p>\n<p>Sin embargo, el hombre que represent\u00f3 a la Corona como gobernador general en Canad\u00e1 de 1979 a 1984 dijo que \u00abno puede creer que muchas personas se tomen en serio este negocio de Trump hablando sobre la anexi\u00f3n de Canad\u00e1 como una amenaza existencial\u00bb, dijo Edward Schreyer, un ex primer ministro de su provincia natal de Manitoba, Fox News Digital. \u00abCreo que todo es una broma, y \u200b\u200bfue al principio, ahora y siempre ser\u00e1 un absurdo\u00bb.<\/p>\n<p> <!----> <\/p>\n<div class=\"article-meta\">\n<div class=\"author-bio\">\n<p>Christopher Guly es un periodista con sede en Ottawa y miembro de la galer\u00eda de prensa parlamentaria canadiense. Ha informado desde Canad\u00e1 para varios medios de comunicaci\u00f3n en los Estados Unidos y el Reino Unido que puede ser seguido en X @christopherguly<\/p>\n<\/div>\n<\/div>\n<\/div>\n\n","protected":false},"excerpt":{"rendered":"<p>OTTAWA &#8211; Mientras que el presidente Donald Trump fue ampliamente visto como el factor principal para asegurar un cuarto mandato consecutivo en el cargo de los liberales en las elecciones generales canadienses del lunes pasado, el l\u00edder conservador desempe\u00f1\u00f3 un papel en la derrota de su partido en las encuestas, seg\u00fan analistas pol\u00edticos canadienses. \u00abTrump &hellip;<\/p>\n","protected":false},"author":1,"featured_media":26049,"comment_status":"open","ping_status":"open","sticky":false,"template":"","format":"standard","meta":{"fifu_image_url":"https:\/\/static.foxnews.com\/foxnews.com\/content\/uploads\/2025\/03\/carney-trump.jpg","fifu_image_alt":"","footnotes":""},"categories":[13],"tags":[],"class_list":["post-26047","post","type-post","status-publish","format-standard","has-post-thumbnail","","category-mundo"],"_links":{"self":[{"href":"https:\/\/noticiasveraces.com\/index.php?rest_route=\/wp\/v2\/posts\/26047","targetHints":{"allow":["GET"]}}],"collection":[{"href":"https:\/\/noticiasveraces.com\/index.php?rest_route=\/wp\/v2\/posts"}],"about":[{"href":"https:\/\/noticiasveraces.com\/index.php?rest_route=\/wp\/v2\/types\/post"}],"author":[{"embeddable":true,"href":"https:\/\/noticiasveraces.com\/index.php?rest_route=\/wp\/v2\/users\/1"}],"replies":[{"embeddable":true,"href":"https:\/\/noticiasveraces.com\/index.php?rest_route=%2Fwp%2Fv2%2Fcomments&post=26047"}],"version-history":[{"count":0,"href":"https:\/\/noticiasveraces.com\/index.php?rest_route=\/wp\/v2\/posts\/26047\/revisions"}],"wp:featuredmedia":[{"embeddable":true,"href":"https:\/\/noticiasveraces.com\/index.php?rest_route=\/wp\/v2\/media\/26049"}],"wp:attachment":[{"href":"https:\/\/noticiasveraces.com\/index.php?rest_route=%2Fwp%2Fv2%2Fmedia&parent=26047"}],"wp:term":[{"taxonomy":"category","embeddable":true,"href":"https:\/\/noticiasveraces.com\/index.php?rest_route=%2Fwp%2Fv2%2Fcategories&post=26047"},{"taxonomy":"post_tag","embeddable":true,"href":"https:\/\/noticiasveraces.com\/index.php?rest_route=%2Fwp%2Fv2%2Ftags&post=26047"}],"curies":[{"name":"wp","href":"https:\/\/api.w.org\/{rel}","templated":true}]}}