{"id":26043,"date":"2025-05-06T07:14:30","date_gmt":"2025-05-06T11:14:30","guid":{"rendered":"https:\/\/noticiasveraces.com\/?p=26043"},"modified":"2025-05-06T07:14:30","modified_gmt":"2025-05-06T11:14:30","slug":"la-crema-de-elizabeth-arden-de-amanda-holden-esta-a-la-venta","status":"publish","type":"post","link":"https:\/\/noticiasveraces.com\/?p=26043","title":{"rendered":"La crema de Elizabeth Arden de Amanda Holden est\u00e1 a la venta"},"content":{"rendered":"<p> \n<\/p>\n<div>\n<p>La presentadora de Heart Radio, Amanda Holden, comparti\u00f3 anteriormente c\u00f3mo el Protectante de piel de crema de ocho horas de Elizabeth Arden es una gran parte de su rutina de belleza. Y en este momento, el cuidado de la piel Must-Have est\u00e1 a la venta en Amazon con un 40% de descuento.<\/p>\n<p>A Amanda le encanta usar la crema multiprop\u00f3sito en sus labios, y tambi\u00e9n en sus hijos, ya que le dijo a Good Housekeeping: \u00abEste es el \u00fanico producto de belleza que he comprado en mi vida. Creo que es genial como brillo de labios (porque no solo se sienta en la parte superior de sus labios como muchos otros); como un humectante; incluso lo he usado en mis hijos antes antes, cuando han tenido poca garraz y cortes. Es bueno para todo\u00bb. Es bueno para todo \u00ab.<\/p>\n<p data-mce-linkchecker-status=\"valid\">La compra de cuidado de la piel solicitada se ha reducido de \u00a3 31 a \u00a3 18.75 por tiempo limitado, mientras que Lookfantastic est\u00e1 vendiendo el mismo tubo de 30 ml al precio completo original.<\/p>\n<\/div>\n<div>\n<p data-mce-linkchecker-status=\"valid\">Los amantes del cuidado de la piel tambi\u00e9n pueden probar el suero antienvejecimiento de la Dra. Barbara Sturm Sturm de \u00a3 290, del cual se dice que Amanda es fan\u00e1tica, en un tama\u00f1o de viaje como parte del set de inicio s\u00faper antienvejecimiento de \u00a3 50. El paquete tambi\u00e9n viene con un suero ocular, crema facial y crema para el cuello.<\/p>\n<p>Se muestra cl\u00ednicamente para fortalecer la barrera de la piel en media hora, el favorito de Elizabeth Arden es m\u00e1s accesible que nunca gracias al alto descuento de Amazon, lo que permite a los compradores ahorrar ahorros de \u00a3 12.27.<\/p>\n<p>Introducido por primera vez en 1930, la ic\u00f3nica crema de ocho horas ha sido aclamada por su capacidad de nutrir profundamente la piel agrietada, agrietada y seca, as\u00ed como aliviar la aspereza, el enrojecimiento e irritaciones menores de la piel. Aunque la f\u00f3rmula ha sufrido alteraciones a trav\u00e9s de los a\u00f1os, la variante actual cuenta con ingredientes como gasolatum, vitamina E, \u00e1cido salic\u00edlico, lanolina y aceite de semilla de ricino.<\/p>\n<p>Amanda no es la \u00fanica que jura por su eficacia, muchos clientes han visto una mejora en su piel como escribi\u00f3 un comprador: \u00abEsto vale la pena esperar en oro. Cos costoso, pero un poco es muy \u00fatil y dura para siempre. Puede usarse para todo, las pastas, el balmos de los labios, la quema de la piel dura, la quemadura del viento, seriamente fant\u00e1stica y solo usar con escasez\u00bb.<\/p>\n<\/div>\n<div>\n<p>Otro proporcion\u00f3 una revisi\u00f3n brillante, que indica: \u00abDeja mi piel rejuvenecida y profundamente hidratada como afirmada. Mi piel se ve y se siente a\u00f1os m\u00e1s joven, especialmente cuando se usa en combinaci\u00f3n con otros productos de retinol. La gente incluso ha preguntado si he hecho trabajo en mi cara o cu\u00e1l es mi secreto\u00bb.<\/p>\n<p>La crema fue considerada una &#8216;crema milagrosa&#8217; por otro revisor, que tambi\u00e9n le otorg\u00f3 cinco estrellas, proclamando: \u00abEsta crema funciona de maravilla. Necesitas esto en tu arsenal de belleza en todo momento\u00bb.<\/p>\n<p>Sin embargo, ha habido algunas cr\u00edticas con respecto a la fragancia del producto. Un usuario menos impresionado admiti\u00f3: \u00abEl olor es muy espec\u00edfico, tal vez la crema tiene una excelente acci\u00f3n, pero debido al olor no puedo usarlo\u00bb.<\/p>\n<p>Sin embargo, un cuarto revisor expres\u00f3 su afici\u00f3n por el producto, afirmando: \u00abMe encanta el aroma y la sensaci\u00f3n de esta crema hidratante. Esto tiene m\u00faltiples usos y es tan buena calidad y textura\u00bb.<\/p>\n<\/div>\n\n","protected":false},"excerpt":{"rendered":"<p>La presentadora de Heart Radio, Amanda Holden, comparti\u00f3 anteriormente c\u00f3mo el Protectante de piel de crema de ocho horas de Elizabeth Arden es una gran parte de su rutina de belleza. Y en este momento, el cuidado de la piel Must-Have est\u00e1 a la venta en Amazon con un 40% de descuento. A Amanda le &hellip;<\/p>\n","protected":false},"author":1,"featured_media":26044,"comment_status":"open","ping_status":"open","sticky":false,"template":"","format":"standard","meta":{"fifu_image_url":"https:\/\/cdn.images.express.co.uk\/img\/dynamic\/12\/1200x630\/6142144.jpg","fifu_image_alt":"","footnotes":""},"categories":[763],"tags":[],"class_list":["post-26043","post","type-post","status-publish","format-standard","has-post-thumbnail","","category-estilo-de-vida"],"_links":{"self":[{"href":"https:\/\/noticiasveraces.com\/index.php?rest_route=\/wp\/v2\/posts\/26043","targetHints":{"allow":["GET"]}}],"collection":[{"href":"https:\/\/noticiasveraces.com\/index.php?rest_route=\/wp\/v2\/posts"}],"about":[{"href":"https:\/\/noticiasveraces.com\/index.php?rest_route=\/wp\/v2\/types\/post"}],"author":[{"embeddable":true,"href":"https:\/\/noticiasveraces.com\/index.php?rest_route=\/wp\/v2\/users\/1"}],"replies":[{"embeddable":true,"href":"https:\/\/noticiasveraces.com\/index.php?rest_route=%2Fwp%2Fv2%2Fcomments&post=26043"}],"version-history":[{"count":0,"href":"https:\/\/noticiasveraces.com\/index.php?rest_route=\/wp\/v2\/posts\/26043\/revisions"}],"wp:featuredmedia":[{"embeddable":true,"href":"https:\/\/noticiasveraces.com\/index.php?rest_route=\/wp\/v2\/media\/26044"}],"wp:attachment":[{"href":"https:\/\/noticiasveraces.com\/index.php?rest_route=%2Fwp%2Fv2%2Fmedia&parent=26043"}],"wp:term":[{"taxonomy":"category","embeddable":true,"href":"https:\/\/noticiasveraces.com\/index.php?rest_route=%2Fwp%2Fv2%2Fcategories&post=26043"},{"taxonomy":"post_tag","embeddable":true,"href":"https:\/\/noticiasveraces.com\/index.php?rest_route=%2Fwp%2Fv2%2Ftags&post=26043"}],"curies":[{"name":"wp","href":"https:\/\/api.w.org\/{rel}","templated":true}]}}