{"id":26025,"date":"2025-05-06T04:12:51","date_gmt":"2025-05-06T08:12:51","guid":{"rendered":"https:\/\/noticiasveraces.com\/?p=26025"},"modified":"2025-05-06T04:12:51","modified_gmt":"2025-05-06T08:12:51","slug":"relevo-con-obstaculos-en-el-gobierno-de-alemania-dw-06-05-2025","status":"publish","type":"post","link":"https:\/\/noticiasveraces.com\/?p=26025","title":{"rendered":"Relevo con obst\u00e1culos en el gobierno de Alemania \u2013 DW \u2013 06\/05\/2025"},"content":{"rendered":"<p> \n<\/p>\n<div id=\"liveblog-post-72444678\"><span class=\"hr9hvkd hb7nbxk seipclg b1ho1h07\">Ir a la siguiente secci\u00f3n Bundestag no elige a Friedrich Merz como nuevo canciller en primera votaci\u00f3n<\/span><svg xmlns=\"http:\/\/www.w3.org\/2000\/svg\" viewbox=\"0 0 20 20\" class=\"s1ly0d8v\"><g fill=\"none\" fill-rule=\"evenodd\" stroke=\"#002D5A\" stroke-width=\"2\"><path d=\"M4 9L4 16 11 16\" transform=\"rotate(45 7.5 12.5)\"\/><path stroke-linecap=\"square\" d=\"M3.5 12.5L17.5 12.5M17.5 12.5L17.5 5.5M17.5 5L12 5\"\/><\/g><\/svg><\/p>\n<p><span class=\"time-area s1i8qhb9 icns9en i1sf8oqe m1km9ap7 wgx1hx2 b1ho1h07\"><span class=\"publication icns9en i1sf8oqe m1km9ap7 wgx1hx2 b1ho1h07\"><time aria-hidden=\"true\">06\/05\/2025<\/time><span class=\"sr-only s28j2rd\">6 de mayo de 2025<\/span><\/span><\/span><\/p>\n<h2 class=\"hr9hvkd h16xqir8 seipclg b1ho1h07\">Bundestag no elige a Friedrich Merz como nuevo canciller en primera votaci\u00f3n<\/h2>\n<\/p>\n<div class=\"post-rich-text cc0m0op s1ebneao rich-text t1it8i9i r1wgtjne wgx1hx2 b1ho1h07\">\n<p>El l\u00edder de la conservadora Uni\u00f3n Cristiana Dem\u00f3crata de Alemania (CDU), Friedrich Merz, con consigui\u00f3 la mayor\u00eda necesaria en la primera votaci\u00f3n para ser elegido canciller de la Rep\u00fablica Federal de Alemania. Es la primera vez en la historia del pa\u00eds es que el candidato propuesto por el Bundestag no consigue la mayor\u00eda en primera votaci\u00f3n. (ARD)<\/p>\n<\/div>\n<p><span class=\"svdcmki\">https:\/\/p.dw.com\/p\/4tyay<\/span><\/p>\n<\/div>\n\n","protected":false},"excerpt":{"rendered":"<p>Ir a la siguiente secci\u00f3n Bundestag no elige a Friedrich Merz como nuevo canciller en primera votaci\u00f3n 06\/05\/20256 de mayo de 2025 Bundestag no elige a Friedrich Merz como nuevo canciller en primera votaci\u00f3n El l\u00edder de la conservadora Uni\u00f3n Cristiana Dem\u00f3crata de Alemania (CDU), Friedrich Merz, con consigui\u00f3 la mayor\u00eda necesaria en la primera &hellip;<\/p>\n","protected":false},"author":1,"featured_media":26026,"comment_status":"open","ping_status":"open","sticky":false,"template":"","format":"standard","meta":{"fifu_image_url":"https:\/\/static.dw.com\/image\/72378268_6.jpg","fifu_image_alt":"","footnotes":""},"categories":[13],"tags":[],"class_list":["post-26025","post","type-post","status-publish","format-standard","has-post-thumbnail","","category-mundo"],"_links":{"self":[{"href":"https:\/\/noticiasveraces.com\/index.php?rest_route=\/wp\/v2\/posts\/26025","targetHints":{"allow":["GET"]}}],"collection":[{"href":"https:\/\/noticiasveraces.com\/index.php?rest_route=\/wp\/v2\/posts"}],"about":[{"href":"https:\/\/noticiasveraces.com\/index.php?rest_route=\/wp\/v2\/types\/post"}],"author":[{"embeddable":true,"href":"https:\/\/noticiasveraces.com\/index.php?rest_route=\/wp\/v2\/users\/1"}],"replies":[{"embeddable":true,"href":"https:\/\/noticiasveraces.com\/index.php?rest_route=%2Fwp%2Fv2%2Fcomments&post=26025"}],"version-history":[{"count":0,"href":"https:\/\/noticiasveraces.com\/index.php?rest_route=\/wp\/v2\/posts\/26025\/revisions"}],"wp:featuredmedia":[{"embeddable":true,"href":"https:\/\/noticiasveraces.com\/index.php?rest_route=\/wp\/v2\/media\/26026"}],"wp:attachment":[{"href":"https:\/\/noticiasveraces.com\/index.php?rest_route=%2Fwp%2Fv2%2Fmedia&parent=26025"}],"wp:term":[{"taxonomy":"category","embeddable":true,"href":"https:\/\/noticiasveraces.com\/index.php?rest_route=%2Fwp%2Fv2%2Fcategories&post=26025"},{"taxonomy":"post_tag","embeddable":true,"href":"https:\/\/noticiasveraces.com\/index.php?rest_route=%2Fwp%2Fv2%2Ftags&post=26025"}],"curies":[{"name":"wp","href":"https:\/\/api.w.org\/{rel}","templated":true}]}}