{"id":25976,"date":"2025-05-05T19:01:11","date_gmt":"2025-05-05T23:01:11","guid":{"rendered":"https:\/\/noticiasveraces.com\/?p=25976"},"modified":"2025-05-05T19:01:11","modified_gmt":"2025-05-05T23:01:11","slug":"primer-ministro-dimite-tras-debacle-en-eleccion-dw-05-05-2025","status":"publish","type":"post","link":"https:\/\/noticiasveraces.com\/?p=25976","title":{"rendered":"primer ministro dimite tras debacle en elecci\u00f3n \u2013 DW \u2013 05\/05\/2025"},"content":{"rendered":"<p> \n<\/p>\n<div>\n<p>El primer ministro de Rumania, el socialdem\u00f3crata Marcel Ciolacu, anunci\u00f3 su dimisi\u00f3n como jefe de Gobierno este lunes (05.05.2025), un d\u00eda despu\u00e9s que el ultranacionalista George Simion arrasara en la primera vuelta de las elecciones presidenciales con el 40 % de los votos, dejando fuera de la carrera al candidato de los partidos gobernantes.<\/p>\n<p>\u00abEsta coalici\u00f3n ya no es leg\u00edtima, as\u00ed que presento mi renuncia\u00bb, declar\u00f3 Ciolacu a la prensa tras participar en una reuni\u00f3n con su partido PSD (socialdem\u00f3crata), que gobierna en coalici\u00f3n con el Nacional Liberal (PNL, de centroderecha) y la Uni\u00f3n Democr\u00e1tica de los H\u00fangaros de Rumania (UDMR).<\/p>\n<p>El l\u00edder socialdem\u00f3crata dijo que su partido abandona tambi\u00e9n la coalici\u00f3n en el poder, lo que significa que el gabinete actual permanecer\u00e1 previsiblemente en el poder de forma interina durante un m\u00e1ximo de 45 d\u00edas.<\/p>\n<p>Los medios locales citan fuentes de la coalici\u00f3n seg\u00fan las cuales es probable que el actual presidente (interino), Ilie Bolojan, designe al ministro de Educaci\u00f3n, el independiente Daniel David, como jefe de gobierno interino.<\/p>\n<h2>Metas inconclusas<\/h2>\n<p>Ciolacu record\u00f3 que la actual coalici\u00f3n de Gobierno se form\u00f3 despu\u00e9s de las elecciones parlamentarias de diciembre y despu\u00e9s de que el Tribunal Supremo cancelara la primera ronda de las elecciones presidenciales celebrada a fines de noviembre de 2024 debido a injerencias rusas, ordenando la repetici\u00f3n del proceso electoral, cuya primera ronda tuvo lugar el domingo pasado.<\/p>\n<p>Seg\u00fan el pol\u00edtico socialdem\u00f3crata, los dos principales objetivos de la alianza tripartita que subi\u00f3 al poder eran \u00abformar un gobierno con un primer ministro del PSD\u00bb y \u00abtener un candidato com\u00fan para el cargo de presidente de Rumania\u00bb, pero esta segunda meta no se logr\u00f3. Ciolacu se refiri\u00f3 as\u00ed al fracaso de Crin Antonescu, el candidato com\u00fan de PSD, PNL y UDMR, que qued\u00f3 tercero y con ello fuera de la segunda vuelta de la votaci\u00f3n, convocada para el 18 de mayo.<\/p>\n<p>En la recta final del recuento, Antonescu perdi\u00f3 con una diferencia inferior a un punto porcentual ante el independiente europe\u00edsta Nicusor Dan, actual alcalde de Bucarest, quien es ahora el \u00fanico rival de Simion.<\/p>\n<p>(Efe, AFP\/MN)<\/p>\n<\/p>\n<\/div>\n\n","protected":false},"excerpt":{"rendered":"<p>El primer ministro de Rumania, el socialdem\u00f3crata Marcel Ciolacu, anunci\u00f3 su dimisi\u00f3n como jefe de Gobierno este lunes (05.05.2025), un d\u00eda despu\u00e9s que el ultranacionalista George Simion arrasara en la primera vuelta de las elecciones presidenciales con el 40 % de los votos, dejando fuera de la carrera al candidato de los partidos gobernantes. \u00abEsta &hellip;<\/p>\n","protected":false},"author":1,"featured_media":25977,"comment_status":"open","ping_status":"open","sticky":false,"template":"","format":"standard","meta":{"fifu_image_url":"https:\/\/static.dw.com\/image\/68413450_6.jpg","fifu_image_alt":"","footnotes":""},"categories":[13],"tags":[],"class_list":["post-25976","post","type-post","status-publish","format-standard","has-post-thumbnail","","category-mundo"],"_links":{"self":[{"href":"https:\/\/noticiasveraces.com\/index.php?rest_route=\/wp\/v2\/posts\/25976","targetHints":{"allow":["GET"]}}],"collection":[{"href":"https:\/\/noticiasveraces.com\/index.php?rest_route=\/wp\/v2\/posts"}],"about":[{"href":"https:\/\/noticiasveraces.com\/index.php?rest_route=\/wp\/v2\/types\/post"}],"author":[{"embeddable":true,"href":"https:\/\/noticiasveraces.com\/index.php?rest_route=\/wp\/v2\/users\/1"}],"replies":[{"embeddable":true,"href":"https:\/\/noticiasveraces.com\/index.php?rest_route=%2Fwp%2Fv2%2Fcomments&post=25976"}],"version-history":[{"count":0,"href":"https:\/\/noticiasveraces.com\/index.php?rest_route=\/wp\/v2\/posts\/25976\/revisions"}],"wp:featuredmedia":[{"embeddable":true,"href":"https:\/\/noticiasveraces.com\/index.php?rest_route=\/wp\/v2\/media\/25977"}],"wp:attachment":[{"href":"https:\/\/noticiasveraces.com\/index.php?rest_route=%2Fwp%2Fv2%2Fmedia&parent=25976"}],"wp:term":[{"taxonomy":"category","embeddable":true,"href":"https:\/\/noticiasveraces.com\/index.php?rest_route=%2Fwp%2Fv2%2Fcategories&post=25976"},{"taxonomy":"post_tag","embeddable":true,"href":"https:\/\/noticiasveraces.com\/index.php?rest_route=%2Fwp%2Fv2%2Ftags&post=25976"}],"curies":[{"name":"wp","href":"https:\/\/api.w.org\/{rel}","templated":true}]}}