{"id":25921,"date":"2025-05-05T10:50:44","date_gmt":"2025-05-05T14:50:44","guid":{"rendered":"https:\/\/noticiasveraces.com\/?p=25921"},"modified":"2025-05-05T10:50:44","modified_gmt":"2025-05-05T14:50:44","slug":"nicaragua-abandona-la-unesco-en-protesta-por-el-premio-al-diario-la-prensa","status":"publish","type":"post","link":"https:\/\/noticiasveraces.com\/?p=25921","title":{"rendered":"Nicaragua abandona la Unesco en protesta por el premio al diario &#8216;La Prensa&#8217;"},"content":{"rendered":"<p> \n<br \/><img decoding=\"async\" src=\"https:\/\/s.france24.com\/media\/display\/acc59444-10c1-11f0-a199-005056a90284\/w:1024\/p:16x9\/000_33PD6V3.jpg\" \/><br \/>Nicaragua notific\u00f3 a la Unesco su retirada de la organizaci\u00f3n en protesta por la reciente atribuci\u00f3n al peri\u00f3dico nicarag\u00fcense &#8216;La Prensa&#8217; de su Premio Mundial a la Libertad de Prensa, seg\u00fan informaron este domingo fuentes de la agencia de la ONU para la Educaci\u00f3n, la Ciencia y la Cultura.<br \/>\n<br \/>\n","protected":false},"excerpt":{"rendered":"<p>Nicaragua notific\u00f3 a la Unesco su retirada de la organizaci\u00f3n en protesta por la reciente atribuci\u00f3n al peri\u00f3dico nicarag\u00fcense &#8216;La Prensa&#8217; de su Premio Mundial a la Libertad de Prensa, seg\u00fan informaron este domingo fuentes de la agencia de la ONU para la Educaci\u00f3n, la Ciencia y la Cultura.<\/p>\n","protected":false},"author":1,"featured_media":25925,"comment_status":"open","ping_status":"open","sticky":false,"template":"","format":"standard","meta":{"fifu_image_url":"https:\/\/s.france24.com\/media\/display\/acc59444-10c1-11f0-a199-005056a90284\/w:1024\/p:16x9\/000_33PD6V3.jpg","fifu_image_alt":"","footnotes":""},"categories":[13],"tags":[],"class_list":["post-25921","post","type-post","status-publish","format-standard","has-post-thumbnail","","category-mundo"],"_links":{"self":[{"href":"https:\/\/noticiasveraces.com\/index.php?rest_route=\/wp\/v2\/posts\/25921","targetHints":{"allow":["GET"]}}],"collection":[{"href":"https:\/\/noticiasveraces.com\/index.php?rest_route=\/wp\/v2\/posts"}],"about":[{"href":"https:\/\/noticiasveraces.com\/index.php?rest_route=\/wp\/v2\/types\/post"}],"author":[{"embeddable":true,"href":"https:\/\/noticiasveraces.com\/index.php?rest_route=\/wp\/v2\/users\/1"}],"replies":[{"embeddable":true,"href":"https:\/\/noticiasveraces.com\/index.php?rest_route=%2Fwp%2Fv2%2Fcomments&post=25921"}],"version-history":[{"count":0,"href":"https:\/\/noticiasveraces.com\/index.php?rest_route=\/wp\/v2\/posts\/25921\/revisions"}],"wp:featuredmedia":[{"embeddable":true,"href":"https:\/\/noticiasveraces.com\/index.php?rest_route=\/wp\/v2\/media\/25925"}],"wp:attachment":[{"href":"https:\/\/noticiasveraces.com\/index.php?rest_route=%2Fwp%2Fv2%2Fmedia&parent=25921"}],"wp:term":[{"taxonomy":"category","embeddable":true,"href":"https:\/\/noticiasveraces.com\/index.php?rest_route=%2Fwp%2Fv2%2Fcategories&post=25921"},{"taxonomy":"post_tag","embeddable":true,"href":"https:\/\/noticiasveraces.com\/index.php?rest_route=%2Fwp%2Fv2%2Ftags&post=25921"}],"curies":[{"name":"wp","href":"https:\/\/api.w.org\/{rel}","templated":true}]}}