{"id":25913,"date":"2025-05-05T09:50:14","date_gmt":"2025-05-05T13:50:14","guid":{"rendered":"https:\/\/noticiasveraces.com\/?p=25913"},"modified":"2025-05-05T09:50:14","modified_gmt":"2025-05-05T13:50:14","slug":"pistorius-seguira-siendo-ministro-de-defensa-de-alemania-dw-05-05-2025","status":"publish","type":"post","link":"https:\/\/noticiasveraces.com\/?p=25913","title":{"rendered":"Pistorius seguir\u00e1 siendo ministro de Defensa de Alemania \u2013 DW \u2013 05\/05\/2025"},"content":{"rendered":"<p> \n<\/p>\n<div>\n<p>El ministro de Defensa alem\u00e1n saliente, Boris Pistorius, del Partido Socialdem\u00f3crata Alem\u00e1n (SPD), conocido por respaldar firmemente a Ucrania\u00a0en la guerra de invasi\u00f3n iniciada por Rusia, seguir\u00e1 en su puesto en el nuevo gobierno de coalici\u00f3n de Alemania, que asumir\u00e1 sus funciones el martes (6.05.2025), anunci\u00f3 su partido este lunes, 5 de mayo.<\/p>\n<p>Boris Pistorius supervisar\u00e1 un programa sin precedentes de rearme de Alemania valorado en varios cientos de miles de millones de euros, que apunta a independizar militarmente al pa\u00eds de Estados Unidos, tras el repliegue estrat\u00e9gico en Europa iniciado por la administraci\u00f3n del presidente estadounidense Donald Trump.<\/p>\n<p>Boris Pistorius conserva su Ministerio despu\u00e9s de la haza\u00f1a de convertirse en el responsable pol\u00edtico m\u00e1s popular de Alemania, un pa\u00eds durante mucho tiempo pacifista y desconfiado de sus Fuerzas Armadas.<\/p>\n<p>Pistorius, un exministro regional casi desconocido antes de su nombramiento en 2023, convenci\u00f3 tanto a la poblaci\u00f3n como a los militares por su franqueza y dinamismo en un puesto clave en un momento en el que la Bundeswehr (Defensa Federal), como se llama a las Fuerzas Armadas, debe rearmarse frente a la amenaza rusa.<\/p>\n<p>Oriundo de Osnabr\u00fcck (norte), ciudad de la que fue alcalde, este exabogado administrar\u00e1 un presupuesto in\u00e9dito para continuar la modernizaci\u00f3n de las Fuerzas Armadas.<\/p>\n<p>El a\u00f1o pasado, Pistorius escandaliz\u00f3 a muchos pacifistas de su propio partido al declarar que hab\u00eda que devolverle a la Bundeswehr \u00absu capacidad de hacer la guerra\u00bb.<\/p>\n<figure class=\"placeholder-image master_landscape big\"><img data-format=\"MASTER_LANDSCAPE\" data-id=\"72248579\" data-url=\"https:\/\/static.dw.com\/image\/72248579_${formatId}.jpg\" data-aspect-ratio=\"16\/9\" alt=\"Pol\u00edticos socialdem\u00f3cratas alemanes: Lars Klingbel, futuro ministro de Finanzas y vicecanciller, Manuela Schwesig, jefa de Gobierno de Mecklenburgo-Pomerania Occidental, Boris Pistorius, actual y futuro ministro de Defensa, y Saskia Esken, copresidenta del SPD junto a Lars Klingbeil.\" style=\"padding-bottom: 56.25%; height: 0; max-height: 0;\"\/><figcaption class=\"img-caption\">De izqda. a dcha., los socialdem\u00f3cratas Lars Klingbel, futuro ministro de Finanzas y vicecanciller, Manuela Schwesig, jefa de Gobierno de Mecklenburgo-Pomerania Occidental, Boris Pistorius, actual y futuro ministro de Defensa, y Saskia Esken, copresidenta del SPD junto a Lars Klingbeil.<small class=\"copyright\">Im\u00e1genes: Moritz Frankenberg\/DPA\/Picture Alliance<\/small><\/figcaption><\/figure>\n<h2>Cargos ministeriales para la socialdemocracia y conservadores alemanes<\/h2>\n<p>Boris Pistorius es uno de los siete ministros socialdem\u00f3cratas que formar\u00e1n parte del gobierno de coalici\u00f3n con los conservadores del futuro canciller Friedrich Merz, tras las elecciones parlamentarias anticipadas de febrero.<\/p>\n<p><span data-slot-id=\"Article_InContent-1\" class=\"rich-text-ad\"\/><\/p>\n<p>Los socialdem\u00f3cratas tambi\u00e9n ocupar\u00e1n el Ministerio de Finanzas con el presidente del partido, Lars Klingbeil, cuyo nombramiento ya se hab\u00eda anunciado, as\u00ed como los ministerios de Medio Ambiente, Trabajo y Justicia, entre otros.<\/p>\n<p>Por su parte, los conservadores de los partidos dem\u00f3cratacristiano (CDU) y socialcristiano (CSU) dispondr\u00e1n de diez ministros en el nuevo gobierno, entre ellos el de Relaciones Exteriores, que estar\u00e1 a cargo de Johann Wadephul, otro ferviente partidario de Ucrania.<\/p>\n<p>El presidente de la CDU, Friedrich Merz, ser\u00e1 elegido Canciller el martes por los diputados en remplazo del socialdem\u00f3crata\u00a0 Olaf Scholz, jefe de gobierno desde el 8 de diciembre de 2021.<\/p>\n<p>CP (AFP, DPA, RTR)<\/p>\n<\/div>\n\n","protected":false},"excerpt":{"rendered":"<p>El ministro de Defensa alem\u00e1n saliente, Boris Pistorius, del Partido Socialdem\u00f3crata Alem\u00e1n (SPD), conocido por respaldar firmemente a Ucrania\u00a0en la guerra de invasi\u00f3n iniciada por Rusia, seguir\u00e1 en su puesto en el nuevo gobierno de coalici\u00f3n de Alemania, que asumir\u00e1 sus funciones el martes (6.05.2025), anunci\u00f3 su partido este lunes, 5 de mayo. Boris Pistorius &hellip;<\/p>\n","protected":false},"author":1,"featured_media":25914,"comment_status":"open","ping_status":"open","sticky":false,"template":"","format":"standard","meta":{"fifu_image_url":"https:\/\/static.dw.com\/image\/72214201_6.jpg","fifu_image_alt":"","footnotes":""},"categories":[13],"tags":[],"class_list":["post-25913","post","type-post","status-publish","format-standard","has-post-thumbnail","","category-mundo"],"_links":{"self":[{"href":"https:\/\/noticiasveraces.com\/index.php?rest_route=\/wp\/v2\/posts\/25913","targetHints":{"allow":["GET"]}}],"collection":[{"href":"https:\/\/noticiasveraces.com\/index.php?rest_route=\/wp\/v2\/posts"}],"about":[{"href":"https:\/\/noticiasveraces.com\/index.php?rest_route=\/wp\/v2\/types\/post"}],"author":[{"embeddable":true,"href":"https:\/\/noticiasveraces.com\/index.php?rest_route=\/wp\/v2\/users\/1"}],"replies":[{"embeddable":true,"href":"https:\/\/noticiasveraces.com\/index.php?rest_route=%2Fwp%2Fv2%2Fcomments&post=25913"}],"version-history":[{"count":0,"href":"https:\/\/noticiasveraces.com\/index.php?rest_route=\/wp\/v2\/posts\/25913\/revisions"}],"wp:featuredmedia":[{"embeddable":true,"href":"https:\/\/noticiasveraces.com\/index.php?rest_route=\/wp\/v2\/media\/25914"}],"wp:attachment":[{"href":"https:\/\/noticiasveraces.com\/index.php?rest_route=%2Fwp%2Fv2%2Fmedia&parent=25913"}],"wp:term":[{"taxonomy":"category","embeddable":true,"href":"https:\/\/noticiasveraces.com\/index.php?rest_route=%2Fwp%2Fv2%2Fcategories&post=25913"},{"taxonomy":"post_tag","embeddable":true,"href":"https:\/\/noticiasveraces.com\/index.php?rest_route=%2Fwp%2Fv2%2Ftags&post=25913"}],"curies":[{"name":"wp","href":"https:\/\/api.w.org\/{rel}","templated":true}]}}