{"id":25905,"date":"2025-05-05T07:46:09","date_gmt":"2025-05-05T11:46:09","guid":{"rendered":"https:\/\/noticiasveraces.com\/?p=25905"},"modified":"2025-05-05T07:46:09","modified_gmt":"2025-05-05T11:46:09","slug":"afd-impugna-juridicamente-clasificacion-de-extrema-derecha-dw-05-05-2025","status":"publish","type":"post","link":"https:\/\/noticiasveraces.com\/?p=25905","title":{"rendered":"AfD impugna jur\u00eddicamente clasificaci\u00f3n de \u00abextrema derecha\u00bb \u2013 DW \u2013 05\/05\/2025"},"content":{"rendered":"<p> \n<\/p>\n<div>\n<p>Un tribunal alem\u00e1n inform\u00f3 que el partido de extrema derecha Alternativa para Alemania (AfD)\u00a0 present\u00f3 una demanda impugnando la decisi\u00f3n de la Oficina Federal para la Protecci\u00f3n de la Constituci\u00f3n (BfV) de clasificarlo como organizaci\u00f3n extremista.<\/p>\n<p>Un portavoz del tribunal administrativo de Colonia afirm\u00f3 que se presentaron la demanda y la correspondiente petici\u00f3n de urgencia, y que ambas ser\u00e1n revisadas una vez que la agencia de inteligencia nacional BfV confirme su notificaci\u00f3n.<\/p>\n<p>La clasificaci\u00f3n como extremista anunciada el viernes permite a la agencia de espionaje intensificar la vigilancia de AfD, el mayor partido de la oposici\u00f3n en el parlamento, por ejemplo, reclutando informantes e interceptando las comunicaciones del partido.<\/p>\n<p>El informe pericial de 1.100 p\u00e1ginas de la agencia, que no se har\u00e1 p\u00fablico, determin\u00f3 que AfD es una organizaci\u00f3n racista y antimusulmana.<\/p>\n<h2><strong>Debate sobre prohibici\u00f3n total<\/strong><\/h2>\n<p>El parlamento alem\u00e1n podr\u00eda ahora intentar limitar o suspender la financiaci\u00f3n p\u00fablica de AfD. El gobierno entrante tambi\u00e9n evaluar\u00e1 si intentar\u00e1 prohibir el partido por completo, seg\u00fan declar\u00f3 la semana pasada el l\u00edder del SPD, Lars Klingbeil.<\/p>\n<p>La AfD ha denunciado la designaci\u00f3n como un intento con motivaciones pol\u00edticas de desacreditarla y criminalizarla. Su demanda se produce un d\u00eda antes de la elecci\u00f3n del l\u00edder conservador Friedrich Merz como canciller por la C\u00e1mara Baja y en medio de un acalorado debate dentro de su partido sobre c\u00f3mo tratar con la AfD.<\/p>\n<p>el(Reuters, DPA)<\/p>\n<\/div>\n\n","protected":false},"excerpt":{"rendered":"<p>Un tribunal alem\u00e1n inform\u00f3 que el partido de extrema derecha Alternativa para Alemania (AfD)\u00a0 present\u00f3 una demanda impugnando la decisi\u00f3n de la Oficina Federal para la Protecci\u00f3n de la Constituci\u00f3n (BfV) de clasificarlo como organizaci\u00f3n extremista. Un portavoz del tribunal administrativo de Colonia afirm\u00f3 que se presentaron la demanda y la correspondiente petici\u00f3n de urgencia, &hellip;<\/p>\n","protected":false},"author":1,"featured_media":25906,"comment_status":"open","ping_status":"open","sticky":false,"template":"","format":"standard","meta":{"fifu_image_url":"https:\/\/static.dw.com\/image\/72414444_6.jpg","fifu_image_alt":"","footnotes":""},"categories":[13],"tags":[],"class_list":["post-25905","post","type-post","status-publish","format-standard","has-post-thumbnail","","category-mundo"],"_links":{"self":[{"href":"https:\/\/noticiasveraces.com\/index.php?rest_route=\/wp\/v2\/posts\/25905","targetHints":{"allow":["GET"]}}],"collection":[{"href":"https:\/\/noticiasveraces.com\/index.php?rest_route=\/wp\/v2\/posts"}],"about":[{"href":"https:\/\/noticiasveraces.com\/index.php?rest_route=\/wp\/v2\/types\/post"}],"author":[{"embeddable":true,"href":"https:\/\/noticiasveraces.com\/index.php?rest_route=\/wp\/v2\/users\/1"}],"replies":[{"embeddable":true,"href":"https:\/\/noticiasveraces.com\/index.php?rest_route=%2Fwp%2Fv2%2Fcomments&post=25905"}],"version-history":[{"count":0,"href":"https:\/\/noticiasveraces.com\/index.php?rest_route=\/wp\/v2\/posts\/25905\/revisions"}],"wp:featuredmedia":[{"embeddable":true,"href":"https:\/\/noticiasveraces.com\/index.php?rest_route=\/wp\/v2\/media\/25906"}],"wp:attachment":[{"href":"https:\/\/noticiasveraces.com\/index.php?rest_route=%2Fwp%2Fv2%2Fmedia&parent=25905"}],"wp:term":[{"taxonomy":"category","embeddable":true,"href":"https:\/\/noticiasveraces.com\/index.php?rest_route=%2Fwp%2Fv2%2Fcategories&post=25905"},{"taxonomy":"post_tag","embeddable":true,"href":"https:\/\/noticiasveraces.com\/index.php?rest_route=%2Fwp%2Fv2%2Ftags&post=25905"}],"curies":[{"name":"wp","href":"https:\/\/api.w.org\/{rel}","templated":true}]}}