{"id":25894,"date":"2025-05-05T06:45:39","date_gmt":"2025-05-05T10:45:39","guid":{"rendered":"https:\/\/noticiasveraces.com\/?p=25894"},"modified":"2025-05-05T06:45:39","modified_gmt":"2025-05-05T10:45:39","slug":"partidos-firman-acuerdo-para-formar-gobierno-en-alemania-dw-05-05-2025","status":"publish","type":"post","link":"https:\/\/noticiasveraces.com\/?p=25894","title":{"rendered":"Partidos firman acuerdo para formar gobierno en Alemania \u2013 DW \u2013 05\/05\/2025"},"content":{"rendered":"<p> \n<\/p>\n<div>\n<p>El bloque conservador, formado por la Uni\u00f3n Cristianodem\u00f3crata (CDU) y la Uni\u00f3n Socialcristiana (CSU) b\u00e1vara, y los socialdem\u00f3cratas firmaron este lunes el acuerdo de coalici\u00f3n del Gobierno alem\u00e1n, un requisito previo a la elecci\u00f3n como nuevo canciller este martes en la C\u00e1mara Baja del Parlamento del cristianodem\u00f3crata Frierich Merz.<\/p>\n<p><em>Noticia en desarrollo&#8230;<\/em><\/p>\n<p>el(EFE, DPA)<\/p>\n<\/div>\n\n","protected":false},"excerpt":{"rendered":"<p>El bloque conservador, formado por la Uni\u00f3n Cristianodem\u00f3crata (CDU) y la Uni\u00f3n Socialcristiana (CSU) b\u00e1vara, y los socialdem\u00f3cratas firmaron este lunes el acuerdo de coalici\u00f3n del Gobierno alem\u00e1n, un requisito previo a la elecci\u00f3n como nuevo canciller este martes en la C\u00e1mara Baja del Parlamento del cristianodem\u00f3crata Frierich Merz. Noticia en desarrollo&#8230; el(EFE, DPA)<\/p>\n","protected":false},"author":1,"featured_media":25895,"comment_status":"open","ping_status":"open","sticky":false,"template":"","format":"standard","meta":{"fifu_image_url":"https:\/\/static.dw.com\/image\/72436684_6.jpg","fifu_image_alt":"","footnotes":""},"categories":[13],"tags":[],"class_list":["post-25894","post","type-post","status-publish","format-standard","has-post-thumbnail","","category-mundo"],"_links":{"self":[{"href":"https:\/\/noticiasveraces.com\/index.php?rest_route=\/wp\/v2\/posts\/25894","targetHints":{"allow":["GET"]}}],"collection":[{"href":"https:\/\/noticiasveraces.com\/index.php?rest_route=\/wp\/v2\/posts"}],"about":[{"href":"https:\/\/noticiasveraces.com\/index.php?rest_route=\/wp\/v2\/types\/post"}],"author":[{"embeddable":true,"href":"https:\/\/noticiasveraces.com\/index.php?rest_route=\/wp\/v2\/users\/1"}],"replies":[{"embeddable":true,"href":"https:\/\/noticiasveraces.com\/index.php?rest_route=%2Fwp%2Fv2%2Fcomments&post=25894"}],"version-history":[{"count":0,"href":"https:\/\/noticiasveraces.com\/index.php?rest_route=\/wp\/v2\/posts\/25894\/revisions"}],"wp:featuredmedia":[{"embeddable":true,"href":"https:\/\/noticiasveraces.com\/index.php?rest_route=\/wp\/v2\/media\/25895"}],"wp:attachment":[{"href":"https:\/\/noticiasveraces.com\/index.php?rest_route=%2Fwp%2Fv2%2Fmedia&parent=25894"}],"wp:term":[{"taxonomy":"category","embeddable":true,"href":"https:\/\/noticiasveraces.com\/index.php?rest_route=%2Fwp%2Fv2%2Fcategories&post=25894"},{"taxonomy":"post_tag","embeddable":true,"href":"https:\/\/noticiasveraces.com\/index.php?rest_route=%2Fwp%2Fv2%2Ftags&post=25894"}],"curies":[{"name":"wp","href":"https:\/\/api.w.org\/{rel}","templated":true}]}}